{"id":909,"date":"2017-03-31T15:43:12","date_gmt":"2017-03-31T19:43:12","guid":{"rendered":"https:\/\/www.hortcouncil.ca\/?p=909"},"modified":"2024-09-18T16:04:19","modified_gmt":"2024-09-18T20:04:19","slug":"le-president-du-comite-permanent-de-la-chambre-des-communes-de-lagriculture-et-de-lagroalimentaire-ecrit-une-lettre-a-la-ministre-de-la-sante-au-sujet-de-la-reevaluation-de-l","status":"publish","type":"post","link":"https:\/\/fvgc.ca\/fr\/2017\/03\/31\/le-president-du-comite-permanent-de-la-chambre-des-communes-de-lagriculture-et-de-lagroalimentaire-ecrit-une-lettre-a-la-ministre-de-la-sante-au-sujet-de-la-reevaluation-de-l\/","title":{"rendered":"Le pr\u00e9sident du Comit\u00e9 permanent de la Chambre des communes de l\u2019agriculture et de l\u2019agroalimentaire \u00e9crit une lettre \u00e0 la ministre de la Sant\u00e9 au sujet de la r\u00e9\u00e9valuation de l\u2019imidaclopride"},"content":{"rendered":"<div class=\"entry-content\">\n<p>Le pr\u00e9sident du Comit\u00e9 permanent de la Chambre des communes de l\u2019agriculture et de l\u2019agroalimentaire, Pat Finnigan, a \u00e9crit r\u00e9cemment une lettre \u00e0 la ministre de la Sant\u00e9, l\u2019honorable Jane Philpott, au sujet de la r\u00e9\u00e9valuation propos\u00e9e de l\u2019imidaclopride par l\u2019Agence de r\u00e9glementation de la lutte antiparasitaire (ARLA). Dans sa lettre, M. Finnigan soul\u00e8ve des pr\u00e9occupations concernant le manque de transparence du processus de l\u2019ARLA et indique qu\u2019un dialogue avec les intervenants doit \u00eatre entam\u00e9 plus t\u00f4t dans le processus de r\u00e9\u00e9valuation, avant qu\u2019une d\u00e9cision ne soit publi\u00e9e, pour favoriser l\u2019obtention d\u2019avis scientifiques et de nouvelles donn\u00e9es. Au sujet de la r\u00e9\u00e9valuation propos\u00e9e elle-m\u00eame, M. Finnigan note ce qui suit\u00a0:<\/p>\n<blockquote><p>\u201cLes fermiers et les titulaires d\u2019homologation de pesticides craignent que l\u2019abandon de l\u2019imidaclopride force les fermiers \u00e0 utiliser des quantit\u00e9s encore plus importantes de pesticides inefficaces et ne cause des dommages encore plus importants \u00e0 l\u2019environnement ainsi que des effets n\u00e9fastes chez les utilisateurs. Les effets sur l\u2019environnement et la sant\u00e9 li\u00e9s \u00e0 l\u2019utilisation d\u2019autres produits ne semblent pas avoir \u00e9t\u00e9 pris en compte dans le cadre de la r\u00e9\u00e9valuation de l\u2019imidaclopride.<\/p>\n<p>La perte de l\u2019imidaclopride demeure une importante pr\u00e9occupation pour le secteur agricole, et le Comit\u00e9 esp\u00e8re que vous tiendrez compte de nos observations au moment de rendre votre d\u00e9cision sur la r\u00e9\u00e9valuation de l\u2019imidaclopride.\u201d<\/p><\/blockquote>\n<p>La lettre de M. Finnigan se fondait sur les audiences publiques qui se sont tenues le 7 et le 9 mars 2017. Nous remercions Justine Taylor, de l\u2019Ontario Greenhouse Vegetable Growers, et M. Craig Hunter, de l\u2019Ontario Fruit and Vegetable Growers\u2019 Association, de leur pr\u00e9cieux t\u00e9moignage. Le Conseil canadien de l\u2019horticulture a effectu\u00e9 depuis son enqu\u00eate aupr\u00e8s des producteurs au sujet de l\u2019utilisation de l\u2019imidaclopride et a soumis son rapport \u00e0 l\u2019ARLA. Les donn\u00e9es collect\u00e9es permettent d\u2019\u00e9clairer l\u2019ARLA sur les mod\u00e8les courants d\u2019utilisation en appui \u00e0 une r\u00e9vision de la d\u00e9cision concernant la r\u00e9\u00e9valuation.<\/p>\n<p>T\u00e9l\u00e9chargez la lettre du Comit\u00e9 permanent \u00e0 la ministre de la Sant\u00e9<\/p>\n<\/div>","protected":false},"excerpt":{"rendered":"<p>Le pr\u00e9sident du Comit\u00e9 permanent de la Chambre des communes de l\u2019agriculture et de l\u2019agroalimentaire, Pat Finnigan, a \u00e9crit r\u00e9cemment une lettre \u00e0 la ministre de la Sant\u00e9, l\u2019honorable Jane Philpott, au sujet de la r\u00e9\u00e9valuation propos\u00e9e de l\u2019imidaclopride par l\u2019Agence de r\u00e9glementation de la lutte antiparasitaire (ARLA). Dans sa lettre, M. Finnigan soul\u00e8ve des [&hellip;]<\/p>\n","protected":false},"author":5,"featured_media":907,"comment_status":"closed","ping_status":"open","sticky":false,"template":"","format":"standard","meta":{"_et_pb_use_builder":"","_et_pb_old_content":"","_et_gb_content_width":"","footnotes":""},"categories":[23],"tags":[],"class_list":["post-909","post","type-post","status-publish","format-standard","has-post-thumbnail","hentry","category-actualites"],"yoast_head":"<!-- This site is optimized with the Yoast SEO plugin v27.4 - https:\/\/yoast.com\/product\/yoast-seo-wordpress\/ -->\n<title>Le pr\u00e9sident du Comit\u00e9 permanent de la Chambre des communes de l\u2019agriculture et de l\u2019agroalimentaire \u00e9crit une lettre \u00e0 la ministre de la Sant\u00e9 au sujet de la r\u00e9\u00e9valuation de l\u2019imidaclopride - FVGC<\/title>\n<meta name=\"robots\" content=\"index, follow, max-snippet:-1, max-image-preview:large, max-video-preview:-1\" \/>\n<link rel=\"canonical\" href=\"https:\/\/fvgc.ca\/fr\/2017\/03\/31\/le-president-du-comite-permanent-de-la-chambre-des-communes-de-lagriculture-et-de-lagroalimentaire-ecrit-une-lettre-a-la-ministre-de-la-sante-au-sujet-de-la-reevaluation-de-l\/\" \/>\n<meta property=\"og:locale\" content=\"fr_CA\" \/>\n<meta property=\"og:type\" content=\"article\" \/>\n<meta property=\"og:title\" content=\"Le pr\u00e9sident du Comit\u00e9 permanent de la Chambre des communes de l\u2019agriculture et de l\u2019agroalimentaire \u00e9crit une lettre \u00e0 la ministre de la Sant\u00e9 au sujet de la r\u00e9\u00e9valuation de l\u2019imidaclopride - FVGC\" \/>\n<meta property=\"og:description\" content=\"Le pr\u00e9sident du Comit\u00e9 permanent de la Chambre des communes de l\u2019agriculture et de l\u2019agroalimentaire, Pat Finnigan, a \u00e9crit r\u00e9cemment une lettre \u00e0 la ministre de la Sant\u00e9, l\u2019honorable Jane Philpott, au sujet de la r\u00e9\u00e9valuation propos\u00e9e de l\u2019imidaclopride par l\u2019Agence de r\u00e9glementation de la lutte antiparasitaire (ARLA). Dans sa lettre, M. Finnigan soul\u00e8ve des [&hellip;]\" \/>\n<meta property=\"og:url\" content=\"https:\/\/fvgc.ca\/fr\/2017\/03\/31\/le-president-du-comite-permanent-de-la-chambre-des-communes-de-lagriculture-et-de-lagroalimentaire-ecrit-une-lettre-a-la-ministre-de-la-sante-au-sujet-de-la-reevaluation-de-l\/\" \/>\n<meta property=\"og:site_name\" content=\"FVGC\" \/>\n<meta property=\"article:published_time\" content=\"2017-03-31T19:43:12+00:00\" \/>\n<meta property=\"article:modified_time\" content=\"2024-09-18T20:04:19+00:00\" \/>\n<meta name=\"author\" content=\"Ashley Peyrard\" \/>\n<meta name=\"twitter:card\" content=\"summary_large_image\" \/>\n<meta name=\"twitter:label1\" content=\"\u00c9crit par\" \/>\n\t<meta name=\"twitter:data1\" content=\"Ashley Peyrard\" \/>\n\t<meta name=\"twitter:label2\" content=\"Estimation du temps de lecture\" \/>\n\t<meta name=\"twitter:data2\" content=\"2 minutes\" \/>\n<script type=\"application\/ld+json\" class=\"yoast-schema-graph\">{\"@context\":\"https:\\\/\\\/schema.org\",\"@graph\":[{\"@type\":\"Article\",\"@id\":\"https:\\\/\\\/fvgc.ca\\\/2017\\\/03\\\/31\\\/le-president-du-comite-permanent-de-la-chambre-des-communes-de-lagriculture-et-de-lagroalimentaire-ecrit-une-lettre-a-la-ministre-de-la-sante-au-sujet-de-la-reevaluation-de-l\\\/#article\",\"isPartOf\":{\"@id\":\"https:\\\/\\\/fvgc.ca\\\/2017\\\/03\\\/31\\\/le-president-du-comite-permanent-de-la-chambre-des-communes-de-lagriculture-et-de-lagroalimentaire-ecrit-une-lettre-a-la-ministre-de-la-sante-au-sujet-de-la-reevaluation-de-l\\\/\"},\"author\":{\"name\":\"Ashley Peyrard\",\"@id\":\"https:\\\/\\\/fvgc.ca\\\/#\\\/schema\\\/person\\\/5d5ec6451ef7dc9293fb481d46af0c11\"},\"headline\":\"Le pr\u00e9sident du Comit\u00e9 permanent de la Chambre des communes de l\u2019agriculture et de l\u2019agroalimentaire \u00e9crit une lettre \u00e0 la ministre de la Sant\u00e9 au sujet de la r\u00e9\u00e9valuation de l\u2019imidaclopride\",\"datePublished\":\"2017-03-31T19:43:12+00:00\",\"dateModified\":\"2024-09-18T20:04:19+00:00\",\"mainEntityOfPage\":{\"@id\":\"https:\\\/\\\/fvgc.ca\\\/2017\\\/03\\\/31\\\/le-president-du-comite-permanent-de-la-chambre-des-communes-de-lagriculture-et-de-lagroalimentaire-ecrit-une-lettre-a-la-ministre-de-la-sante-au-sujet-de-la-reevaluation-de-l\\\/\"},\"wordCount\":411,\"image\":{\"@id\":\"https:\\\/\\\/fvgc.ca\\\/2017\\\/03\\\/31\\\/le-president-du-comite-permanent-de-la-chambre-des-communes-de-lagriculture-et-de-lagroalimentaire-ecrit-une-lettre-a-la-ministre-de-la-sante-au-sujet-de-la-reevaluation-de-l\\\/#primaryimage\"},\"thumbnailUrl\":\"\",\"articleSection\":[\"Actualit\u00e9s\"],\"inLanguage\":\"fr-CA\"},{\"@type\":\"WebPage\",\"@id\":\"https:\\\/\\\/fvgc.ca\\\/2017\\\/03\\\/31\\\/le-president-du-comite-permanent-de-la-chambre-des-communes-de-lagriculture-et-de-lagroalimentaire-ecrit-une-lettre-a-la-ministre-de-la-sante-au-sujet-de-la-reevaluation-de-l\\\/\",\"url\":\"https:\\\/\\\/fvgc.ca\\\/2017\\\/03\\\/31\\\/le-president-du-comite-permanent-de-la-chambre-des-communes-de-lagriculture-et-de-lagroalimentaire-ecrit-une-lettre-a-la-ministre-de-la-sante-au-sujet-de-la-reevaluation-de-l\\\/\",\"name\":\"Le pr\u00e9sident du Comit\u00e9 permanent de la Chambre des communes de l\u2019agriculture et de l\u2019agroalimentaire \u00e9crit une lettre \u00e0 la ministre de la Sant\u00e9 au sujet de la r\u00e9\u00e9valuation de l\u2019imidaclopride - FVGC\",\"isPartOf\":{\"@id\":\"https:\\\/\\\/fvgc.ca\\\/#website\"},\"primaryImageOfPage\":{\"@id\":\"https:\\\/\\\/fvgc.ca\\\/2017\\\/03\\\/31\\\/le-president-du-comite-permanent-de-la-chambre-des-communes-de-lagriculture-et-de-lagroalimentaire-ecrit-une-lettre-a-la-ministre-de-la-sante-au-sujet-de-la-reevaluation-de-l\\\/#primaryimage\"},\"image\":{\"@id\":\"https:\\\/\\\/fvgc.ca\\\/2017\\\/03\\\/31\\\/le-president-du-comite-permanent-de-la-chambre-des-communes-de-lagriculture-et-de-lagroalimentaire-ecrit-une-lettre-a-la-ministre-de-la-sante-au-sujet-de-la-reevaluation-de-l\\\/#primaryimage\"},\"thumbnailUrl\":\"\",\"datePublished\":\"2017-03-31T19:43:12+00:00\",\"dateModified\":\"2024-09-18T20:04:19+00:00\",\"author\":{\"@id\":\"https:\\\/\\\/fvgc.ca\\\/#\\\/schema\\\/person\\\/5d5ec6451ef7dc9293fb481d46af0c11\"},\"breadcrumb\":{\"@id\":\"https:\\\/\\\/fvgc.ca\\\/2017\\\/03\\\/31\\\/le-president-du-comite-permanent-de-la-chambre-des-communes-de-lagriculture-et-de-lagroalimentaire-ecrit-une-lettre-a-la-ministre-de-la-sante-au-sujet-de-la-reevaluation-de-l\\\/#breadcrumb\"},\"inLanguage\":\"fr-CA\",\"potentialAction\":[{\"@type\":\"ReadAction\",\"target\":[\"https:\\\/\\\/fvgc.ca\\\/2017\\\/03\\\/31\\\/le-president-du-comite-permanent-de-la-chambre-des-communes-de-lagriculture-et-de-lagroalimentaire-ecrit-une-lettre-a-la-ministre-de-la-sante-au-sujet-de-la-reevaluation-de-l\\\/\"]}]},{\"@type\":\"ImageObject\",\"inLanguage\":\"fr-CA\",\"@id\":\"https:\\\/\\\/fvgc.ca\\\/2017\\\/03\\\/31\\\/le-president-du-comite-permanent-de-la-chambre-des-communes-de-lagriculture-et-de-lagroalimentaire-ecrit-une-lettre-a-la-ministre-de-la-sante-au-sujet-de-la-reevaluation-de-l\\\/#primaryimage\",\"url\":\"\",\"contentUrl\":\"\"},{\"@type\":\"BreadcrumbList\",\"@id\":\"https:\\\/\\\/fvgc.ca\\\/2017\\\/03\\\/31\\\/le-president-du-comite-permanent-de-la-chambre-des-communes-de-lagriculture-et-de-lagroalimentaire-ecrit-une-lettre-a-la-ministre-de-la-sante-au-sujet-de-la-reevaluation-de-l\\\/#breadcrumb\",\"itemListElement\":[{\"@type\":\"ListItem\",\"position\":1,\"name\":\"Home\",\"item\":\"https:\\\/\\\/fvgc.ca\\\/\"},{\"@type\":\"ListItem\",\"position\":2,\"name\":\"Le pr\u00e9sident du Comit\u00e9 permanent de la Chambre des communes de l\u2019agriculture et de l\u2019agroalimentaire \u00e9crit une lettre \u00e0 la ministre de la Sant\u00e9 au sujet de la r\u00e9\u00e9valuation de l\u2019imidaclopride\"}]},{\"@type\":\"WebSite\",\"@id\":\"https:\\\/\\\/fvgc.ca\\\/#website\",\"url\":\"https:\\\/\\\/fvgc.ca\\\/\",\"name\":\"FVGC\",\"description\":\"Representing Growers Across the Country\",\"potentialAction\":[{\"@type\":\"SearchAction\",\"target\":{\"@type\":\"EntryPoint\",\"urlTemplate\":\"https:\\\/\\\/fvgc.ca\\\/?s={search_term_string}\"},\"query-input\":{\"@type\":\"PropertyValueSpecification\",\"valueRequired\":true,\"valueName\":\"search_term_string\"}}],\"inLanguage\":\"fr-CA\"},{\"@type\":\"Person\",\"@id\":\"https:\\\/\\\/fvgc.ca\\\/#\\\/schema\\\/person\\\/5d5ec6451ef7dc9293fb481d46af0c11\",\"name\":\"Ashley Peyrard\",\"url\":\"https:\\\/\\\/fvgc.ca\\\/fr\\\/author\\\/fruit-and-vegetable-growers-of-canada\\\/\"}]}<\/script>\n<!-- \/ Yoast SEO plugin. -->","yoast_head_json":{"title":"Le pr\u00e9sident du Comit\u00e9 permanent de la Chambre des communes de l\u2019agriculture et de l\u2019agroalimentaire \u00e9crit une lettre \u00e0 la ministre de la Sant\u00e9 au sujet de la r\u00e9\u00e9valuation de l\u2019imidaclopride - FVGC","robots":{"index":"index","follow":"follow","max-snippet":"max-snippet:-1","max-image-preview":"max-image-preview:large","max-video-preview":"max-video-preview:-1"},"canonical":"https:\/\/fvgc.ca\/fr\/2017\/03\/31\/le-president-du-comite-permanent-de-la-chambre-des-communes-de-lagriculture-et-de-lagroalimentaire-ecrit-une-lettre-a-la-ministre-de-la-sante-au-sujet-de-la-reevaluation-de-l\/","og_locale":"fr_CA","og_type":"article","og_title":"Le pr\u00e9sident du Comit\u00e9 permanent de la Chambre des communes de l\u2019agriculture et de l\u2019agroalimentaire \u00e9crit une lettre \u00e0 la ministre de la Sant\u00e9 au sujet de la r\u00e9\u00e9valuation de l\u2019imidaclopride - FVGC","og_description":"Le pr\u00e9sident du Comit\u00e9 permanent de la Chambre des communes de l\u2019agriculture et de l\u2019agroalimentaire, Pat Finnigan, a \u00e9crit r\u00e9cemment une lettre \u00e0 la ministre de la Sant\u00e9, l\u2019honorable Jane Philpott, au sujet de la r\u00e9\u00e9valuation propos\u00e9e de l\u2019imidaclopride par l\u2019Agence de r\u00e9glementation de la lutte antiparasitaire (ARLA). Dans sa lettre, M. Finnigan soul\u00e8ve des [&hellip;]","og_url":"https:\/\/fvgc.ca\/fr\/2017\/03\/31\/le-president-du-comite-permanent-de-la-chambre-des-communes-de-lagriculture-et-de-lagroalimentaire-ecrit-une-lettre-a-la-ministre-de-la-sante-au-sujet-de-la-reevaluation-de-l\/","og_site_name":"FVGC","article_published_time":"2017-03-31T19:43:12+00:00","article_modified_time":"2024-09-18T20:04:19+00:00","author":"Ashley Peyrard","twitter_card":"summary_large_image","twitter_misc":{"\u00c9crit par":"Ashley Peyrard","Estimation du temps de lecture":"2 minutes"},"schema":{"@context":"https:\/\/schema.org","@graph":[{"@type":"Article","@id":"https:\/\/fvgc.ca\/2017\/03\/31\/le-president-du-comite-permanent-de-la-chambre-des-communes-de-lagriculture-et-de-lagroalimentaire-ecrit-une-lettre-a-la-ministre-de-la-sante-au-sujet-de-la-reevaluation-de-l\/#article","isPartOf":{"@id":"https:\/\/fvgc.ca\/2017\/03\/31\/le-president-du-comite-permanent-de-la-chambre-des-communes-de-lagriculture-et-de-lagroalimentaire-ecrit-une-lettre-a-la-ministre-de-la-sante-au-sujet-de-la-reevaluation-de-l\/"},"author":{"name":"Ashley Peyrard","@id":"https:\/\/fvgc.ca\/#\/schema\/person\/5d5ec6451ef7dc9293fb481d46af0c11"},"headline":"Le pr\u00e9sident du Comit\u00e9 permanent de la Chambre des communes de l\u2019agriculture et de l\u2019agroalimentaire \u00e9crit une lettre \u00e0 la ministre de la Sant\u00e9 au sujet de la r\u00e9\u00e9valuation de l\u2019imidaclopride","datePublished":"2017-03-31T19:43:12+00:00","dateModified":"2024-09-18T20:04:19+00:00","mainEntityOfPage":{"@id":"https:\/\/fvgc.ca\/2017\/03\/31\/le-president-du-comite-permanent-de-la-chambre-des-communes-de-lagriculture-et-de-lagroalimentaire-ecrit-une-lettre-a-la-ministre-de-la-sante-au-sujet-de-la-reevaluation-de-l\/"},"wordCount":411,"image":{"@id":"https:\/\/fvgc.ca\/2017\/03\/31\/le-president-du-comite-permanent-de-la-chambre-des-communes-de-lagriculture-et-de-lagroalimentaire-ecrit-une-lettre-a-la-ministre-de-la-sante-au-sujet-de-la-reevaluation-de-l\/#primaryimage"},"thumbnailUrl":"","articleSection":["Actualit\u00e9s"],"inLanguage":"fr-CA"},{"@type":"WebPage","@id":"https:\/\/fvgc.ca\/2017\/03\/31\/le-president-du-comite-permanent-de-la-chambre-des-communes-de-lagriculture-et-de-lagroalimentaire-ecrit-une-lettre-a-la-ministre-de-la-sante-au-sujet-de-la-reevaluation-de-l\/","url":"https:\/\/fvgc.ca\/2017\/03\/31\/le-president-du-comite-permanent-de-la-chambre-des-communes-de-lagriculture-et-de-lagroalimentaire-ecrit-une-lettre-a-la-ministre-de-la-sante-au-sujet-de-la-reevaluation-de-l\/","name":"Le pr\u00e9sident du Comit\u00e9 permanent de la Chambre des communes de l\u2019agriculture et de l\u2019agroalimentaire \u00e9crit une lettre \u00e0 la ministre de la Sant\u00e9 au sujet de la r\u00e9\u00e9valuation de l\u2019imidaclopride - FVGC","isPartOf":{"@id":"https:\/\/fvgc.ca\/#website"},"primaryImageOfPage":{"@id":"https:\/\/fvgc.ca\/2017\/03\/31\/le-president-du-comite-permanent-de-la-chambre-des-communes-de-lagriculture-et-de-lagroalimentaire-ecrit-une-lettre-a-la-ministre-de-la-sante-au-sujet-de-la-reevaluation-de-l\/#primaryimage"},"image":{"@id":"https:\/\/fvgc.ca\/2017\/03\/31\/le-president-du-comite-permanent-de-la-chambre-des-communes-de-lagriculture-et-de-lagroalimentaire-ecrit-une-lettre-a-la-ministre-de-la-sante-au-sujet-de-la-reevaluation-de-l\/#primaryimage"},"thumbnailUrl":"","datePublished":"2017-03-31T19:43:12+00:00","dateModified":"2024-09-18T20:04:19+00:00","author":{"@id":"https:\/\/fvgc.ca\/#\/schema\/person\/5d5ec6451ef7dc9293fb481d46af0c11"},"breadcrumb":{"@id":"https:\/\/fvgc.ca\/2017\/03\/31\/le-president-du-comite-permanent-de-la-chambre-des-communes-de-lagriculture-et-de-lagroalimentaire-ecrit-une-lettre-a-la-ministre-de-la-sante-au-sujet-de-la-reevaluation-de-l\/#breadcrumb"},"inLanguage":"fr-CA","potentialAction":[{"@type":"ReadAction","target":["https:\/\/fvgc.ca\/2017\/03\/31\/le-president-du-comite-permanent-de-la-chambre-des-communes-de-lagriculture-et-de-lagroalimentaire-ecrit-une-lettre-a-la-ministre-de-la-sante-au-sujet-de-la-reevaluation-de-l\/"]}]},{"@type":"ImageObject","inLanguage":"fr-CA","@id":"https:\/\/fvgc.ca\/2017\/03\/31\/le-president-du-comite-permanent-de-la-chambre-des-communes-de-lagriculture-et-de-lagroalimentaire-ecrit-une-lettre-a-la-ministre-de-la-sante-au-sujet-de-la-reevaluation-de-l\/#primaryimage","url":"","contentUrl":""},{"@type":"BreadcrumbList","@id":"https:\/\/fvgc.ca\/2017\/03\/31\/le-president-du-comite-permanent-de-la-chambre-des-communes-de-lagriculture-et-de-lagroalimentaire-ecrit-une-lettre-a-la-ministre-de-la-sante-au-sujet-de-la-reevaluation-de-l\/#breadcrumb","itemListElement":[{"@type":"ListItem","position":1,"name":"Home","item":"https:\/\/fvgc.ca\/"},{"@type":"ListItem","position":2,"name":"Le pr\u00e9sident du Comit\u00e9 permanent de la Chambre des communes de l\u2019agriculture et de l\u2019agroalimentaire \u00e9crit une lettre \u00e0 la ministre de la Sant\u00e9 au sujet de la r\u00e9\u00e9valuation de l\u2019imidaclopride"}]},{"@type":"WebSite","@id":"https:\/\/fvgc.ca\/#website","url":"https:\/\/fvgc.ca\/","name":"FVGC","description":"Representing Growers Across the Country","potentialAction":[{"@type":"SearchAction","target":{"@type":"EntryPoint","urlTemplate":"https:\/\/fvgc.ca\/?s={search_term_string}"},"query-input":{"@type":"PropertyValueSpecification","valueRequired":true,"valueName":"search_term_string"}}],"inLanguage":"fr-CA"},{"@type":"Person","@id":"https:\/\/fvgc.ca\/#\/schema\/person\/5d5ec6451ef7dc9293fb481d46af0c11","name":"Ashley Peyrard","url":"https:\/\/fvgc.ca\/fr\/author\/fruit-and-vegetable-growers-of-canada\/"}]}},"jetpack_featured_media_url":"","_links":{"self":[{"href":"https:\/\/fvgc.ca\/fr\/wp-json\/wp\/v2\/posts\/909","targetHints":{"allow":["GET"]}}],"collection":[{"href":"https:\/\/fvgc.ca\/fr\/wp-json\/wp\/v2\/posts"}],"about":[{"href":"https:\/\/fvgc.ca\/fr\/wp-json\/wp\/v2\/types\/post"}],"author":[{"embeddable":true,"href":"https:\/\/fvgc.ca\/fr\/wp-json\/wp\/v2\/users\/5"}],"replies":[{"embeddable":true,"href":"https:\/\/fvgc.ca\/fr\/wp-json\/wp\/v2\/comments?post=909"}],"version-history":[{"count":0,"href":"https:\/\/fvgc.ca\/fr\/wp-json\/wp\/v2\/posts\/909\/revisions"}],"wp:featuredmedia":[{"embeddable":true,"href":"https:\/\/fvgc.ca\/fr\/wp-json\/"}],"wp:attachment":[{"href":"https:\/\/fvgc.ca\/fr\/wp-json\/wp\/v2\/media?parent=909"}],"wp:term":[{"taxonomy":"category","embeddable":true,"href":"https:\/\/fvgc.ca\/fr\/wp-json\/wp\/v2\/categories?post=909"},{"taxonomy":"post_tag","embeddable":true,"href":"https:\/\/fvgc.ca\/fr\/wp-json\/wp\/v2\/tags?post=909"}],"curies":[{"name":"wp","href":"https:\/\/api.w.org\/{rel}","templated":true}]}}