{"id":41403,"date":"2026-08-31T14:57:50","date_gmt":"2026-08-31T18:57:50","guid":{"rendered":"https:\/\/fvgc.ca\/?p=41403"},"modified":"2026-08-31T14:57:50","modified_gmt":"2026-08-31T18:57:50","slug":"fruit-and-vegetable-growers-of-canada-names-stephen-heckbert-as-executive-director","status":"publish","type":"post","link":"https:\/\/fvgc.ca\/fr\/2026\/08\/31\/fruit-and-vegetable-growers-of-canada-names-stephen-heckbert-as-executive-director\/","title":{"rendered":"Les Producteurs de fruits et l\u00e9gumes du Canada nomment Stephen Heckbert au poste de directeur g\u00e9n\u00e9ral"},"content":{"rendered":"<p style=\"text-align: center;\"><i><span style=\"font-weight: 400;\">Les Producteurs de fruits et l\u00e9gumes du Canada nomment Stephen Heckbert au poste de directeur g\u00e9n\u00e9ral<\/span><\/i><\/p>\n<p><span style=\"font-weight: 400;\">OTTAWA, ON \u2013 Les Producteurs de fruits et l\u00e9gumes du Canada (PFLC) ont nomm\u00e9 Stephen Heckbert au poste de directeur g\u00e9n\u00e9ral, \u00e0 compter du 8 septembre. M. Heckbert poss\u00e8de plus de 25 ans d\u2019exp\u00e9rience en tant que gestionnaire bilingue d\u2019entreprise et de communications dans divers secteurs, y compris l\u2019agriculture, ayant r\u00e9cemment occup\u00e9 le poste de directeur g\u00e9n\u00e9ral du Conseil canadien du porc.<\/span><\/p>\n<p><span style=\"font-weight: 400;\">Sa nomination survient alors que les PFLC continuent de pr\u00e9coniser en faveur du secteur canadien des fruits et l\u00e9gumes frais dans un contexte g\u00e9opolitique impr\u00e9visible, en mettant l'accent sur le r\u00f4le crucial des producteurs de fruits et l\u00e9gumes pour assurer la s\u00e9curit\u00e9 alimentaire nationale et dynamiser les \u00e9conomies r\u00e9gionales. Le leadership de Stephen visera \u00e0 poursuivre sur la lanc\u00e9e de la r\u00e9cente p\u00e9riode de transition et de relance de l'association.<\/span><\/p>\n<p><span style=\"font-weight: 400;\">\u00ab Depuis 1922, les PFLC constituent un porte-parole important pour d\u00e9fendre les int\u00e9r\u00eats des producteurs \u00e0 travers le pays qui cultivent plus de 120 types de cultures diff\u00e9rentes. \u00ab La hausse des co\u00fbts et l'incertitude commerciale cr\u00e9ent d'immenses d\u00e9fis pour le secteur canadien des fruits et l\u00e9gumes \u00bb, a d\u00e9clar\u00e9 Marcus Janzen, pr\u00e9sident du conseil d'administration des PFLC. \u00ab L'exp\u00e9rience av\u00e9r\u00e9e de Stephen en mati\u00e8re de plaidoyer, de communications efficaces et de leadership organisationnel le pr\u00e9pare bien \u00e0 faire progresser notre travail essentiel. \u00bb<\/span><\/p>\n<p><span style=\"font-weight: 400;\">Marcus a remerci\u00e9 Carla pour le travail qu'elle a accompli pendant la p\u00e9riode de transition, et lui comme Stephen se r\u00e9jouissent de sa collaboration continue avec les PFLC.<\/span><\/p>\n<p><span style=\"font-weight: 400;\">\u00ab Diriger les PFLC au cours de cette p\u00e9riode de transition, dans un contexte d\u2019incertitude mondiale, a \u00e9t\u00e9 un effort collaboratif \u00bb, a d\u00e9clar\u00e9 Carla Ventin, directrice g\u00e9n\u00e9rale par int\u00e9rim sortante. \u00ab De concert avec le conseil d\u2019administration et le personnel, nous avons renforc\u00e9 l\u2019organisation et veill\u00e9 \u00e0 ce que les PFLC continuent de repr\u00e9senter une voix forte et efficace pour les producteurs \u00e0 Ottawa.  Je me r\u00e9jouis \u00e0 l\u2019id\u00e9e de collaborer avec Stephen pour assurer une transition harmonieuse et la poursuite des progr\u00e8s. \u00bb<\/span><\/p>\n<p><span style=\"font-weight: 400;\">\u00ab Les producteurs de fruits et l\u00e9gumes du Canada repr\u00e9sentent un secteur essentiel de notre \u00e9conomie et ont le potentiel de cultiver encore plus d'aliments au Canada \u00bb, a d\u00e9clar\u00e9 Stephen Heckbert, nouveau directeur g\u00e9n\u00e9ral des PFLC. \u00ab J'ai bien h\u00e2te de commencer en force et de collaborer avec les membres afin de b\u00e2tir sur les succ\u00e8s des PFLC et de promouvoir des solutions pratiques et constructives qui soutiennent les producteurs, tout en renfor\u00e7ant l'agriculture canadienne. \u00bb\u00a0<\/span><\/p>\n<p><span style=\"font-weight: 400;\">Stephen entrera officiellement en fonction le 8 septembre.<\/span><\/p>\n<p><b>Pour toute demande de renseignements des m\u00e9dias, veuillez communiquer avec :<\/b><\/p>\n<p><span style=\"font-weight: 400;\">Ashley Robinson<\/span><\/p>\n<p><span style=\"font-weight: 400;\">Communications pour les PFLC<\/span><\/p>\n<p><a href=\"mailto:ashley@burrforest.com\"><span style=\"font-weight: 400;\">ashley@burrforest.com<\/span><\/a><\/p>\n<p><i><span style=\"font-weight: 400;\">Les Producteurs de fruits et l\u00e9gumes du Canada (PFLC) repr\u00e9sentent des producteurs \u00e0 l\u2019\u00e9chelle du pays qui cultivent plus de 120 types de cultures diff\u00e9rentes, notamment des pommes, des fruits tendres, des raisins, des petits fruits, des cultures mara\u00eech\u00e8res, des pommes de terre et des l\u00e9gumes cultiv\u00e9s en serre. Les PFLC sont une association nationale \u00e0 but non lucratif qui, depuis 1922, d\u00e9fend les int\u00e9r\u00eats d\u2019un secteur des fruits et l\u00e9gumes concurrentiel et fait la promotion de la s\u00e9curit\u00e9 alimentaire pour tous les Canadiens.<\/span><\/i><\/p>","protected":false},"excerpt":{"rendered":"<p>Former Canadian Pork Council CEO to lead national advocacy organization effective Sept. 8. OTTAWA, ON \u2013 The Fruit and Vegetable Growers of Canada (FVGC) has appointed Stephen Heckbert as its new Executive Director, effective Sept. 8. Stephen brings more than 25 years of experience as a bilingual enterprise and communications leader across a variety of [&hellip;]<\/p>\n","protected":false},"author":6,"featured_media":0,"comment_status":"closed","ping_status":"closed","sticky":false,"template":"","format":"standard","meta":{"_et_pb_use_builder":"","_et_pb_old_content":"","_et_gb_content_width":"","footnotes":"","jetpack_post_was_ever_published":false},"categories":[11],"tags":[],"class_list":["post-41403","post","type-post","status-publish","format-standard","hentry","category-news"],"yoast_head":"<!-- This site is optimized with the Yoast SEO plugin v28.3 - https:\/\/yoast.com\/product\/yoast-seo-wordpress\/ -->\n<title>Fruit and Vegetable Growers of Canada Names Stephen Heckbert as Executive Director - FVGC<\/title>\n<meta name=\"robots\" content=\"index, follow, max-snippet:-1, max-image-preview:large, max-video-preview:-1\" \/>\n<link rel=\"canonical\" href=\"https:\/\/fvgc.ca\/fr\/2026\/08\/31\/fruit-and-vegetable-growers-of-canada-names-stephen-heckbert-as-executive-director\/\" \/>\n<meta property=\"og:locale\" content=\"fr_CA\" \/>\n<meta property=\"og:type\" content=\"article\" \/>\n<meta property=\"og:title\" content=\"Fruit and Vegetable Growers of Canada Names Stephen Heckbert as Executive Director - FVGC\" \/>\n<meta property=\"og:description\" content=\"Former Canadian Pork Council CEO to lead national advocacy organization effective Sept. 8. OTTAWA, ON \u2013 The Fruit and Vegetable Growers of Canada (FVGC) has appointed Stephen Heckbert as its new Executive Director, effective Sept. 8. Stephen brings more than 25 years of experience as a bilingual enterprise and communications leader across a variety of [&hellip;]\" \/>\n<meta property=\"og:url\" content=\"https:\/\/fvgc.ca\/fr\/2026\/08\/31\/fruit-and-vegetable-growers-of-canada-names-stephen-heckbert-as-executive-director\/\" \/>\n<meta property=\"og:site_name\" content=\"FVGC\" \/>\n<meta property=\"article:published_time\" content=\"2026-08-31T18:57:50+00:00\" \/>\n<meta name=\"author\" content=\"FVGC\" \/>\n<meta name=\"twitter:card\" content=\"summary_large_image\" \/>\n<meta name=\"twitter:label1\" content=\"\u00c9crit par\" \/>\n\t<meta name=\"twitter:data1\" content=\"FVGC\" \/>\n\t<meta name=\"twitter:label2\" content=\"Estimation du temps de lecture\" \/>\n\t<meta name=\"twitter:data2\" content=\"2 minutes\" \/>\n<script type=\"application\/ld+json\" class=\"yoast-schema-graph\">{\"@context\":\"https:\\\/\\\/schema.org\",\"@graph\":[{\"@type\":\"Article\",\"@id\":\"https:\\\/\\\/fvgc.ca\\\/2026\\\/08\\\/31\\\/fruit-and-vegetable-growers-of-canada-names-stephen-heckbert-as-executive-director\\\/#article\",\"isPartOf\":{\"@id\":\"https:\\\/\\\/fvgc.ca\\\/2026\\\/08\\\/31\\\/fruit-and-vegetable-growers-of-canada-names-stephen-heckbert-as-executive-director\\\/\"},\"author\":{\"name\":\"FVGC\",\"@id\":\"https:\\\/\\\/fvgc.ca\\\/#\\\/schema\\\/person\\\/d5cc8d4bb214a7055cd2775f4b83e5ed\"},\"headline\":\"Fruit and Vegetable Growers of Canada Names Stephen Heckbert as Executive Director\",\"datePublished\":\"2026-08-31T18:57:50+00:00\",\"mainEntityOfPage\":{\"@id\":\"https:\\\/\\\/fvgc.ca\\\/2026\\\/08\\\/31\\\/fruit-and-vegetable-growers-of-canada-names-stephen-heckbert-as-executive-director\\\/\"},\"wordCount\":441,\"articleSection\":[\"News\"],\"inLanguage\":\"fr-CA\"},{\"@type\":\"WebPage\",\"@id\":\"https:\\\/\\\/fvgc.ca\\\/2026\\\/08\\\/31\\\/fruit-and-vegetable-growers-of-canada-names-stephen-heckbert-as-executive-director\\\/\",\"url\":\"https:\\\/\\\/fvgc.ca\\\/2026\\\/08\\\/31\\\/fruit-and-vegetable-growers-of-canada-names-stephen-heckbert-as-executive-director\\\/\",\"name\":\"Fruit and Vegetable Growers of Canada Names Stephen Heckbert as Executive Director - FVGC\",\"isPartOf\":{\"@id\":\"https:\\\/\\\/fvgc.ca\\\/#website\"},\"datePublished\":\"2026-08-31T18:57:50+00:00\",\"author\":{\"@id\":\"https:\\\/\\\/fvgc.ca\\\/#\\\/schema\\\/person\\\/d5cc8d4bb214a7055cd2775f4b83e5ed\"},\"breadcrumb\":{\"@id\":\"https:\\\/\\\/fvgc.ca\\\/2026\\\/08\\\/31\\\/fruit-and-vegetable-growers-of-canada-names-stephen-heckbert-as-executive-director\\\/#breadcrumb\"},\"inLanguage\":\"fr-CA\",\"potentialAction\":[{\"@type\":\"ReadAction\",\"target\":[\"https:\\\/\\\/fvgc.ca\\\/2026\\\/08\\\/31\\\/fruit-and-vegetable-growers-of-canada-names-stephen-heckbert-as-executive-director\\\/\"]}]},{\"@type\":\"BreadcrumbList\",\"@id\":\"https:\\\/\\\/fvgc.ca\\\/2026\\\/08\\\/31\\\/fruit-and-vegetable-growers-of-canada-names-stephen-heckbert-as-executive-director\\\/#breadcrumb\",\"itemListElement\":[{\"@type\":\"ListItem\",\"position\":1,\"name\":\"Home\",\"item\":\"https:\\\/\\\/fvgc.ca\\\/\"},{\"@type\":\"ListItem\",\"position\":2,\"name\":\"Fruit and Vegetable Growers of Canada Names Stephen Heckbert as Executive Director\"}]},{\"@type\":\"WebSite\",\"@id\":\"https:\\\/\\\/fvgc.ca\\\/#website\",\"url\":\"https:\\\/\\\/fvgc.ca\\\/\",\"name\":\"FVGC\",\"description\":\"Representing Growers Across the Country\",\"potentialAction\":[{\"@type\":\"SearchAction\",\"target\":{\"@type\":\"EntryPoint\",\"urlTemplate\":\"https:\\\/\\\/fvgc.ca\\\/?s={search_term_string}\"},\"query-input\":{\"@type\":\"PropertyValueSpecification\",\"valueRequired\":true,\"valueName\":\"search_term_string\"}}],\"inLanguage\":\"fr-CA\"},{\"@type\":\"Person\",\"@id\":\"https:\\\/\\\/fvgc.ca\\\/#\\\/schema\\\/person\\\/d5cc8d4bb214a7055cd2775f4b83e5ed\",\"name\":\"FVGC\",\"sameAs\":[\"https:\\\/\\\/fvgc.ca\\\/\"],\"url\":\"https:\\\/\\\/fvgc.ca\\\/fr\\\/author\\\/cluster_burrforestgroup\\\/\"}]}<\/script>\n<!-- \/ Yoast SEO plugin. -->","yoast_head_json":{"title":"Fruit and Vegetable Growers of Canada Names Stephen Heckbert as Executive Director - FVGC","robots":{"index":"index","follow":"follow","max-snippet":"max-snippet:-1","max-image-preview":"max-image-preview:large","max-video-preview":"max-video-preview:-1"},"canonical":"https:\/\/fvgc.ca\/fr\/2026\/08\/31\/fruit-and-vegetable-growers-of-canada-names-stephen-heckbert-as-executive-director\/","og_locale":"fr_CA","og_type":"article","og_title":"Fruit and Vegetable Growers of Canada Names Stephen Heckbert as Executive Director - FVGC","og_description":"Former Canadian Pork Council CEO to lead national advocacy organization effective Sept. 8. OTTAWA, ON \u2013 The Fruit and Vegetable Growers of Canada (FVGC) has appointed Stephen Heckbert as its new Executive Director, effective Sept. 8. Stephen brings more than 25 years of experience as a bilingual enterprise and communications leader across a variety of [&hellip;]","og_url":"https:\/\/fvgc.ca\/fr\/2026\/08\/31\/fruit-and-vegetable-growers-of-canada-names-stephen-heckbert-as-executive-director\/","og_site_name":"FVGC","article_published_time":"2026-08-31T18:57:50+00:00","author":"FVGC","twitter_card":"summary_large_image","twitter_misc":{"\u00c9crit par":"FVGC","Estimation du temps de lecture":"2 minutes"},"schema":{"@context":"https:\/\/schema.org","@graph":[{"@type":"Article","@id":"https:\/\/fvgc.ca\/2026\/08\/31\/fruit-and-vegetable-growers-of-canada-names-stephen-heckbert-as-executive-director\/#article","isPartOf":{"@id":"https:\/\/fvgc.ca\/2026\/08\/31\/fruit-and-vegetable-growers-of-canada-names-stephen-heckbert-as-executive-director\/"},"author":{"name":"FVGC","@id":"https:\/\/fvgc.ca\/#\/schema\/person\/d5cc8d4bb214a7055cd2775f4b83e5ed"},"headline":"Fruit and Vegetable Growers of Canada Names Stephen Heckbert as Executive Director","datePublished":"2026-08-31T18:57:50+00:00","mainEntityOfPage":{"@id":"https:\/\/fvgc.ca\/2026\/08\/31\/fruit-and-vegetable-growers-of-canada-names-stephen-heckbert-as-executive-director\/"},"wordCount":441,"articleSection":["News"],"inLanguage":"fr-CA"},{"@type":"WebPage","@id":"https:\/\/fvgc.ca\/2026\/08\/31\/fruit-and-vegetable-growers-of-canada-names-stephen-heckbert-as-executive-director\/","url":"https:\/\/fvgc.ca\/2026\/08\/31\/fruit-and-vegetable-growers-of-canada-names-stephen-heckbert-as-executive-director\/","name":"Fruit and Vegetable Growers of Canada Names Stephen Heckbert as Executive Director - FVGC","isPartOf":{"@id":"https:\/\/fvgc.ca\/#website"},"datePublished":"2026-08-31T18:57:50+00:00","author":{"@id":"https:\/\/fvgc.ca\/#\/schema\/person\/d5cc8d4bb214a7055cd2775f4b83e5ed"},"breadcrumb":{"@id":"https:\/\/fvgc.ca\/2026\/08\/31\/fruit-and-vegetable-growers-of-canada-names-stephen-heckbert-as-executive-director\/#breadcrumb"},"inLanguage":"fr-CA","potentialAction":[{"@type":"ReadAction","target":["https:\/\/fvgc.ca\/2026\/08\/31\/fruit-and-vegetable-growers-of-canada-names-stephen-heckbert-as-executive-director\/"]}]},{"@type":"BreadcrumbList","@id":"https:\/\/fvgc.ca\/2026\/08\/31\/fruit-and-vegetable-growers-of-canada-names-stephen-heckbert-as-executive-director\/#breadcrumb","itemListElement":[{"@type":"ListItem","position":1,"name":"Home","item":"https:\/\/fvgc.ca\/"},{"@type":"ListItem","position":2,"name":"Fruit and Vegetable Growers of Canada Names Stephen Heckbert as Executive Director"}]},{"@type":"WebSite","@id":"https:\/\/fvgc.ca\/#website","url":"https:\/\/fvgc.ca\/","name":"FVGC","description":"Representing Growers Across the Country","potentialAction":[{"@type":"SearchAction","target":{"@type":"EntryPoint","urlTemplate":"https:\/\/fvgc.ca\/?s={search_term_string}"},"query-input":{"@type":"PropertyValueSpecification","valueRequired":true,"valueName":"search_term_string"}}],"inLanguage":"fr-CA"},{"@type":"Person","@id":"https:\/\/fvgc.ca\/#\/schema\/person\/d5cc8d4bb214a7055cd2775f4b83e5ed","name":"FVGC","sameAs":["https:\/\/fvgc.ca\/"],"url":"https:\/\/fvgc.ca\/fr\/author\/cluster_burrforestgroup\/"}]}},"jetpack_featured_media_url":"","_links":{"self":[{"href":"https:\/\/fvgc.ca\/fr\/wp-json\/wp\/v2\/posts\/41403","targetHints":{"allow":["GET"]}}],"collection":[{"href":"https:\/\/fvgc.ca\/fr\/wp-json\/wp\/v2\/posts"}],"about":[{"href":"https:\/\/fvgc.ca\/fr\/wp-json\/wp\/v2\/types\/post"}],"author":[{"embeddable":true,"href":"https:\/\/fvgc.ca\/fr\/wp-json\/wp\/v2\/users\/6"}],"replies":[{"embeddable":true,"href":"https:\/\/fvgc.ca\/fr\/wp-json\/wp\/v2\/comments?post=41403"}],"version-history":[{"count":1,"href":"https:\/\/fvgc.ca\/fr\/wp-json\/wp\/v2\/posts\/41403\/revisions"}],"predecessor-version":[{"id":41404,"href":"https:\/\/fvgc.ca\/fr\/wp-json\/wp\/v2\/posts\/41403\/revisions\/41404"}],"wp:attachment":[{"href":"https:\/\/fvgc.ca\/fr\/wp-json\/wp\/v2\/media?parent=41403"}],"wp:term":[{"taxonomy":"category","embeddable":true,"href":"https:\/\/fvgc.ca\/fr\/wp-json\/wp\/v2\/categories?post=41403"},{"taxonomy":"post_tag","embeddable":true,"href":"https:\/\/fvgc.ca\/fr\/wp-json\/wp\/v2\/tags?post=41403"}],"curies":[{"name":"wp","href":"https:\/\/api.w.org\/{rel}","templated":true}]}}