{"id":41243,"date":"2026-04-28T15:49:12","date_gmt":"2026-04-28T19:49:12","guid":{"rendered":"https:\/\/fvgc.ca\/?p=41243"},"modified":"2026-04-30T15:51:18","modified_gmt":"2026-04-30T19:51:18","slug":"lettre-au-sujet-dexigences-en-matiere-de-declaration-des-plastiques-utilises-a-la-ferme-pour-la-phase-2-du-registre-federal-sur-les-plastiques","status":"publish","type":"post","link":"https:\/\/fvgc.ca\/fr\/2026\/04\/28\/lettre-au-sujet-dexigences-en-matiere-de-declaration-des-plastiques-utilises-a-la-ferme-pour-la-phase-2-du-registre-federal-sur-les-plastiques\/","title":{"rendered":"Lettre au sujet d&#8217;exigences en mati\u00e8re de d\u00e9claration des plastiques utilis\u00e9s \u00e0 la ferme pour la phase 2 du Registre f\u00e9d\u00e9ral sur les plastiques"},"content":{"rendered":"<p>Le 28 avril 2026<\/p>\n<p>L\u2019honorable Julie Dabrusin, C.P., d\u00e9put\u00e9e<\/p>\n<p>Ministre de l\u2019Environnement, du Changement climatique et de la Nature Chambre des communes<\/p>\n<p>Ottawa (Ontario) K1A 0A6<\/p>\n<p>Lettre adress\u00e9e par courriel \u00e0 : <a href=\"mailto:ministre-minister@ec.gc.ca\">ministre-minister@ec.gc.ca<\/a><\/p>\n<p><strong>Objet : Exigences en mati\u00e8re de d\u00e9claration des plastiques utilis\u00e9s \u00e0 la ferme pour la phase 2 du Registre f\u00e9d\u00e9ral sur les plastiques<\/strong><\/p>\n<p>Madame la Ministre,<\/p>\n<p>Au nom des dirigeants et des acteurs du secteur canadien de l\u2019agriculture et de l\u2019agroalimentaire, nous souhaitons vous proposer notre \u00e9clairage sur la phase 2 du Registre f\u00e9d\u00e9ral sur les plastiques et demander que les agriculteurs \u2013 y compris les exploitants d\u2019entreprises aquacoles \u2013 soient exempt\u00e9s des exigences de d\u00e9claration des plastiques utilis\u00e9s \u00e0 la ferme. La r\u00e9cente d\u00e9cision du gouvernement du Canada de reporter la mise en \u0153uvre des exigences de d\u00e9claration nous donne l\u2019occasion d\u2019\u00e9tablir un cadre r\u00e9glementaire qui refl\u00e8te les r\u00e9alit\u00e9s pratiques des exploitations agricoles canadiennes tout en continuant de soutenir la s\u00e9curit\u00e9 alimentaire et la gestion durable de la production agricole.<\/p>\n<p>Les plastiques ont une multitude d\u2019usages en agriculture au Canada, dont la production et la protection de cultures, l\u2019augmentation des rendements, la r\u00e9duction de la consommation d\u2019eau, la pr\u00e9servation des produits r\u00e9colt\u00e9s, la production en serres, l\u2019identification et la tra\u00e7abilit\u00e9 du b\u00e9tail, ainsi que la facilitation de la transformation primaire. Les produits en plastique pr\u00e9sents dans nos fermes comprennent les sacs de grains, les rubans des bottes de foin, la ficelle, les b\u00e2ches couvre-sol, les b\u00e2ches d\u2019ensilage, les bidons et r\u00e9servoirs portatifs de produits chimiques, les bouteilles, les \u00e9tiquettes, les plaquettes d\u2019oreille, le mat\u00e9riel de reproduction, les tuyaux d\u2019irrigation et conduites d\u2019eau, des \u00e9quipements de protection individuelle tels que gants, bottes, masques et lunettes de protection, ainsi que d\u2019autres conteneurs et infrastructures agricoles. Soucieux de g\u00e9rer leurs exploitations de fa\u00e7on responsable, les producteurs souhaitent collaborer avec les gouvernements et les partenaires du secteur afin d\u2019am\u00e9liorer le recyclage, la valorisation et la gestion responsable de ces produits \u00e0 la fin de leur dur\u00e9e de vie utile.<\/p>\n<p>Toutefois, les exigences de d\u00e9claration propos\u00e9es pour la phase 2 leur imposeraient une lourde charge administrative, sans pour autant fournir gu\u00e8re plus d\u2019informations que les donn\u00e9es d\u00e9j\u00e0 collect\u00e9es \u00e0 l\u2019heure actuelle par les m\u00e9canismes des cha\u00eenes d\u2019approvisionnement.<\/p>\n<p>Selon les modalit\u00e9s pr\u00e9vues, la phase 2 pourrait exiger la d\u00e9claration de la quantit\u00e9 de plastiques utilis\u00e9e dans chaque exploitation agricole. Puisque des donn\u00e9es semblables sont d\u00e9j\u00e0 collect\u00e9es et peuvent \u00eatre obtenues plus facilement aupr\u00e8s des fabricants et des fournisseurs de plastiques, cette exigence risquerait d\u2019instaurer un syst\u00e8me de d\u00e9claration redondant et inefficace. Les milliers de rapports individuels qu\u2019elle pourrait g\u00e9n\u00e9rer alourdiraient la charge administrative du gouvernement et des producteurs, lesquels auraient moins de temps et de ressources \u00e0 consacrer \u00e0 des activit\u00e9s agricoles essentielles. Une approche plus simple permettrait de mieux concilier les objectifs environnementaux et les r\u00e9alit\u00e9s de l\u2019activit\u00e9 agricole.<\/p>\n<p>Au lieu d\u2019imposer de nouvelles obligations de d\u00e9claration \u00e0 chaque agriculteur, nous encourageons le gouvernement \u00e0 exempter les exploitations agricoles \u2013 qu\u2019elles soient terrestres ou aquatiques \u2013 de ces exigences et \u00e0 trouver des moyens plus efficaces de collecter les donn\u00e9es n\u00e9cessaires sur les plastiques agricoles. La pause actuelle donne une importante occasion de raffiner le cadre r\u00e9glementaire et d\u2019\u00e9viter d\u2019alourdir involontairement le fardeau des producteurs.<\/p>\n<p>Au vu de la situation, nous recommandons au gouvernement :<\/p>\n<ul>\n<li>de ne pas exiger la d\u00e9claration de la quantit\u00e9 de plastiques utilis\u00e9e dans chaque exploitation agricole \u2013 qu\u2019elle soit terrestre ou aquatique \u2013 mais plut\u00f4t de collecter ces donn\u00e9es en amont et en aval des exploitations agricoles;<\/li>\n<\/ul>\n<ul>\n<li>d\u2019exploiter les donn\u00e9es d\u00e9j\u00e0 collect\u00e9es aupr\u00e8s des fabricants et fournisseurs de plastiques agricoles d\u00e9j\u00e0 tenus de d\u00e9clarer ces informations au registre;<\/li>\n<li>de travailler en concertation avec les organisations agricoles et les partenaires de l\u2019industrie en vue de trouver d\u2019autres moyens de collecter toute autre donn\u00e9e n\u00e9cessaire.<\/li>\n<\/ul>\n<p>&nbsp;<\/p>\n<p>Cette strat\u00e9gie appuierait les objectifs du Registre f\u00e9d\u00e9ral sur les plastiques tout en r\u00e9duisant les chevauchements et les lourdeurs administratives inutiles. Elle cadrerait aussi avec l\u2019engagement du gouvernement d\u2019all\u00e9ger le fardeau administratif et garantirait que les cadres r\u00e9glementaires sont pratiques et efficaces.<\/p>\n<p>Le secteur agricole du Canada demeure d\u00e9termin\u00e9 \u00e0 collaborer avec le gouvernement du Canada pour<\/p>\n<p>am\u00e9liorer la gestion et la r\u00e9cup\u00e9ration des plastiques agricoles. Nous sommes \u00e0 votre enti\u00e8re disposition pour discuter de ces recommandations plus avant.<\/p>\n<p>Nous vous remercions de votre attention et vous prions d\u2019agr\u00e9er, Madame la Ministre, l\u2019expression de notre tr\u00e8s haute consid\u00e9ration.<\/p>\n<p>&nbsp;<\/p>\n<p>Alliance canadienne de l\u2019horticulture ornementale<\/p>\n<p>Alliance de l\u2019industrie canadienne de l\u2019aquaculture<\/p>\n<p>Association canadienne des bovins<\/p>\n<p>Association nationale des engraisseurs de bovins<\/p>\n<p>Canadian Canola Growers Association<\/p>\n<p>Canadian Sugar Beet Producers Association<\/p>\n<p>Conseil canadien du miel<\/p>\n<p>Conseil canadien du porc<\/p>\n<p>\u00c9leveurs de dindons du Canada<\/p>\n<p>F\u00e9d\u00e9ration canadienne de l\u2019agriculture Mushrooms Canada<\/p>\n<p>Ontario Greenhouse Vegetable Growers<\/p>\n<p>Producteurs de fruits et l\u00e9gumes du Canada<\/p>\n<p>Producteurs de grains du Canada<\/p>\n<p>Producteurs laitiers du Canada<\/p>\n<p>R\u00e9seau ovin national<\/p>","protected":false},"excerpt":{"rendered":"<p>Le 28 avril 2026 L\u2019honorable Julie Dabrusin, C.P., d\u00e9put\u00e9e Ministre de l\u2019Environnement, du Changement climatique et de la Nature Chambre des communes Ottawa (Ontario) K1A 0A6 Lettre adress\u00e9e par courriel \u00e0 : ministre-minister@ec.gc.ca Objet : Exigences en mati\u00e8re de d\u00e9claration des plastiques utilis\u00e9s \u00e0 la ferme pour la phase 2 du Registre f\u00e9d\u00e9ral sur les [&hellip;]<\/p>\n","protected":false},"author":5,"featured_media":0,"comment_status":"closed","ping_status":"closed","sticky":false,"template":"","format":"standard","meta":{"_et_pb_use_builder":"","_et_pb_old_content":"","_et_gb_content_width":"","footnotes":""},"categories":[23],"tags":[],"class_list":["post-41243","post","type-post","status-publish","format-standard","hentry","category-actualites"],"yoast_head":"<!-- This site is optimized with the Yoast SEO plugin v27.4 - https:\/\/yoast.com\/product\/yoast-seo-wordpress\/ -->\n<title>Lettre au sujet d&#039;exigences en mati\u00e8re de d\u00e9claration des plastiques utilis\u00e9s \u00e0 la ferme pour la phase 2 du Registre f\u00e9d\u00e9ral sur les plastiques - FVGC<\/title>\n<meta name=\"robots\" content=\"index, follow, max-snippet:-1, max-image-preview:large, max-video-preview:-1\" \/>\n<link rel=\"canonical\" href=\"https:\/\/fvgc.ca\/fr\/2026\/04\/28\/lettre-au-sujet-dexigences-en-matiere-de-declaration-des-plastiques-utilises-a-la-ferme-pour-la-phase-2-du-registre-federal-sur-les-plastiques\/\" \/>\n<meta property=\"og:locale\" content=\"fr_CA\" \/>\n<meta property=\"og:type\" content=\"article\" \/>\n<meta property=\"og:title\" content=\"Lettre au sujet d&#039;exigences en mati\u00e8re de d\u00e9claration des plastiques utilis\u00e9s \u00e0 la ferme pour la phase 2 du Registre f\u00e9d\u00e9ral sur les plastiques - FVGC\" \/>\n<meta property=\"og:description\" content=\"Le 28 avril 2026 L\u2019honorable Julie Dabrusin, C.P., d\u00e9put\u00e9e Ministre de l\u2019Environnement, du Changement climatique et de la Nature Chambre des communes Ottawa (Ontario) K1A 0A6 Lettre adress\u00e9e par courriel \u00e0 : ministre-minister@ec.gc.ca Objet : Exigences en mati\u00e8re de d\u00e9claration des plastiques utilis\u00e9s \u00e0 la ferme pour la phase 2 du Registre f\u00e9d\u00e9ral sur les [&hellip;]\" \/>\n<meta property=\"og:url\" content=\"https:\/\/fvgc.ca\/fr\/2026\/04\/28\/lettre-au-sujet-dexigences-en-matiere-de-declaration-des-plastiques-utilises-a-la-ferme-pour-la-phase-2-du-registre-federal-sur-les-plastiques\/\" \/>\n<meta property=\"og:site_name\" content=\"FVGC\" \/>\n<meta property=\"article:published_time\" content=\"2026-04-28T19:49:12+00:00\" \/>\n<meta property=\"article:modified_time\" content=\"2026-04-30T19:51:18+00:00\" \/>\n<meta name=\"author\" content=\"Ashley Peyrard\" \/>\n<meta name=\"twitter:card\" content=\"summary_large_image\" \/>\n<meta name=\"twitter:label1\" content=\"\u00c9crit par\" \/>\n\t<meta name=\"twitter:data1\" content=\"Ashley Peyrard\" \/>\n\t<meta name=\"twitter:label2\" content=\"Estimation du temps de lecture\" \/>\n\t<meta name=\"twitter:data2\" content=\"4 minutes\" \/>\n<script type=\"application\/ld+json\" class=\"yoast-schema-graph\">{\"@context\":\"https:\\\/\\\/schema.org\",\"@graph\":[{\"@type\":\"Article\",\"@id\":\"https:\\\/\\\/fvgc.ca\\\/2026\\\/04\\\/28\\\/lettre-au-sujet-dexigences-en-matiere-de-declaration-des-plastiques-utilises-a-la-ferme-pour-la-phase-2-du-registre-federal-sur-les-plastiques\\\/#article\",\"isPartOf\":{\"@id\":\"https:\\\/\\\/fvgc.ca\\\/2026\\\/04\\\/28\\\/lettre-au-sujet-dexigences-en-matiere-de-declaration-des-plastiques-utilises-a-la-ferme-pour-la-phase-2-du-registre-federal-sur-les-plastiques\\\/\"},\"author\":{\"name\":\"Ashley Peyrard\",\"@id\":\"https:\\\/\\\/fvgc.ca\\\/#\\\/schema\\\/person\\\/5d5ec6451ef7dc9293fb481d46af0c11\"},\"headline\":\"Lettre au sujet d&#8217;exigences en mati\u00e8re de d\u00e9claration des plastiques utilis\u00e9s \u00e0 la ferme pour la phase 2 du Registre f\u00e9d\u00e9ral sur les plastiques\",\"datePublished\":\"2026-04-28T19:49:12+00:00\",\"dateModified\":\"2026-04-30T19:51:18+00:00\",\"mainEntityOfPage\":{\"@id\":\"https:\\\/\\\/fvgc.ca\\\/2026\\\/04\\\/28\\\/lettre-au-sujet-dexigences-en-matiere-de-declaration-des-plastiques-utilises-a-la-ferme-pour-la-phase-2-du-registre-federal-sur-les-plastiques\\\/\"},\"wordCount\":937,\"articleSection\":[\"Actualit\u00e9s\"],\"inLanguage\":\"fr-CA\"},{\"@type\":\"WebPage\",\"@id\":\"https:\\\/\\\/fvgc.ca\\\/2026\\\/04\\\/28\\\/lettre-au-sujet-dexigences-en-matiere-de-declaration-des-plastiques-utilises-a-la-ferme-pour-la-phase-2-du-registre-federal-sur-les-plastiques\\\/\",\"url\":\"https:\\\/\\\/fvgc.ca\\\/2026\\\/04\\\/28\\\/lettre-au-sujet-dexigences-en-matiere-de-declaration-des-plastiques-utilises-a-la-ferme-pour-la-phase-2-du-registre-federal-sur-les-plastiques\\\/\",\"name\":\"Lettre au sujet d'exigences en mati\u00e8re de d\u00e9claration des plastiques utilis\u00e9s \u00e0 la ferme pour la phase 2 du Registre f\u00e9d\u00e9ral sur les plastiques - FVGC\",\"isPartOf\":{\"@id\":\"https:\\\/\\\/fvgc.ca\\\/#website\"},\"datePublished\":\"2026-04-28T19:49:12+00:00\",\"dateModified\":\"2026-04-30T19:51:18+00:00\",\"author\":{\"@id\":\"https:\\\/\\\/fvgc.ca\\\/#\\\/schema\\\/person\\\/5d5ec6451ef7dc9293fb481d46af0c11\"},\"breadcrumb\":{\"@id\":\"https:\\\/\\\/fvgc.ca\\\/2026\\\/04\\\/28\\\/lettre-au-sujet-dexigences-en-matiere-de-declaration-des-plastiques-utilises-a-la-ferme-pour-la-phase-2-du-registre-federal-sur-les-plastiques\\\/#breadcrumb\"},\"inLanguage\":\"fr-CA\",\"potentialAction\":[{\"@type\":\"ReadAction\",\"target\":[\"https:\\\/\\\/fvgc.ca\\\/2026\\\/04\\\/28\\\/lettre-au-sujet-dexigences-en-matiere-de-declaration-des-plastiques-utilises-a-la-ferme-pour-la-phase-2-du-registre-federal-sur-les-plastiques\\\/\"]}]},{\"@type\":\"BreadcrumbList\",\"@id\":\"https:\\\/\\\/fvgc.ca\\\/2026\\\/04\\\/28\\\/lettre-au-sujet-dexigences-en-matiere-de-declaration-des-plastiques-utilises-a-la-ferme-pour-la-phase-2-du-registre-federal-sur-les-plastiques\\\/#breadcrumb\",\"itemListElement\":[{\"@type\":\"ListItem\",\"position\":1,\"name\":\"Home\",\"item\":\"https:\\\/\\\/fvgc.ca\\\/\"},{\"@type\":\"ListItem\",\"position\":2,\"name\":\"Lettre au sujet d&#8217;exigences en mati\u00e8re de d\u00e9claration des plastiques utilis\u00e9s \u00e0 la ferme pour la phase 2 du Registre f\u00e9d\u00e9ral sur les plastiques\"}]},{\"@type\":\"WebSite\",\"@id\":\"https:\\\/\\\/fvgc.ca\\\/#website\",\"url\":\"https:\\\/\\\/fvgc.ca\\\/\",\"name\":\"FVGC\",\"description\":\"Representing Growers Across the Country\",\"potentialAction\":[{\"@type\":\"SearchAction\",\"target\":{\"@type\":\"EntryPoint\",\"urlTemplate\":\"https:\\\/\\\/fvgc.ca\\\/?s={search_term_string}\"},\"query-input\":{\"@type\":\"PropertyValueSpecification\",\"valueRequired\":true,\"valueName\":\"search_term_string\"}}],\"inLanguage\":\"fr-CA\"},{\"@type\":\"Person\",\"@id\":\"https:\\\/\\\/fvgc.ca\\\/#\\\/schema\\\/person\\\/5d5ec6451ef7dc9293fb481d46af0c11\",\"name\":\"Ashley Peyrard\",\"url\":\"https:\\\/\\\/fvgc.ca\\\/fr\\\/author\\\/fruit-and-vegetable-growers-of-canada\\\/\"}]}<\/script>\n<!-- \/ Yoast SEO plugin. -->","yoast_head_json":{"title":"Lettre au sujet d'exigences en mati\u00e8re de d\u00e9claration des plastiques utilis\u00e9s \u00e0 la ferme pour la phase 2 du Registre f\u00e9d\u00e9ral sur les plastiques - FVGC","robots":{"index":"index","follow":"follow","max-snippet":"max-snippet:-1","max-image-preview":"max-image-preview:large","max-video-preview":"max-video-preview:-1"},"canonical":"https:\/\/fvgc.ca\/fr\/2026\/04\/28\/lettre-au-sujet-dexigences-en-matiere-de-declaration-des-plastiques-utilises-a-la-ferme-pour-la-phase-2-du-registre-federal-sur-les-plastiques\/","og_locale":"fr_CA","og_type":"article","og_title":"Lettre au sujet d'exigences en mati\u00e8re de d\u00e9claration des plastiques utilis\u00e9s \u00e0 la ferme pour la phase 2 du Registre f\u00e9d\u00e9ral sur les plastiques - FVGC","og_description":"Le 28 avril 2026 L\u2019honorable Julie Dabrusin, C.P., d\u00e9put\u00e9e Ministre de l\u2019Environnement, du Changement climatique et de la Nature Chambre des communes Ottawa (Ontario) K1A 0A6 Lettre adress\u00e9e par courriel \u00e0 : ministre-minister@ec.gc.ca Objet : Exigences en mati\u00e8re de d\u00e9claration des plastiques utilis\u00e9s \u00e0 la ferme pour la phase 2 du Registre f\u00e9d\u00e9ral sur les [&hellip;]","og_url":"https:\/\/fvgc.ca\/fr\/2026\/04\/28\/lettre-au-sujet-dexigences-en-matiere-de-declaration-des-plastiques-utilises-a-la-ferme-pour-la-phase-2-du-registre-federal-sur-les-plastiques\/","og_site_name":"FVGC","article_published_time":"2026-04-28T19:49:12+00:00","article_modified_time":"2026-04-30T19:51:18+00:00","author":"Ashley Peyrard","twitter_card":"summary_large_image","twitter_misc":{"\u00c9crit par":"Ashley Peyrard","Estimation du temps de lecture":"4 minutes"},"schema":{"@context":"https:\/\/schema.org","@graph":[{"@type":"Article","@id":"https:\/\/fvgc.ca\/2026\/04\/28\/lettre-au-sujet-dexigences-en-matiere-de-declaration-des-plastiques-utilises-a-la-ferme-pour-la-phase-2-du-registre-federal-sur-les-plastiques\/#article","isPartOf":{"@id":"https:\/\/fvgc.ca\/2026\/04\/28\/lettre-au-sujet-dexigences-en-matiere-de-declaration-des-plastiques-utilises-a-la-ferme-pour-la-phase-2-du-registre-federal-sur-les-plastiques\/"},"author":{"name":"Ashley Peyrard","@id":"https:\/\/fvgc.ca\/#\/schema\/person\/5d5ec6451ef7dc9293fb481d46af0c11"},"headline":"Lettre au sujet d&#8217;exigences en mati\u00e8re de d\u00e9claration des plastiques utilis\u00e9s \u00e0 la ferme pour la phase 2 du Registre f\u00e9d\u00e9ral sur les plastiques","datePublished":"2026-04-28T19:49:12+00:00","dateModified":"2026-04-30T19:51:18+00:00","mainEntityOfPage":{"@id":"https:\/\/fvgc.ca\/2026\/04\/28\/lettre-au-sujet-dexigences-en-matiere-de-declaration-des-plastiques-utilises-a-la-ferme-pour-la-phase-2-du-registre-federal-sur-les-plastiques\/"},"wordCount":937,"articleSection":["Actualit\u00e9s"],"inLanguage":"fr-CA"},{"@type":"WebPage","@id":"https:\/\/fvgc.ca\/2026\/04\/28\/lettre-au-sujet-dexigences-en-matiere-de-declaration-des-plastiques-utilises-a-la-ferme-pour-la-phase-2-du-registre-federal-sur-les-plastiques\/","url":"https:\/\/fvgc.ca\/2026\/04\/28\/lettre-au-sujet-dexigences-en-matiere-de-declaration-des-plastiques-utilises-a-la-ferme-pour-la-phase-2-du-registre-federal-sur-les-plastiques\/","name":"Lettre au sujet d'exigences en mati\u00e8re de d\u00e9claration des plastiques utilis\u00e9s \u00e0 la ferme pour la phase 2 du Registre f\u00e9d\u00e9ral sur les plastiques - FVGC","isPartOf":{"@id":"https:\/\/fvgc.ca\/#website"},"datePublished":"2026-04-28T19:49:12+00:00","dateModified":"2026-04-30T19:51:18+00:00","author":{"@id":"https:\/\/fvgc.ca\/#\/schema\/person\/5d5ec6451ef7dc9293fb481d46af0c11"},"breadcrumb":{"@id":"https:\/\/fvgc.ca\/2026\/04\/28\/lettre-au-sujet-dexigences-en-matiere-de-declaration-des-plastiques-utilises-a-la-ferme-pour-la-phase-2-du-registre-federal-sur-les-plastiques\/#breadcrumb"},"inLanguage":"fr-CA","potentialAction":[{"@type":"ReadAction","target":["https:\/\/fvgc.ca\/2026\/04\/28\/lettre-au-sujet-dexigences-en-matiere-de-declaration-des-plastiques-utilises-a-la-ferme-pour-la-phase-2-du-registre-federal-sur-les-plastiques\/"]}]},{"@type":"BreadcrumbList","@id":"https:\/\/fvgc.ca\/2026\/04\/28\/lettre-au-sujet-dexigences-en-matiere-de-declaration-des-plastiques-utilises-a-la-ferme-pour-la-phase-2-du-registre-federal-sur-les-plastiques\/#breadcrumb","itemListElement":[{"@type":"ListItem","position":1,"name":"Home","item":"https:\/\/fvgc.ca\/"},{"@type":"ListItem","position":2,"name":"Lettre au sujet d&#8217;exigences en mati\u00e8re de d\u00e9claration des plastiques utilis\u00e9s \u00e0 la ferme pour la phase 2 du Registre f\u00e9d\u00e9ral sur les plastiques"}]},{"@type":"WebSite","@id":"https:\/\/fvgc.ca\/#website","url":"https:\/\/fvgc.ca\/","name":"FVGC","description":"Representing Growers Across the Country","potentialAction":[{"@type":"SearchAction","target":{"@type":"EntryPoint","urlTemplate":"https:\/\/fvgc.ca\/?s={search_term_string}"},"query-input":{"@type":"PropertyValueSpecification","valueRequired":true,"valueName":"search_term_string"}}],"inLanguage":"fr-CA"},{"@type":"Person","@id":"https:\/\/fvgc.ca\/#\/schema\/person\/5d5ec6451ef7dc9293fb481d46af0c11","name":"Ashley Peyrard","url":"https:\/\/fvgc.ca\/fr\/author\/fruit-and-vegetable-growers-of-canada\/"}]}},"jetpack_featured_media_url":"","_links":{"self":[{"href":"https:\/\/fvgc.ca\/fr\/wp-json\/wp\/v2\/posts\/41243","targetHints":{"allow":["GET"]}}],"collection":[{"href":"https:\/\/fvgc.ca\/fr\/wp-json\/wp\/v2\/posts"}],"about":[{"href":"https:\/\/fvgc.ca\/fr\/wp-json\/wp\/v2\/types\/post"}],"author":[{"embeddable":true,"href":"https:\/\/fvgc.ca\/fr\/wp-json\/wp\/v2\/users\/5"}],"replies":[{"embeddable":true,"href":"https:\/\/fvgc.ca\/fr\/wp-json\/wp\/v2\/comments?post=41243"}],"version-history":[{"count":1,"href":"https:\/\/fvgc.ca\/fr\/wp-json\/wp\/v2\/posts\/41243\/revisions"}],"predecessor-version":[{"id":41244,"href":"https:\/\/fvgc.ca\/fr\/wp-json\/wp\/v2\/posts\/41243\/revisions\/41244"}],"wp:attachment":[{"href":"https:\/\/fvgc.ca\/fr\/wp-json\/wp\/v2\/media?parent=41243"}],"wp:term":[{"taxonomy":"category","embeddable":true,"href":"https:\/\/fvgc.ca\/fr\/wp-json\/wp\/v2\/categories?post=41243"},{"taxonomy":"post_tag","embeddable":true,"href":"https:\/\/fvgc.ca\/fr\/wp-json\/wp\/v2\/tags?post=41243"}],"curies":[{"name":"wp","href":"https:\/\/api.w.org\/{rel}","templated":true}]}}