{"id":41235,"date":"2026-04-29T16:12:58","date_gmt":"2026-04-29T20:12:58","guid":{"rendered":"https:\/\/fvgc.ca\/?p=41235"},"modified":"2026-04-29T16:12:58","modified_gmt":"2026-04-29T20:12:58","slug":"les-pflc-saluent-les-engagements-envers-les-considerations-alimentaires-contenus-dans-la-mise-a-jour-economique-du-printemps","status":"publish","type":"post","link":"https:\/\/fvgc.ca\/fr\/2026\/04\/29\/les-pflc-saluent-les-engagements-envers-les-considerations-alimentaires-contenus-dans-la-mise-a-jour-economique-du-printemps\/","title":{"rendered":"Les PFLC saluent les engagements envers les consid\u00e9rations alimentaires contenus dans la Mise \u00e0 jour \u00e9conomique du printemps"},"content":{"rendered":"<p>OTTAWA, ON &#8211;\u00a0Les Producteurs de fruits et l\u00e9gumes du Canada (PFLC) saluent les mesures cibl\u00e9es annonc\u00e9es dans la Mise \u00e0 jour \u00e9conomique du printemps de 2026 du gouvernement f\u00e9d\u00e9ral, qui reconnaissent l\u2019importance de placer l\u2019alimentation au c\u0153ur des d\u00e9cisions r\u00e9glementaires \u00e0 l\u2019\u00e9chelle f\u00e9d\u00e9rale.<\/p>\n<p>La Mise \u00e0 jour \u00e9conomique du printemps de 2026 annonce l\u2019intention du gouvernement de modifier la <em>Loi sur l\u2019Agence canadienne d\u2019inspection des aliments<\/em> et la <em>Loi sur les produits antiparasitaires<\/em> de mani\u00e8re \u00e0 pr\u00e9voir la prise en compte de la s\u00e9curit\u00e9 alimentaire.\u00a0Elle propose \u00e9galement d\u2019investir 24\u00a0millions de dollars sur quatre ans, \u00e0 partir de 2027-2028, ainsi que 9 millions de dollars par an par la suite, afin de permettre \u00e0 Sant\u00e9 Canada d\u2019accro\u00eetre sa capacit\u00e9 d\u2019analyse \u00e9conomique et d\u2019optimiser les processus d\u2019examen des produits antiparasitaires.<\/p>\n<p>\u00ab\u00a0Les PFLC r\u00e9clament depuis longtemps que l\u2019alimentation soit au c\u0153ur de la prise de d\u00e9cision \u00e0 l\u2019\u00e9chelle f\u00e9d\u00e9rale\u00a0\u00bb, a d\u00e9clar\u00e9 Carla Ventin, directrice g\u00e9n\u00e9rale par int\u00e9rim des PFLC. \u00ab\u00a0La s\u00e9curit\u00e9 alimentaire repose sur des producteurs r\u00e9silients, notamment sur leur capacit\u00e9 d\u2019acc\u00e9der, en temps opportun, aux intrants agricoles dont ils ont besoin. La r\u00e9glementation doit donc prot\u00e9ger la sant\u00e9, la s\u00e9curit\u00e9 et l\u2019environnement, tout en tenant compte des r\u00e9percussions concr\u00e8tes des d\u00e9cisions r\u00e9glementaires sur les producteurs canadiens.\u00a0\u00bb<\/p>\n<p>Pour les producteurs de fruits et l\u00e9gumes, il est essentiel que les d\u00e9cisions r\u00e9glementaires soient prises en temps opportun et de fa\u00e7on pr\u00e9visible. Les producteurs doivent composer avec des pressions croissantes li\u00e9es \u00e0 la hausse des co\u00fbts des intrants (notamment les engrais et le carburant), aux p\u00e9nuries de main-d\u2019\u0153uvre, aux al\u00e9as climatiques, aux ravageurs et aux maladies, ainsi qu\u2019aux d\u00e9fis li\u00e9s \u00e0 la comp\u00e9titivit\u00e9 mondiale. Lorsque les syst\u00e8mes de r\u00e9glementation ne tiennent pas compte de la s\u00e9curit\u00e9 alimentaire ou de la comp\u00e9titivit\u00e9, les r\u00e9percussions finissent par se faire sentir dans l\u2019ensemble de la cha\u00eene d\u2019approvisionnement alimentaire.<\/p>\n<p>Les propositions de modification par le gouvernement s\u2019alignent \u00e9galement sur les recommandations r\u00e9centes du Comit\u00e9 permanent de l\u2019agriculture et de l\u2019agroalimentaire de la Chambre des communes, qui a demand\u00e9 \u00e0 l\u2019Agence canadienne d\u2019inspection des aliments (ACIA) et \u00e0 la Direction de la r\u00e9glementation des pesticides (DRP) (anciennement l\u2019Agence de r\u00e9glementation de la lutte antiparasitaire) de prendre en compte les r\u00e9percussions \u00e9conomiques et la s\u00e9curit\u00e9 alimentaire\u00a0dans leurs d\u00e9cisions r\u00e9glementaires, tout en garantissant des normes \u00e9lev\u00e9es de sant\u00e9 et de s\u00e9curit\u00e9.<\/p>\n<p>\u00ab\u00a0Placer l\u2019alimentation au c\u0153ur des activit\u00e9s de l\u2019ACIA et de la DRP constitue une \u00e9tape importante vers un syst\u00e8me r\u00e9glementaire plus r\u00e9actif, et nous exhortons le gouvernement \u00e0 acc\u00e9l\u00e9rer la mise en \u0153uvre de cette approche\u00a0\u00bb, a ajout\u00e9 Chris Duyvelshoff, pr\u00e9sident du Groupe consultatif sur la protection des cultures des PFLC. \u00ab\u00a0Les PFLC ont h\u00e2te d\u2019examiner les d\u00e9tails au fur et \u00e0 mesure qu\u2019ils seront disponibles et de collaborer avec le gouvernement afin de veiller \u00e0 ce que ces engagements se traduisent par des am\u00e9liorations pratiques pour les producteurs canadiens.\u00a0 La mise en \u0153uvre doit r\u00e9duire les obstacles, et non imposer de nouveaux co\u00fbts au secteur ni accro\u00eetre l\u2019incertitude.\u00a0\u00bb<\/p>\n<p>La Mise \u00e0 jour \u00e9conomique du printemps r\u00e9it\u00e8re l\u2019engagement du gouvernement \u00e0 \u00e9laborer une strat\u00e9gie nationale de s\u00e9curit\u00e9 alimentaire. Les PFLC continueront de plaider en faveur d\u2019une strat\u00e9gie reconnaissant le r\u00f4le central de la production nationale de fruits et l\u00e9gumes dans la s\u00e9curit\u00e9 alimentaire du Canada.<\/p>\n<p><strong>Pour plus d&#8217;informations, veuillez contacter:<\/strong><\/p>\n<p>Ashley Peyrard<br \/>\nGestionnaire, affaires publiques<br \/>\nProducteurs de fruits et l\u00e9gumes du Canada<br \/>\napeyrard@fvgc.ca<br \/>\n613-226-4880 poste 209<\/p>\n<p><em>Les Producteurs de fruits et l\u00e9gumes du Canada (PFLC) repr\u00e9sentent des producteurs de tout le pays qui produisent plus de 120 types de cultures sur plus de 14 000 entreprises agricoles, pour une valeur \u00e0 la ferme de 8 milliards de dollars. Les PFLC sont une association nationale b\u00e9n\u00e9vole \u00e0 but non lucratif bas\u00e9e \u00e0 Ottawa. Depuis 1922, nous d\u00e9fendons les int\u00e9r\u00eats des producteurs de fruits et l\u00e9gumes sur des questions importantes qui ont un impact sur le secteur des produits frais au Canada, en faisant la promotion d\u2019aliments sains, s\u00fbrs et durables, et en assurant le succ\u00e8s et la croissance continus de l&#8217;industrie.<\/em><\/p>\n<p style=\"text-align: center;\">&#8211; 30 &#8211;<\/p>","protected":false},"excerpt":{"rendered":"<p>OTTAWA, ON &#8211;\u00a0Les Producteurs de fruits et l\u00e9gumes du Canada (PFLC) saluent les mesures cibl\u00e9es annonc\u00e9es dans la Mise \u00e0 jour \u00e9conomique du printemps de 2026 du gouvernement f\u00e9d\u00e9ral, qui reconnaissent l\u2019importance de placer l\u2019alimentation au c\u0153ur des d\u00e9cisions r\u00e9glementaires \u00e0 l\u2019\u00e9chelle f\u00e9d\u00e9rale. La Mise \u00e0 jour \u00e9conomique du printemps de 2026 annonce l\u2019intention du [&hellip;]<\/p>\n","protected":false},"author":5,"featured_media":0,"comment_status":"closed","ping_status":"closed","sticky":false,"template":"","format":"standard","meta":{"_et_pb_use_builder":"","_et_pb_old_content":"","_et_gb_content_width":"","footnotes":""},"categories":[23],"tags":[],"class_list":["post-41235","post","type-post","status-publish","format-standard","hentry","category-actualites"],"yoast_head":"<!-- This site is optimized with the Yoast SEO plugin v27.4 - https:\/\/yoast.com\/product\/yoast-seo-wordpress\/ -->\n<title>Les PFLC saluent les engagements envers les consid\u00e9rations alimentaires contenus dans la Mise \u00e0 jour \u00e9conomique du printemps - FVGC<\/title>\n<meta name=\"robots\" content=\"index, follow, max-snippet:-1, max-image-preview:large, max-video-preview:-1\" \/>\n<link rel=\"canonical\" href=\"https:\/\/fvgc.ca\/fr\/2026\/04\/29\/les-pflc-saluent-les-engagements-envers-les-considerations-alimentaires-contenus-dans-la-mise-a-jour-economique-du-printemps\/\" \/>\n<meta property=\"og:locale\" content=\"fr_CA\" \/>\n<meta property=\"og:type\" content=\"article\" \/>\n<meta property=\"og:title\" content=\"Les PFLC saluent les engagements envers les consid\u00e9rations alimentaires contenus dans la Mise \u00e0 jour \u00e9conomique du printemps - FVGC\" \/>\n<meta property=\"og:description\" content=\"OTTAWA, ON &#8211;\u00a0Les Producteurs de fruits et l\u00e9gumes du Canada (PFLC) saluent les mesures cibl\u00e9es annonc\u00e9es dans la Mise \u00e0 jour \u00e9conomique du printemps de 2026 du gouvernement f\u00e9d\u00e9ral, qui reconnaissent l\u2019importance de placer l\u2019alimentation au c\u0153ur des d\u00e9cisions r\u00e9glementaires \u00e0 l\u2019\u00e9chelle f\u00e9d\u00e9rale. La Mise \u00e0 jour \u00e9conomique du printemps de 2026 annonce l\u2019intention du [&hellip;]\" \/>\n<meta property=\"og:url\" content=\"https:\/\/fvgc.ca\/fr\/2026\/04\/29\/les-pflc-saluent-les-engagements-envers-les-considerations-alimentaires-contenus-dans-la-mise-a-jour-economique-du-printemps\/\" \/>\n<meta property=\"og:site_name\" content=\"FVGC\" \/>\n<meta property=\"article:published_time\" content=\"2026-04-29T20:12:58+00:00\" \/>\n<meta name=\"author\" content=\"Ashley Peyrard\" \/>\n<meta name=\"twitter:card\" content=\"summary_large_image\" \/>\n<meta name=\"twitter:label1\" content=\"\u00c9crit par\" \/>\n\t<meta name=\"twitter:data1\" content=\"Ashley Peyrard\" \/>\n\t<meta name=\"twitter:label2\" content=\"Estimation du temps de lecture\" \/>\n\t<meta name=\"twitter:data2\" content=\"3 minutes\" \/>\n<script type=\"application\/ld+json\" class=\"yoast-schema-graph\">{\"@context\":\"https:\\\/\\\/schema.org\",\"@graph\":[{\"@type\":\"Article\",\"@id\":\"https:\\\/\\\/fvgc.ca\\\/2026\\\/04\\\/29\\\/les-pflc-saluent-les-engagements-envers-les-considerations-alimentaires-contenus-dans-la-mise-a-jour-economique-du-printemps\\\/#article\",\"isPartOf\":{\"@id\":\"https:\\\/\\\/fvgc.ca\\\/2026\\\/04\\\/29\\\/les-pflc-saluent-les-engagements-envers-les-considerations-alimentaires-contenus-dans-la-mise-a-jour-economique-du-printemps\\\/\"},\"author\":{\"name\":\"Ashley Peyrard\",\"@id\":\"https:\\\/\\\/fvgc.ca\\\/#\\\/schema\\\/person\\\/5d5ec6451ef7dc9293fb481d46af0c11\"},\"headline\":\"Les PFLC saluent les engagements envers les consid\u00e9rations alimentaires contenus dans la Mise \u00e0 jour \u00e9conomique du printemps\",\"datePublished\":\"2026-04-29T20:12:58+00:00\",\"mainEntityOfPage\":{\"@id\":\"https:\\\/\\\/fvgc.ca\\\/2026\\\/04\\\/29\\\/les-pflc-saluent-les-engagements-envers-les-considerations-alimentaires-contenus-dans-la-mise-a-jour-economique-du-printemps\\\/\"},\"wordCount\":785,\"articleSection\":[\"Actualit\u00e9s\"],\"inLanguage\":\"fr-CA\"},{\"@type\":\"WebPage\",\"@id\":\"https:\\\/\\\/fvgc.ca\\\/2026\\\/04\\\/29\\\/les-pflc-saluent-les-engagements-envers-les-considerations-alimentaires-contenus-dans-la-mise-a-jour-economique-du-printemps\\\/\",\"url\":\"https:\\\/\\\/fvgc.ca\\\/2026\\\/04\\\/29\\\/les-pflc-saluent-les-engagements-envers-les-considerations-alimentaires-contenus-dans-la-mise-a-jour-economique-du-printemps\\\/\",\"name\":\"Les PFLC saluent les engagements envers les consid\u00e9rations alimentaires contenus dans la Mise \u00e0 jour \u00e9conomique du printemps - FVGC\",\"isPartOf\":{\"@id\":\"https:\\\/\\\/fvgc.ca\\\/#website\"},\"datePublished\":\"2026-04-29T20:12:58+00:00\",\"author\":{\"@id\":\"https:\\\/\\\/fvgc.ca\\\/#\\\/schema\\\/person\\\/5d5ec6451ef7dc9293fb481d46af0c11\"},\"breadcrumb\":{\"@id\":\"https:\\\/\\\/fvgc.ca\\\/2026\\\/04\\\/29\\\/les-pflc-saluent-les-engagements-envers-les-considerations-alimentaires-contenus-dans-la-mise-a-jour-economique-du-printemps\\\/#breadcrumb\"},\"inLanguage\":\"fr-CA\",\"potentialAction\":[{\"@type\":\"ReadAction\",\"target\":[\"https:\\\/\\\/fvgc.ca\\\/2026\\\/04\\\/29\\\/les-pflc-saluent-les-engagements-envers-les-considerations-alimentaires-contenus-dans-la-mise-a-jour-economique-du-printemps\\\/\"]}]},{\"@type\":\"BreadcrumbList\",\"@id\":\"https:\\\/\\\/fvgc.ca\\\/2026\\\/04\\\/29\\\/les-pflc-saluent-les-engagements-envers-les-considerations-alimentaires-contenus-dans-la-mise-a-jour-economique-du-printemps\\\/#breadcrumb\",\"itemListElement\":[{\"@type\":\"ListItem\",\"position\":1,\"name\":\"Home\",\"item\":\"https:\\\/\\\/fvgc.ca\\\/\"},{\"@type\":\"ListItem\",\"position\":2,\"name\":\"Les PFLC saluent les engagements envers les consid\u00e9rations alimentaires contenus dans la Mise \u00e0 jour \u00e9conomique du printemps\"}]},{\"@type\":\"WebSite\",\"@id\":\"https:\\\/\\\/fvgc.ca\\\/#website\",\"url\":\"https:\\\/\\\/fvgc.ca\\\/\",\"name\":\"FVGC\",\"description\":\"Representing Growers Across the Country\",\"potentialAction\":[{\"@type\":\"SearchAction\",\"target\":{\"@type\":\"EntryPoint\",\"urlTemplate\":\"https:\\\/\\\/fvgc.ca\\\/?s={search_term_string}\"},\"query-input\":{\"@type\":\"PropertyValueSpecification\",\"valueRequired\":true,\"valueName\":\"search_term_string\"}}],\"inLanguage\":\"fr-CA\"},{\"@type\":\"Person\",\"@id\":\"https:\\\/\\\/fvgc.ca\\\/#\\\/schema\\\/person\\\/5d5ec6451ef7dc9293fb481d46af0c11\",\"name\":\"Ashley Peyrard\",\"url\":\"https:\\\/\\\/fvgc.ca\\\/fr\\\/author\\\/fruit-and-vegetable-growers-of-canada\\\/\"}]}<\/script>\n<!-- \/ Yoast SEO plugin. -->","yoast_head_json":{"title":"Les PFLC saluent les engagements envers les consid\u00e9rations alimentaires contenus dans la Mise \u00e0 jour \u00e9conomique du printemps - FVGC","robots":{"index":"index","follow":"follow","max-snippet":"max-snippet:-1","max-image-preview":"max-image-preview:large","max-video-preview":"max-video-preview:-1"},"canonical":"https:\/\/fvgc.ca\/fr\/2026\/04\/29\/les-pflc-saluent-les-engagements-envers-les-considerations-alimentaires-contenus-dans-la-mise-a-jour-economique-du-printemps\/","og_locale":"fr_CA","og_type":"article","og_title":"Les PFLC saluent les engagements envers les consid\u00e9rations alimentaires contenus dans la Mise \u00e0 jour \u00e9conomique du printemps - FVGC","og_description":"OTTAWA, ON &#8211;\u00a0Les Producteurs de fruits et l\u00e9gumes du Canada (PFLC) saluent les mesures cibl\u00e9es annonc\u00e9es dans la Mise \u00e0 jour \u00e9conomique du printemps de 2026 du gouvernement f\u00e9d\u00e9ral, qui reconnaissent l\u2019importance de placer l\u2019alimentation au c\u0153ur des d\u00e9cisions r\u00e9glementaires \u00e0 l\u2019\u00e9chelle f\u00e9d\u00e9rale. La Mise \u00e0 jour \u00e9conomique du printemps de 2026 annonce l\u2019intention du [&hellip;]","og_url":"https:\/\/fvgc.ca\/fr\/2026\/04\/29\/les-pflc-saluent-les-engagements-envers-les-considerations-alimentaires-contenus-dans-la-mise-a-jour-economique-du-printemps\/","og_site_name":"FVGC","article_published_time":"2026-04-29T20:12:58+00:00","author":"Ashley Peyrard","twitter_card":"summary_large_image","twitter_misc":{"\u00c9crit par":"Ashley Peyrard","Estimation du temps de lecture":"3 minutes"},"schema":{"@context":"https:\/\/schema.org","@graph":[{"@type":"Article","@id":"https:\/\/fvgc.ca\/2026\/04\/29\/les-pflc-saluent-les-engagements-envers-les-considerations-alimentaires-contenus-dans-la-mise-a-jour-economique-du-printemps\/#article","isPartOf":{"@id":"https:\/\/fvgc.ca\/2026\/04\/29\/les-pflc-saluent-les-engagements-envers-les-considerations-alimentaires-contenus-dans-la-mise-a-jour-economique-du-printemps\/"},"author":{"name":"Ashley Peyrard","@id":"https:\/\/fvgc.ca\/#\/schema\/person\/5d5ec6451ef7dc9293fb481d46af0c11"},"headline":"Les PFLC saluent les engagements envers les consid\u00e9rations alimentaires contenus dans la Mise \u00e0 jour \u00e9conomique du printemps","datePublished":"2026-04-29T20:12:58+00:00","mainEntityOfPage":{"@id":"https:\/\/fvgc.ca\/2026\/04\/29\/les-pflc-saluent-les-engagements-envers-les-considerations-alimentaires-contenus-dans-la-mise-a-jour-economique-du-printemps\/"},"wordCount":785,"articleSection":["Actualit\u00e9s"],"inLanguage":"fr-CA"},{"@type":"WebPage","@id":"https:\/\/fvgc.ca\/2026\/04\/29\/les-pflc-saluent-les-engagements-envers-les-considerations-alimentaires-contenus-dans-la-mise-a-jour-economique-du-printemps\/","url":"https:\/\/fvgc.ca\/2026\/04\/29\/les-pflc-saluent-les-engagements-envers-les-considerations-alimentaires-contenus-dans-la-mise-a-jour-economique-du-printemps\/","name":"Les PFLC saluent les engagements envers les consid\u00e9rations alimentaires contenus dans la Mise \u00e0 jour \u00e9conomique du printemps - FVGC","isPartOf":{"@id":"https:\/\/fvgc.ca\/#website"},"datePublished":"2026-04-29T20:12:58+00:00","author":{"@id":"https:\/\/fvgc.ca\/#\/schema\/person\/5d5ec6451ef7dc9293fb481d46af0c11"},"breadcrumb":{"@id":"https:\/\/fvgc.ca\/2026\/04\/29\/les-pflc-saluent-les-engagements-envers-les-considerations-alimentaires-contenus-dans-la-mise-a-jour-economique-du-printemps\/#breadcrumb"},"inLanguage":"fr-CA","potentialAction":[{"@type":"ReadAction","target":["https:\/\/fvgc.ca\/2026\/04\/29\/les-pflc-saluent-les-engagements-envers-les-considerations-alimentaires-contenus-dans-la-mise-a-jour-economique-du-printemps\/"]}]},{"@type":"BreadcrumbList","@id":"https:\/\/fvgc.ca\/2026\/04\/29\/les-pflc-saluent-les-engagements-envers-les-considerations-alimentaires-contenus-dans-la-mise-a-jour-economique-du-printemps\/#breadcrumb","itemListElement":[{"@type":"ListItem","position":1,"name":"Home","item":"https:\/\/fvgc.ca\/"},{"@type":"ListItem","position":2,"name":"Les PFLC saluent les engagements envers les consid\u00e9rations alimentaires contenus dans la Mise \u00e0 jour \u00e9conomique du printemps"}]},{"@type":"WebSite","@id":"https:\/\/fvgc.ca\/#website","url":"https:\/\/fvgc.ca\/","name":"FVGC","description":"Representing Growers Across the Country","potentialAction":[{"@type":"SearchAction","target":{"@type":"EntryPoint","urlTemplate":"https:\/\/fvgc.ca\/?s={search_term_string}"},"query-input":{"@type":"PropertyValueSpecification","valueRequired":true,"valueName":"search_term_string"}}],"inLanguage":"fr-CA"},{"@type":"Person","@id":"https:\/\/fvgc.ca\/#\/schema\/person\/5d5ec6451ef7dc9293fb481d46af0c11","name":"Ashley Peyrard","url":"https:\/\/fvgc.ca\/fr\/author\/fruit-and-vegetable-growers-of-canada\/"}]}},"jetpack_featured_media_url":"","_links":{"self":[{"href":"https:\/\/fvgc.ca\/fr\/wp-json\/wp\/v2\/posts\/41235","targetHints":{"allow":["GET"]}}],"collection":[{"href":"https:\/\/fvgc.ca\/fr\/wp-json\/wp\/v2\/posts"}],"about":[{"href":"https:\/\/fvgc.ca\/fr\/wp-json\/wp\/v2\/types\/post"}],"author":[{"embeddable":true,"href":"https:\/\/fvgc.ca\/fr\/wp-json\/wp\/v2\/users\/5"}],"replies":[{"embeddable":true,"href":"https:\/\/fvgc.ca\/fr\/wp-json\/wp\/v2\/comments?post=41235"}],"version-history":[{"count":1,"href":"https:\/\/fvgc.ca\/fr\/wp-json\/wp\/v2\/posts\/41235\/revisions"}],"predecessor-version":[{"id":41236,"href":"https:\/\/fvgc.ca\/fr\/wp-json\/wp\/v2\/posts\/41235\/revisions\/41236"}],"wp:attachment":[{"href":"https:\/\/fvgc.ca\/fr\/wp-json\/wp\/v2\/media?parent=41235"}],"wp:term":[{"taxonomy":"category","embeddable":true,"href":"https:\/\/fvgc.ca\/fr\/wp-json\/wp\/v2\/categories?post=41235"},{"taxonomy":"post_tag","embeddable":true,"href":"https:\/\/fvgc.ca\/fr\/wp-json\/wp\/v2\/tags?post=41235"}],"curies":[{"name":"wp","href":"https:\/\/api.w.org\/{rel}","templated":true}]}}