{"id":39507,"date":"2025-03-14T13:46:19","date_gmt":"2025-03-14T17:46:19","guid":{"rendered":"https:\/\/fvgc.ca\/?p=39507"},"modified":"2025-03-14T13:52:03","modified_gmt":"2025-03-14T17:52:03","slug":"laga-2025-des-pflc-fixe-des-orientations-pour-la-defense-des-interets-le-commerce-et-la-preparation-aux-elections","status":"publish","type":"post","link":"https:\/\/fvgc.ca\/fr\/2025\/03\/14\/laga-2025-des-pflc-fixe-des-orientations-pour-la-defense-des-interets-le-commerce-et-la-preparation-aux-elections\/","title":{"rendered":"L\u2019AGA 2025 des PFLC fixe des orientations pour la d\u00e9fense des int\u00e9r\u00eats, le commerce et la pr\u00e9paration aux \u00e9lections"},"content":{"rendered":"[et_pb_section fb_built=&#8221;1&#8243; _builder_version=&#8221;4.23.1&#8243; _module_preset=&#8221;default&#8221; global_colors_info=&#8221;{}&#8221; theme_builder_area=&#8221;et_body_layout&#8221;][et_pb_row _builder_version=&#8221;4.23.1&#8243; _module_preset=&#8221;default&#8221; global_colors_info=&#8221;{}&#8221; theme_builder_area=&#8221;et_body_layout&#8221;][et_pb_column type=&#8221;4_4&#8243; _builder_version=&#8221;4.23.1&#8243; _module_preset=&#8221;default&#8221; global_colors_info=&#8221;{}&#8221; theme_builder_area=&#8221;et_body_layout&#8221;][et_pb_text _builder_version=&#8221;4.27.4&#8243; _module_preset=&#8221;default&#8221; hover_enabled=&#8221;0&#8243; global_colors_info=&#8221;{}&#8221; theme_builder_area=&#8221;et_body_layout&#8221; sticky_enabled=&#8221;0&#8243;]\n<p><strong>OTTAWA<\/strong> \u2013\u00a0Les Producteurs de fruits et l\u00e9gumes du Canada (PFLC) ont conclu leur conf\u00e9rence et assembl\u00e9e g\u00e9n\u00e9rale annuelle (AGA) 2025 hier \u00e0 Qu\u00e9bec, en pr\u00e9sence de producteurs, dirigeants de l\u2019industrie et d\u00e9cideurs politiques r\u00e9unis autour du th\u00e8me <em>Une nouvelle approche\u00a0: fixer des objectifs, atteindre le succ\u00e8s.<\/em> L\u2019AGA de cette ann\u00e9e a r\u00e9affirm\u00e9 l\u2019engagement des PFLC \u00e0 d\u00e9fendre les int\u00e9r\u00eats du secteur des fruits et l\u00e9gumes au Canada face \u00e0 des d\u00e9fis cruciaux, parmi lesquels la menace des droits de douane am\u00e9ricains et les possibilit\u00e9s offertes par les prochaines \u00e9lections f\u00e9d\u00e9rales.<\/p>\n<p>Alors que l\u2019incertitude grandit autour du commerce, de la s\u00e9curit\u00e9 alimentaire et des prochaines \u00e9lections, les PFLC redoublent leurs efforts de plaidoyer sur de multiples fronts, qu\u2019il s\u2019agisse de garantir un acc\u00e8s \u00e9quitable au march\u00e9 ou de fournir aux producteurs les outils pour favoriser l\u2019engagement des d\u00e9cideurs politiques.<\/p>\n<p>\u00c0 l\u2019approche des \u00e9lections, les PFLC multiplient leurs actions en mati\u00e8re de d\u00e9fense des int\u00e9r\u00eats pour faire en sorte que la voix des producteurs de fruits et l\u00e9gumes soit entendue \u00e0 Ottawa. \u00ab\u00a0<em>Les politiques du prochain gouvernement f\u00e9d\u00e9ral fa\u00e7onneront \u00e0 long terme la s\u00e9curit\u00e9 alimentaire, le commerce et la durabilit\u00e9 du secteur canadien des fruits et l\u00e9gumes<\/em>\u00a0\u00bb, a d\u00e9clar\u00e9 Marcus Janzen, pr\u00e9sident des PFLC. <em>\u00ab\u00a0Nous sommes d\u00e9termin\u00e9s \u00e0 travailler aux c\u00f4t\u00e9s des d\u00e9cideurs politiques pour faire en sorte qu\u2019ils saisissent les d\u00e9fis et possibilit\u00e9s auxquels les producteurs de fruits et l\u00e9gumes sont confront\u00e9s et le r\u00f4le essentiel qu\u2019ils jouent dans l\u2019alimentation de la population canadienne.\u00a0\u00bb <\/em>Dans un contexte d\u2019incertitude croissante li\u00e9e au commerce international et aux menaces qui planent autour des droits de douane, les PFLC ont r\u00e9affirm\u00e9 leur engagement \u00e0 collaborer avec le gouvernement et les partenaires de l\u2019industrie pour pr\u00e9server la comp\u00e9titivit\u00e9 des producteurs canadiens et garantir l\u2019adoption de politiques commerciales justes. Lors de l\u2019AGA, les discussions se sont centr\u00e9es sur des strat\u00e9gies visant \u00e0 prot\u00e9ger le secteur des perturbations commerciales, \u00e0 renforcer la s\u00e9curit\u00e9 alimentaire, et \u00e0 assurer un acc\u00e8s \u00e9quitable au march\u00e9.<\/p>\n<p>\u00ab\u00a0Il est imp\u00e9ratif d\u2019\u00e9tablir des politiques fortes et proactives qui prot\u00e8gent les producteurs canadiens de fruits et l\u00e9gumes des r\u00e9percussions li\u00e9es aux diff\u00e9rends commerciaux internationaux\u00a0\u00bb, a soulign\u00e9 M.\u00a0Janzen. \u00ab\u00a0Notre secteur constitue un pilier essentiel de la s\u00e9curit\u00e9 alimentaire au Canada. C\u2019est pourquoi nous continuerons \u00e0 plaider pour des solutions en faveur \u00e0 la fois des producteurs et des consommateurs.\u00a0\u00bb<\/p>\n<p>Les PFLC ont \u00e9lu leur conseil d\u2019administration lors de l\u2019assembl\u00e9e g\u00e9n\u00e9rale annuelle. Sa composition pour\u00a02025 est la suivante\u00a0:<\/p>\n<ul>\n<li>Marcus Janzen \u2013 Colombie-Britannique \u2013 pr\u00e9sident<\/li>\n<li>Jocelyn Gibouleau \u2013 Qu\u00e9bec \u2013 1<sup>er<\/sup> vice-pr\u00e9sident<\/li>\n<li>Quinton Woods \u2013 Ontario \u2013 2<sup>e<\/sup> vice-pr\u00e9sident et pr\u00e9sident des finances<\/li>\n<li>Deep Brar \u2013 Colombie-Britannique<\/li>\n<li>Russ Van Boom \u2013 Prairies<\/li>\n<li>Beth Connery \u2013 Prairies<\/li>\n<li>Alison Robertson \u2013 Ontario<\/li>\n<li>Pascal Forest \u2013 Qu\u00e9bec<\/li>\n<li>Janet Parker \u2013 Atlantique<\/li>\n<li>John Visser \u2013 Atlantique<\/li>\n<\/ul>\n<p><strong>Hommage aux dirigeants de l\u2019industrie<\/strong><\/p>\n<p>L\u2019\u00e9v\u00e9nement a notamment \u00e9t\u00e9 marqu\u00e9 par la reconnaissance de personnalit\u00e9s extraordinaires qui ont fait preuve d\u2019un d\u00e9vouement exceptionnel \u00e0 l\u2019\u00e9gard de l\u2019industrie des fruits et l\u00e9gumes du Canada\u00a0:<\/p>\n<ul>\n<li><strong>George Gilvesy <\/strong>et <strong>Jean-Bernard Van Winden<\/strong> ont re\u00e7u le prix Doug Connery, qui c\u00e9l\u00e8bre l\u2019excellence du leadership et r\u00e9compense la passion, l\u2019engagement et le d\u00e9vouement exemplaires pour faire progresser les int\u00e9r\u00eats du secteur.<\/li>\n<li><strong>Jane Proctor<\/strong> a re\u00e7u le prix de membre honoraire \u00e0 vie, en reconnaissance de ses efforts de longue haleine pour am\u00e9liorer le secteur gr\u00e2ce \u00e0 son leadership, \u00e0 son innovation, \u00e0 sa coop\u00e9ration et \u00e0 ses efforts inlassables.<\/li>\n<\/ul>\n<p>\u00ab\u00a0Ces individus incarnent le leadership et l\u2019engagement qui font progresser notre industrie\u00a0\u00bb, a indiqu\u00e9 M.\u00a0Janzen. \u00ab\u00a0Leurs efforts ont contribu\u00e9 \u00e0 fa\u00e7onner les politiques, \u00e0 consolider les coop\u00e9rations et \u00e0 apporter des avantages durables aux producteurs de fruits et l\u00e9gumes partout au Canada.\u00a0\u00bb<\/p>\n<p>Alors que les PFLC vont de l\u2019avant, la conf\u00e9rence et l\u2019AGA ont pos\u00e9 les jalons d\u2019une ann\u00e9e \u00e0 venir plac\u00e9e sous le signe de l\u2019action. Forts d\u2019une strat\u00e9gie en mati\u00e8re de d\u00e9fense des int\u00e9r\u00eats, d\u2019un leadership solide et de l\u2019engagement de leurs membres, les PFLC sont pr\u00eats \u00e0 relever les d\u00e9fis et \u00e0 tirer profit des possibilit\u00e9s qui se pr\u00e9senteront en\u00a02025. \u00catre la voix des producteurs canadiens demeure au c\u0153ur de l\u2019action des PFLC, qui continuent \u00e0 promouvoir des solutions pour am\u00e9liorer la s\u00e9curit\u00e9 alimentaire et renforcer le secteur des fruits et l\u00e9gumes au Canada.<\/p>\n<p>&nbsp;<\/p>\n[\/et_pb_text][\/et_pb_column][\/et_pb_row][\/et_pb_section]\n","protected":false},"excerpt":{"rendered":"<p>OTTAWA \u2013\u00a0Les Producteurs de fruits et l\u00e9gumes du Canada (PFLC) ont conclu leur conf\u00e9rence et assembl\u00e9e g\u00e9n\u00e9rale annuelle (AGA) 2025 hier \u00e0 Qu\u00e9bec, en pr\u00e9sence de producteurs, dirigeants de l\u2019industrie et d\u00e9cideurs politiques r\u00e9unis autour du th\u00e8me Une nouvelle approche\u00a0: fixer des objectifs, atteindre le succ\u00e8s. L\u2019AGA de cette ann\u00e9e a r\u00e9affirm\u00e9 l\u2019engagement des PFLC [&hellip;]<\/p>\n","protected":false},"author":5,"featured_media":0,"comment_status":"closed","ping_status":"closed","sticky":false,"template":"","format":"standard","meta":{"_et_pb_use_builder":"on","_et_pb_old_content":"","_et_gb_content_width":"","footnotes":""},"categories":[23],"tags":[],"class_list":["post-39507","post","type-post","status-publish","format-standard","hentry","category-actualites"],"yoast_head":"<!-- This site is optimized with the Yoast SEO plugin v27.4 - https:\/\/yoast.com\/product\/yoast-seo-wordpress\/ -->\n<title>L\u2019AGA 2025 des PFLC fixe des orientations pour la d\u00e9fense des int\u00e9r\u00eats, le commerce et la pr\u00e9paration aux \u00e9lections - FVGC<\/title>\n<meta name=\"robots\" content=\"index, follow, max-snippet:-1, max-image-preview:large, max-video-preview:-1\" \/>\n<link rel=\"canonical\" href=\"https:\/\/fvgc.ca\/fr\/2025\/03\/14\/laga-2025-des-pflc-fixe-des-orientations-pour-la-defense-des-interets-le-commerce-et-la-preparation-aux-elections\/\" \/>\n<meta property=\"og:locale\" content=\"fr_CA\" \/>\n<meta property=\"og:type\" content=\"article\" \/>\n<meta property=\"og:title\" content=\"L\u2019AGA 2025 des PFLC fixe des orientations pour la d\u00e9fense des int\u00e9r\u00eats, le commerce et la pr\u00e9paration aux \u00e9lections - FVGC\" \/>\n<meta property=\"og:description\" content=\"OTTAWA \u2013\u00a0Les Producteurs de fruits et l\u00e9gumes du Canada (PFLC) ont conclu leur conf\u00e9rence et assembl\u00e9e g\u00e9n\u00e9rale annuelle (AGA) 2025 hier \u00e0 Qu\u00e9bec, en pr\u00e9sence de producteurs, dirigeants de l\u2019industrie et d\u00e9cideurs politiques r\u00e9unis autour du th\u00e8me Une nouvelle approche\u00a0: fixer des objectifs, atteindre le succ\u00e8s. L\u2019AGA de cette ann\u00e9e a r\u00e9affirm\u00e9 l\u2019engagement des PFLC [&hellip;]\" \/>\n<meta property=\"og:url\" content=\"https:\/\/fvgc.ca\/fr\/2025\/03\/14\/laga-2025-des-pflc-fixe-des-orientations-pour-la-defense-des-interets-le-commerce-et-la-preparation-aux-elections\/\" \/>\n<meta property=\"og:site_name\" content=\"FVGC\" \/>\n<meta property=\"article:published_time\" content=\"2025-03-14T17:46:19+00:00\" \/>\n<meta property=\"article:modified_time\" content=\"2025-03-14T17:52:03+00:00\" \/>\n<meta name=\"author\" content=\"Ashley Peyrard\" \/>\n<meta name=\"twitter:card\" content=\"summary_large_image\" \/>\n<meta name=\"twitter:label1\" content=\"\u00c9crit par\" \/>\n\t<meta name=\"twitter:data1\" content=\"Ashley Peyrard\" \/>\n<script type=\"application\/ld+json\" class=\"yoast-schema-graph\">{\"@context\":\"https:\\\/\\\/schema.org\",\"@graph\":[{\"@type\":\"Article\",\"@id\":\"https:\\\/\\\/fvgc.ca\\\/2025\\\/03\\\/14\\\/laga-2025-des-pflc-fixe-des-orientations-pour-la-defense-des-interets-le-commerce-et-la-preparation-aux-elections\\\/#article\",\"isPartOf\":{\"@id\":\"https:\\\/\\\/fvgc.ca\\\/2025\\\/03\\\/14\\\/laga-2025-des-pflc-fixe-des-orientations-pour-la-defense-des-interets-le-commerce-et-la-preparation-aux-elections\\\/\"},\"author\":{\"name\":\"Ashley Peyrard\",\"@id\":\"https:\\\/\\\/fvgc.ca\\\/#\\\/schema\\\/person\\\/5d5ec6451ef7dc9293fb481d46af0c11\"},\"headline\":\"L\u2019AGA 2025 des PFLC fixe des orientations pour la d\u00e9fense des int\u00e9r\u00eats, le commerce et la pr\u00e9paration aux \u00e9lections\",\"datePublished\":\"2025-03-14T17:46:19+00:00\",\"dateModified\":\"2025-03-14T17:52:03+00:00\",\"mainEntityOfPage\":{\"@id\":\"https:\\\/\\\/fvgc.ca\\\/2025\\\/03\\\/14\\\/laga-2025-des-pflc-fixe-des-orientations-pour-la-defense-des-interets-le-commerce-et-la-preparation-aux-elections\\\/\"},\"wordCount\":909,\"articleSection\":[\"Actualit\u00e9s\"],\"inLanguage\":\"fr-CA\"},{\"@type\":\"WebPage\",\"@id\":\"https:\\\/\\\/fvgc.ca\\\/2025\\\/03\\\/14\\\/laga-2025-des-pflc-fixe-des-orientations-pour-la-defense-des-interets-le-commerce-et-la-preparation-aux-elections\\\/\",\"url\":\"https:\\\/\\\/fvgc.ca\\\/2025\\\/03\\\/14\\\/laga-2025-des-pflc-fixe-des-orientations-pour-la-defense-des-interets-le-commerce-et-la-preparation-aux-elections\\\/\",\"name\":\"L\u2019AGA 2025 des PFLC fixe des orientations pour la d\u00e9fense des int\u00e9r\u00eats, le commerce et la pr\u00e9paration aux \u00e9lections - FVGC\",\"isPartOf\":{\"@id\":\"https:\\\/\\\/fvgc.ca\\\/#website\"},\"datePublished\":\"2025-03-14T17:46:19+00:00\",\"dateModified\":\"2025-03-14T17:52:03+00:00\",\"author\":{\"@id\":\"https:\\\/\\\/fvgc.ca\\\/#\\\/schema\\\/person\\\/5d5ec6451ef7dc9293fb481d46af0c11\"},\"breadcrumb\":{\"@id\":\"https:\\\/\\\/fvgc.ca\\\/2025\\\/03\\\/14\\\/laga-2025-des-pflc-fixe-des-orientations-pour-la-defense-des-interets-le-commerce-et-la-preparation-aux-elections\\\/#breadcrumb\"},\"inLanguage\":\"fr-CA\",\"potentialAction\":[{\"@type\":\"ReadAction\",\"target\":[\"https:\\\/\\\/fvgc.ca\\\/2025\\\/03\\\/14\\\/laga-2025-des-pflc-fixe-des-orientations-pour-la-defense-des-interets-le-commerce-et-la-preparation-aux-elections\\\/\"]}]},{\"@type\":\"BreadcrumbList\",\"@id\":\"https:\\\/\\\/fvgc.ca\\\/2025\\\/03\\\/14\\\/laga-2025-des-pflc-fixe-des-orientations-pour-la-defense-des-interets-le-commerce-et-la-preparation-aux-elections\\\/#breadcrumb\",\"itemListElement\":[{\"@type\":\"ListItem\",\"position\":1,\"name\":\"Home\",\"item\":\"https:\\\/\\\/fvgc.ca\\\/\"},{\"@type\":\"ListItem\",\"position\":2,\"name\":\"L\u2019AGA 2025 des PFLC fixe des orientations pour la d\u00e9fense des int\u00e9r\u00eats, le commerce et la pr\u00e9paration aux \u00e9lections\"}]},{\"@type\":\"WebSite\",\"@id\":\"https:\\\/\\\/fvgc.ca\\\/#website\",\"url\":\"https:\\\/\\\/fvgc.ca\\\/\",\"name\":\"FVGC\",\"description\":\"Representing Growers Across the Country\",\"potentialAction\":[{\"@type\":\"SearchAction\",\"target\":{\"@type\":\"EntryPoint\",\"urlTemplate\":\"https:\\\/\\\/fvgc.ca\\\/?s={search_term_string}\"},\"query-input\":{\"@type\":\"PropertyValueSpecification\",\"valueRequired\":true,\"valueName\":\"search_term_string\"}}],\"inLanguage\":\"fr-CA\"},{\"@type\":\"Person\",\"@id\":\"https:\\\/\\\/fvgc.ca\\\/#\\\/schema\\\/person\\\/5d5ec6451ef7dc9293fb481d46af0c11\",\"name\":\"Ashley Peyrard\",\"url\":\"https:\\\/\\\/fvgc.ca\\\/fr\\\/author\\\/fruit-and-vegetable-growers-of-canada\\\/\"}]}<\/script>\n<!-- \/ Yoast SEO plugin. -->","yoast_head_json":{"title":"L\u2019AGA 2025 des PFLC fixe des orientations pour la d\u00e9fense des int\u00e9r\u00eats, le commerce et la pr\u00e9paration aux \u00e9lections - FVGC","robots":{"index":"index","follow":"follow","max-snippet":"max-snippet:-1","max-image-preview":"max-image-preview:large","max-video-preview":"max-video-preview:-1"},"canonical":"https:\/\/fvgc.ca\/fr\/2025\/03\/14\/laga-2025-des-pflc-fixe-des-orientations-pour-la-defense-des-interets-le-commerce-et-la-preparation-aux-elections\/","og_locale":"fr_CA","og_type":"article","og_title":"L\u2019AGA 2025 des PFLC fixe des orientations pour la d\u00e9fense des int\u00e9r\u00eats, le commerce et la pr\u00e9paration aux \u00e9lections - FVGC","og_description":"OTTAWA \u2013\u00a0Les Producteurs de fruits et l\u00e9gumes du Canada (PFLC) ont conclu leur conf\u00e9rence et assembl\u00e9e g\u00e9n\u00e9rale annuelle (AGA) 2025 hier \u00e0 Qu\u00e9bec, en pr\u00e9sence de producteurs, dirigeants de l\u2019industrie et d\u00e9cideurs politiques r\u00e9unis autour du th\u00e8me Une nouvelle approche\u00a0: fixer des objectifs, atteindre le succ\u00e8s. L\u2019AGA de cette ann\u00e9e a r\u00e9affirm\u00e9 l\u2019engagement des PFLC [&hellip;]","og_url":"https:\/\/fvgc.ca\/fr\/2025\/03\/14\/laga-2025-des-pflc-fixe-des-orientations-pour-la-defense-des-interets-le-commerce-et-la-preparation-aux-elections\/","og_site_name":"FVGC","article_published_time":"2025-03-14T17:46:19+00:00","article_modified_time":"2025-03-14T17:52:03+00:00","author":"Ashley Peyrard","twitter_card":"summary_large_image","twitter_misc":{"\u00c9crit par":"Ashley Peyrard"},"schema":{"@context":"https:\/\/schema.org","@graph":[{"@type":"Article","@id":"https:\/\/fvgc.ca\/2025\/03\/14\/laga-2025-des-pflc-fixe-des-orientations-pour-la-defense-des-interets-le-commerce-et-la-preparation-aux-elections\/#article","isPartOf":{"@id":"https:\/\/fvgc.ca\/2025\/03\/14\/laga-2025-des-pflc-fixe-des-orientations-pour-la-defense-des-interets-le-commerce-et-la-preparation-aux-elections\/"},"author":{"name":"Ashley Peyrard","@id":"https:\/\/fvgc.ca\/#\/schema\/person\/5d5ec6451ef7dc9293fb481d46af0c11"},"headline":"L\u2019AGA 2025 des PFLC fixe des orientations pour la d\u00e9fense des int\u00e9r\u00eats, le commerce et la pr\u00e9paration aux \u00e9lections","datePublished":"2025-03-14T17:46:19+00:00","dateModified":"2025-03-14T17:52:03+00:00","mainEntityOfPage":{"@id":"https:\/\/fvgc.ca\/2025\/03\/14\/laga-2025-des-pflc-fixe-des-orientations-pour-la-defense-des-interets-le-commerce-et-la-preparation-aux-elections\/"},"wordCount":909,"articleSection":["Actualit\u00e9s"],"inLanguage":"fr-CA"},{"@type":"WebPage","@id":"https:\/\/fvgc.ca\/2025\/03\/14\/laga-2025-des-pflc-fixe-des-orientations-pour-la-defense-des-interets-le-commerce-et-la-preparation-aux-elections\/","url":"https:\/\/fvgc.ca\/2025\/03\/14\/laga-2025-des-pflc-fixe-des-orientations-pour-la-defense-des-interets-le-commerce-et-la-preparation-aux-elections\/","name":"L\u2019AGA 2025 des PFLC fixe des orientations pour la d\u00e9fense des int\u00e9r\u00eats, le commerce et la pr\u00e9paration aux \u00e9lections - FVGC","isPartOf":{"@id":"https:\/\/fvgc.ca\/#website"},"datePublished":"2025-03-14T17:46:19+00:00","dateModified":"2025-03-14T17:52:03+00:00","author":{"@id":"https:\/\/fvgc.ca\/#\/schema\/person\/5d5ec6451ef7dc9293fb481d46af0c11"},"breadcrumb":{"@id":"https:\/\/fvgc.ca\/2025\/03\/14\/laga-2025-des-pflc-fixe-des-orientations-pour-la-defense-des-interets-le-commerce-et-la-preparation-aux-elections\/#breadcrumb"},"inLanguage":"fr-CA","potentialAction":[{"@type":"ReadAction","target":["https:\/\/fvgc.ca\/2025\/03\/14\/laga-2025-des-pflc-fixe-des-orientations-pour-la-defense-des-interets-le-commerce-et-la-preparation-aux-elections\/"]}]},{"@type":"BreadcrumbList","@id":"https:\/\/fvgc.ca\/2025\/03\/14\/laga-2025-des-pflc-fixe-des-orientations-pour-la-defense-des-interets-le-commerce-et-la-preparation-aux-elections\/#breadcrumb","itemListElement":[{"@type":"ListItem","position":1,"name":"Home","item":"https:\/\/fvgc.ca\/"},{"@type":"ListItem","position":2,"name":"L\u2019AGA 2025 des PFLC fixe des orientations pour la d\u00e9fense des int\u00e9r\u00eats, le commerce et la pr\u00e9paration aux \u00e9lections"}]},{"@type":"WebSite","@id":"https:\/\/fvgc.ca\/#website","url":"https:\/\/fvgc.ca\/","name":"FVGC","description":"Representing Growers Across the Country","potentialAction":[{"@type":"SearchAction","target":{"@type":"EntryPoint","urlTemplate":"https:\/\/fvgc.ca\/?s={search_term_string}"},"query-input":{"@type":"PropertyValueSpecification","valueRequired":true,"valueName":"search_term_string"}}],"inLanguage":"fr-CA"},{"@type":"Person","@id":"https:\/\/fvgc.ca\/#\/schema\/person\/5d5ec6451ef7dc9293fb481d46af0c11","name":"Ashley Peyrard","url":"https:\/\/fvgc.ca\/fr\/author\/fruit-and-vegetable-growers-of-canada\/"}]}},"jetpack_featured_media_url":"","_links":{"self":[{"href":"https:\/\/fvgc.ca\/fr\/wp-json\/wp\/v2\/posts\/39507","targetHints":{"allow":["GET"]}}],"collection":[{"href":"https:\/\/fvgc.ca\/fr\/wp-json\/wp\/v2\/posts"}],"about":[{"href":"https:\/\/fvgc.ca\/fr\/wp-json\/wp\/v2\/types\/post"}],"author":[{"embeddable":true,"href":"https:\/\/fvgc.ca\/fr\/wp-json\/wp\/v2\/users\/5"}],"replies":[{"embeddable":true,"href":"https:\/\/fvgc.ca\/fr\/wp-json\/wp\/v2\/comments?post=39507"}],"version-history":[{"count":0,"href":"https:\/\/fvgc.ca\/fr\/wp-json\/wp\/v2\/posts\/39507\/revisions"}],"wp:attachment":[{"href":"https:\/\/fvgc.ca\/fr\/wp-json\/wp\/v2\/media?parent=39507"}],"wp:term":[{"taxonomy":"category","embeddable":true,"href":"https:\/\/fvgc.ca\/fr\/wp-json\/wp\/v2\/categories?post=39507"},{"taxonomy":"post_tag","embeddable":true,"href":"https:\/\/fvgc.ca\/fr\/wp-json\/wp\/v2\/tags?post=39507"}],"curies":[{"name":"wp","href":"https:\/\/api.w.org\/{rel}","templated":true}]}}