{"id":38864,"date":"2025-01-20T16:09:12","date_gmt":"2025-01-20T21:09:12","guid":{"rendered":"https:\/\/fvgc.ca\/?p=38864"},"modified":"2025-01-20T16:09:12","modified_gmt":"2025-01-20T21:09:12","slug":"les-pflc-accueillent-favorablement-la-pause-sur-les-tarifs-douaniers-proposes-par-les-etats-unis-avec-un-optimisme-prudent-quant-aux-possibilites-dengagement","status":"publish","type":"post","link":"https:\/\/fvgc.ca\/fr\/2025\/01\/20\/les-pflc-accueillent-favorablement-la-pause-sur-les-tarifs-douaniers-proposes-par-les-etats-unis-avec-un-optimisme-prudent-quant-aux-possibilites-dengagement\/","title":{"rendered":"Les PFLC accueillent favorablement la pause sur les tarifs douaniers propos\u00e9s par les \u00c9tats-Unis, avec un optimisme prudent quant aux possibilit\u00e9s d\u2019engagement"},"content":{"rendered":"[et_pb_section fb_built=&#8221;1&#8243; _builder_version=&#8221;4.23.1&#8243; _module_preset=&#8221;default&#8221; global_colors_info=&#8221;{}&#8221; theme_builder_area=&#8221;et_body_layout&#8221; custom_padding=&#8221;6px|||||&#8221;][et_pb_row _builder_version=&#8221;4.23.1&#8243; _module_preset=&#8221;default&#8221; global_colors_info=&#8221;{}&#8221; theme_builder_area=&#8221;et_body_layout&#8221;][et_pb_column type=&#8221;4_4&#8243; _builder_version=&#8221;4.23.1&#8243; _module_preset=&#8221;default&#8221; global_colors_info=&#8221;{}&#8221; theme_builder_area=&#8221;et_body_layout&#8221;][et_pb_text _builder_version=&#8221;4.27.3&#8243; _module_preset=&#8221;default&#8221; global_colors_info=&#8221;{}&#8221; theme_builder_area=&#8221;et_body_layout&#8221;]\n<p><strong>Ottawa, ON <\/strong>&#8211; Les Producteurs de fruits et l\u00e9gumes du Canada (PFLC) accueillent favorablement les r\u00e9centes informations selon lesquelles la nouvelle administration am\u00e9ricaine a l&#8217;intention de retarder l&#8217;imposition propos\u00e9e de tarifs douaniers g\u00e9n\u00e9raux sur les exportations canadiennes et mexicaines. Cette d\u00e9cision mesur\u00e9e fournit une occasion utile au gouvernement du Canada et \u00e0 notre secteur des fruits et l\u00e9gumes de s&#8217;engager aupr\u00e8s des parties prenantes et de souligner les avantages d&#8217;un commerce intercontinental libre et \u00e9quitable.<\/p>\n<p>\u00ab\u00a0Nous sommes prudemment optimistes quant \u00e0 cette \u00e9volution\u00a0\u00bb, a d\u00e9clar\u00e9 Marcus Janzen, pr\u00e9sident des PFLC. \u00ab\u00a0La pause refl\u00e8te une approche prudente en mati\u00e8re de commerce et souligne le besoin crucial de soutenir les producteurs, en assurant un syst\u00e8me de production alimentaire r\u00e9silient qui sauvegarde la s\u00e9curit\u00e9 alimentaire et des produits d&#8217;\u00e9picerie abordables pour les familles des deux c\u00f4t\u00e9s de la fronti\u00e8re.\u00a0\u00bb<\/p>\n<p>Les tarifs douaniers propos\u00e9s, s&#8217;ils \u00e9taient mis en \u0153uvre, auraient des effets d\u00e9stabilisants sur le secteur agricole canadien, mena\u00e7ant 4,4 milliards de dollars d&#8217;exportations annuelles de fruits et l\u00e9gumes vers les \u00c9tats-Unis. Les producteurs en serre, qui exportent jusqu&#8217;\u00e0 80 % de leurs produits vers les \u00c9tats-Unis, seraient particuli\u00e8rement touch\u00e9s, bien que les restrictions sur les importations mexicaines pourraient inonder le march\u00e9 canadien de produits d\u00e9tourn\u00e9s, cr\u00e9ant une pression \u00e0 la baisse sur les prix et d\u00e9vastant les producteurs canadiens.<\/p>\n<p>\u00ab Nos producteurs sont une pierre angulaire du syst\u00e8me alimentaire canadien\u00a0\u00bb , a d\u00e9clar\u00e9 Massimo Bergamini, Directeur g\u00e9n\u00e9ral des PFLC. \u00ab\u00a0Ce n&#8217;est pas seulement leur gagne-pain qui est en jeu &#8211; c&#8217;est l&#8217;acc\u00e8s de chaque famille canadienne \u00e0 des aliments frais et de haute qualit\u00e9.\u00a0\u00bb<\/p>\n<p>La pause fournit au gouvernement du Canada et aux PFLC une occasion cruciale pour :<\/p>\n<ul>\n<li>Plaider en faveur de la s\u00e9curit\u00e9 alimentaire et de l&#8217;exemption des produits agricoles de toute guerre tarifaire.<\/li>\n<\/ul>\n<ul>\n<li>Mettre en \u00e9vidence les effets n\u00e9fastes des tarifs douaniers sur le secteur agroalimentaire.<\/li>\n<li>S&#8217;engager aupr\u00e8s des consommateurs am\u00e9ricains en soulignant que les tarifs douaniers pourraient faire augmenter les prix des produits alimentaires et limiter l&#8217;acc\u00e8s aux produits frais.<\/li>\n<li>Plaider aupr\u00e8s des d\u00e9cideurs des deux c\u00f4t\u00e9s de la fronti\u00e8re pour promouvoir un commerce libre et \u00e9quitable qui favorise la durabilit\u00e9 de la cha\u00eene d\u2019approvisionnement alimentaire en Am\u00e9rique du Nord.<\/li>\n<\/ul>\n<p>Les PFLC reconnaissent et soutiennent les efforts continus de collaboration des d\u00e9cideurs au Canada et aux \u00c9tats-Unis pour garantir des politiques commerciales qui donnent la priorit\u00e9 \u00e0 la s\u00e9curit\u00e9 alimentaire, \u00e0 l&#8217;accessibilit\u00e9 financi\u00e8re et \u00e0 la comp\u00e9titivit\u00e9 des producteurs canadiens. La protection des intrants agricoles et le maintien d&#8217;une approche forte et unie d&#8217;\u00c9quipe Canada demeurent essentiels pour sauvegarder le syst\u00e8me alimentaire et assurer un avenir durable au secteur agroalimentaire nord-am\u00e9ricain.<\/p>\n<p>Les PFLC demeurent in\u00e9branlables dans leur plaidoyer en faveur des producteurs canadiens, travaillant \u00e0 assurer un avenir durable et comp\u00e9titif au secteur des fruits et l\u00e9gumes du Canada et aux familles qui en d\u00e9pendent.<\/p>\n<p><strong>Pour plus d&#8217;informations, veuillez contacter:<\/strong><\/p>\n<p><span>Ashley Peyrard<\/span><br \/><span>Gestionnaire, Communications<\/span><br \/><span>Producteurs de fruits et l\u00e9gumes du Canada<\/span><br \/><span>apeyrard@fvgc.ca<\/span><br \/><span>cell : 613-621-2195<\/span><\/p>\n<p><em>Les Producteurs de fruits et l\u00e9gumes du Canada (PFLC) repr\u00e9sentent des producteurs de tout le pays qui produisent plus de 120 types de cultures sur plus de 14 000 entreprises agricoles, pour une valeur \u00e0 la ferme de 7,4 milliards de dollars en 2023. Les PFLC sont une association nationale b\u00e9n\u00e9vole \u00e0 but non lucratif bas\u00e9e \u00e0 Ottawa. Depuis 1922, nous d\u00e9fendons les int\u00e9r\u00eats des producteurs de fruits et l\u00e9gumes sur des questions importantes qui ont un impact sur le secteur des produits frais au Canada, en faisant la promotion d\u2019aliments sains, s\u00fbrs et durables, et en assurant le succ\u00e8s et la croissance continus de l&#8217;industrie.<\/em><\/p>\n<p>&nbsp;<\/p>\n<p><span style=\"text-align: center;\"><\/span><\/p>\n<p style=\"text-align: center;\"><span style=\"text-align: center;\">&#8211; 30 &#8211;<\/span><\/p>\n[\/et_pb_text][\/et_pb_column][\/et_pb_row][\/et_pb_section]\n","protected":false},"excerpt":{"rendered":"<p>Ottawa, ON &#8211; Les Producteurs de fruits et l\u00e9gumes du Canada (PFLC) accueillent favorablement les r\u00e9centes informations selon lesquelles la nouvelle administration am\u00e9ricaine a l&#8217;intention de retarder l&#8217;imposition propos\u00e9e de tarifs douaniers g\u00e9n\u00e9raux sur les exportations canadiennes et mexicaines. Cette d\u00e9cision mesur\u00e9e fournit une occasion utile au gouvernement du Canada et \u00e0 notre secteur des [&hellip;]<\/p>\n","protected":false},"author":5,"featured_media":0,"comment_status":"closed","ping_status":"closed","sticky":false,"template":"","format":"standard","meta":{"_et_pb_use_builder":"on","_et_pb_old_content":"","_et_gb_content_width":"","footnotes":""},"categories":[23],"tags":[],"class_list":["post-38864","post","type-post","status-publish","format-standard","hentry","category-actualites"],"yoast_head":"<!-- This site is optimized with the Yoast SEO plugin v27.4 - https:\/\/yoast.com\/product\/yoast-seo-wordpress\/ -->\n<title>Les PFLC accueillent favorablement la pause sur les tarifs douaniers propos\u00e9s par les \u00c9tats-Unis, avec un optimisme prudent quant aux possibilit\u00e9s d\u2019engagement - FVGC<\/title>\n<meta name=\"robots\" content=\"index, follow, max-snippet:-1, max-image-preview:large, max-video-preview:-1\" \/>\n<link rel=\"canonical\" href=\"https:\/\/fvgc.ca\/fr\/2025\/01\/20\/les-pflc-accueillent-favorablement-la-pause-sur-les-tarifs-douaniers-proposes-par-les-etats-unis-avec-un-optimisme-prudent-quant-aux-possibilites-dengagement\/\" \/>\n<meta property=\"og:locale\" content=\"fr_CA\" \/>\n<meta property=\"og:type\" content=\"article\" \/>\n<meta property=\"og:title\" content=\"Les PFLC accueillent favorablement la pause sur les tarifs douaniers propos\u00e9s par les \u00c9tats-Unis, avec un optimisme prudent quant aux possibilit\u00e9s d\u2019engagement - FVGC\" \/>\n<meta property=\"og:description\" content=\"Ottawa, ON - Les Producteurs de fruits et l\u00e9gumes du Canada (PFLC) accueillent favorablement les r\u00e9centes informations selon lesquelles la nouvelle administration am\u00e9ricaine a l&#039;intention de retarder l&#039;imposition propos\u00e9e de tarifs douaniers g\u00e9n\u00e9raux sur les exportations canadiennes et mexicaines. Cette d\u00e9cision mesur\u00e9e fournit une occasion utile au gouvernement du Canada et \u00e0 notre secteur des [&hellip;]\" \/>\n<meta property=\"og:url\" content=\"https:\/\/fvgc.ca\/fr\/2025\/01\/20\/les-pflc-accueillent-favorablement-la-pause-sur-les-tarifs-douaniers-proposes-par-les-etats-unis-avec-un-optimisme-prudent-quant-aux-possibilites-dengagement\/\" \/>\n<meta property=\"og:site_name\" content=\"FVGC\" \/>\n<meta property=\"article:published_time\" content=\"2025-01-20T21:09:12+00:00\" \/>\n<meta name=\"author\" content=\"Ashley Peyrard\" \/>\n<meta name=\"twitter:card\" content=\"summary_large_image\" \/>\n<meta name=\"twitter:label1\" content=\"\u00c9crit par\" \/>\n\t<meta name=\"twitter:data1\" content=\"Ashley Peyrard\" \/>\n<script type=\"application\/ld+json\" class=\"yoast-schema-graph\">{\"@context\":\"https:\\\/\\\/schema.org\",\"@graph\":[{\"@type\":\"Article\",\"@id\":\"https:\\\/\\\/fvgc.ca\\\/2025\\\/01\\\/20\\\/les-pflc-accueillent-favorablement-la-pause-sur-les-tarifs-douaniers-proposes-par-les-etats-unis-avec-un-optimisme-prudent-quant-aux-possibilites-dengagement\\\/#article\",\"isPartOf\":{\"@id\":\"https:\\\/\\\/fvgc.ca\\\/2025\\\/01\\\/20\\\/les-pflc-accueillent-favorablement-la-pause-sur-les-tarifs-douaniers-proposes-par-les-etats-unis-avec-un-optimisme-prudent-quant-aux-possibilites-dengagement\\\/\"},\"author\":{\"name\":\"Ashley Peyrard\",\"@id\":\"https:\\\/\\\/fvgc.ca\\\/#\\\/schema\\\/person\\\/5d5ec6451ef7dc9293fb481d46af0c11\"},\"headline\":\"Les PFLC accueillent favorablement la pause sur les tarifs douaniers propos\u00e9s par les \u00c9tats-Unis, avec un optimisme prudent quant aux possibilit\u00e9s d\u2019engagement\",\"datePublished\":\"2025-01-20T21:09:12+00:00\",\"mainEntityOfPage\":{\"@id\":\"https:\\\/\\\/fvgc.ca\\\/2025\\\/01\\\/20\\\/les-pflc-accueillent-favorablement-la-pause-sur-les-tarifs-douaniers-proposes-par-les-etats-unis-avec-un-optimisme-prudent-quant-aux-possibilites-dengagement\\\/\"},\"wordCount\":774,\"articleSection\":[\"Actualit\u00e9s\"],\"inLanguage\":\"fr-CA\"},{\"@type\":\"WebPage\",\"@id\":\"https:\\\/\\\/fvgc.ca\\\/2025\\\/01\\\/20\\\/les-pflc-accueillent-favorablement-la-pause-sur-les-tarifs-douaniers-proposes-par-les-etats-unis-avec-un-optimisme-prudent-quant-aux-possibilites-dengagement\\\/\",\"url\":\"https:\\\/\\\/fvgc.ca\\\/2025\\\/01\\\/20\\\/les-pflc-accueillent-favorablement-la-pause-sur-les-tarifs-douaniers-proposes-par-les-etats-unis-avec-un-optimisme-prudent-quant-aux-possibilites-dengagement\\\/\",\"name\":\"Les PFLC accueillent favorablement la pause sur les tarifs douaniers propos\u00e9s par les \u00c9tats-Unis, avec un optimisme prudent quant aux possibilit\u00e9s d\u2019engagement - FVGC\",\"isPartOf\":{\"@id\":\"https:\\\/\\\/fvgc.ca\\\/#website\"},\"datePublished\":\"2025-01-20T21:09:12+00:00\",\"author\":{\"@id\":\"https:\\\/\\\/fvgc.ca\\\/#\\\/schema\\\/person\\\/5d5ec6451ef7dc9293fb481d46af0c11\"},\"breadcrumb\":{\"@id\":\"https:\\\/\\\/fvgc.ca\\\/2025\\\/01\\\/20\\\/les-pflc-accueillent-favorablement-la-pause-sur-les-tarifs-douaniers-proposes-par-les-etats-unis-avec-un-optimisme-prudent-quant-aux-possibilites-dengagement\\\/#breadcrumb\"},\"inLanguage\":\"fr-CA\",\"potentialAction\":[{\"@type\":\"ReadAction\",\"target\":[\"https:\\\/\\\/fvgc.ca\\\/2025\\\/01\\\/20\\\/les-pflc-accueillent-favorablement-la-pause-sur-les-tarifs-douaniers-proposes-par-les-etats-unis-avec-un-optimisme-prudent-quant-aux-possibilites-dengagement\\\/\"]}]},{\"@type\":\"BreadcrumbList\",\"@id\":\"https:\\\/\\\/fvgc.ca\\\/2025\\\/01\\\/20\\\/les-pflc-accueillent-favorablement-la-pause-sur-les-tarifs-douaniers-proposes-par-les-etats-unis-avec-un-optimisme-prudent-quant-aux-possibilites-dengagement\\\/#breadcrumb\",\"itemListElement\":[{\"@type\":\"ListItem\",\"position\":1,\"name\":\"Home\",\"item\":\"https:\\\/\\\/fvgc.ca\\\/\"},{\"@type\":\"ListItem\",\"position\":2,\"name\":\"Les PFLC accueillent favorablement la pause sur les tarifs douaniers propos\u00e9s par les \u00c9tats-Unis, avec un optimisme prudent quant aux possibilit\u00e9s d\u2019engagement\"}]},{\"@type\":\"WebSite\",\"@id\":\"https:\\\/\\\/fvgc.ca\\\/#website\",\"url\":\"https:\\\/\\\/fvgc.ca\\\/\",\"name\":\"FVGC\",\"description\":\"Representing Growers Across the Country\",\"potentialAction\":[{\"@type\":\"SearchAction\",\"target\":{\"@type\":\"EntryPoint\",\"urlTemplate\":\"https:\\\/\\\/fvgc.ca\\\/?s={search_term_string}\"},\"query-input\":{\"@type\":\"PropertyValueSpecification\",\"valueRequired\":true,\"valueName\":\"search_term_string\"}}],\"inLanguage\":\"fr-CA\"},{\"@type\":\"Person\",\"@id\":\"https:\\\/\\\/fvgc.ca\\\/#\\\/schema\\\/person\\\/5d5ec6451ef7dc9293fb481d46af0c11\",\"name\":\"Ashley Peyrard\",\"url\":\"https:\\\/\\\/fvgc.ca\\\/fr\\\/author\\\/fruit-and-vegetable-growers-of-canada\\\/\"}]}<\/script>\n<!-- \/ Yoast SEO plugin. -->","yoast_head_json":{"title":"Les PFLC accueillent favorablement la pause sur les tarifs douaniers propos\u00e9s par les \u00c9tats-Unis, avec un optimisme prudent quant aux possibilit\u00e9s d\u2019engagement - FVGC","robots":{"index":"index","follow":"follow","max-snippet":"max-snippet:-1","max-image-preview":"max-image-preview:large","max-video-preview":"max-video-preview:-1"},"canonical":"https:\/\/fvgc.ca\/fr\/2025\/01\/20\/les-pflc-accueillent-favorablement-la-pause-sur-les-tarifs-douaniers-proposes-par-les-etats-unis-avec-un-optimisme-prudent-quant-aux-possibilites-dengagement\/","og_locale":"fr_CA","og_type":"article","og_title":"Les PFLC accueillent favorablement la pause sur les tarifs douaniers propos\u00e9s par les \u00c9tats-Unis, avec un optimisme prudent quant aux possibilit\u00e9s d\u2019engagement - FVGC","og_description":"Ottawa, ON - Les Producteurs de fruits et l\u00e9gumes du Canada (PFLC) accueillent favorablement les r\u00e9centes informations selon lesquelles la nouvelle administration am\u00e9ricaine a l'intention de retarder l'imposition propos\u00e9e de tarifs douaniers g\u00e9n\u00e9raux sur les exportations canadiennes et mexicaines. Cette d\u00e9cision mesur\u00e9e fournit une occasion utile au gouvernement du Canada et \u00e0 notre secteur des [&hellip;]","og_url":"https:\/\/fvgc.ca\/fr\/2025\/01\/20\/les-pflc-accueillent-favorablement-la-pause-sur-les-tarifs-douaniers-proposes-par-les-etats-unis-avec-un-optimisme-prudent-quant-aux-possibilites-dengagement\/","og_site_name":"FVGC","article_published_time":"2025-01-20T21:09:12+00:00","author":"Ashley Peyrard","twitter_card":"summary_large_image","twitter_misc":{"\u00c9crit par":"Ashley Peyrard"},"schema":{"@context":"https:\/\/schema.org","@graph":[{"@type":"Article","@id":"https:\/\/fvgc.ca\/2025\/01\/20\/les-pflc-accueillent-favorablement-la-pause-sur-les-tarifs-douaniers-proposes-par-les-etats-unis-avec-un-optimisme-prudent-quant-aux-possibilites-dengagement\/#article","isPartOf":{"@id":"https:\/\/fvgc.ca\/2025\/01\/20\/les-pflc-accueillent-favorablement-la-pause-sur-les-tarifs-douaniers-proposes-par-les-etats-unis-avec-un-optimisme-prudent-quant-aux-possibilites-dengagement\/"},"author":{"name":"Ashley Peyrard","@id":"https:\/\/fvgc.ca\/#\/schema\/person\/5d5ec6451ef7dc9293fb481d46af0c11"},"headline":"Les PFLC accueillent favorablement la pause sur les tarifs douaniers propos\u00e9s par les \u00c9tats-Unis, avec un optimisme prudent quant aux possibilit\u00e9s d\u2019engagement","datePublished":"2025-01-20T21:09:12+00:00","mainEntityOfPage":{"@id":"https:\/\/fvgc.ca\/2025\/01\/20\/les-pflc-accueillent-favorablement-la-pause-sur-les-tarifs-douaniers-proposes-par-les-etats-unis-avec-un-optimisme-prudent-quant-aux-possibilites-dengagement\/"},"wordCount":774,"articleSection":["Actualit\u00e9s"],"inLanguage":"fr-CA"},{"@type":"WebPage","@id":"https:\/\/fvgc.ca\/2025\/01\/20\/les-pflc-accueillent-favorablement-la-pause-sur-les-tarifs-douaniers-proposes-par-les-etats-unis-avec-un-optimisme-prudent-quant-aux-possibilites-dengagement\/","url":"https:\/\/fvgc.ca\/2025\/01\/20\/les-pflc-accueillent-favorablement-la-pause-sur-les-tarifs-douaniers-proposes-par-les-etats-unis-avec-un-optimisme-prudent-quant-aux-possibilites-dengagement\/","name":"Les PFLC accueillent favorablement la pause sur les tarifs douaniers propos\u00e9s par les \u00c9tats-Unis, avec un optimisme prudent quant aux possibilit\u00e9s d\u2019engagement - FVGC","isPartOf":{"@id":"https:\/\/fvgc.ca\/#website"},"datePublished":"2025-01-20T21:09:12+00:00","author":{"@id":"https:\/\/fvgc.ca\/#\/schema\/person\/5d5ec6451ef7dc9293fb481d46af0c11"},"breadcrumb":{"@id":"https:\/\/fvgc.ca\/2025\/01\/20\/les-pflc-accueillent-favorablement-la-pause-sur-les-tarifs-douaniers-proposes-par-les-etats-unis-avec-un-optimisme-prudent-quant-aux-possibilites-dengagement\/#breadcrumb"},"inLanguage":"fr-CA","potentialAction":[{"@type":"ReadAction","target":["https:\/\/fvgc.ca\/2025\/01\/20\/les-pflc-accueillent-favorablement-la-pause-sur-les-tarifs-douaniers-proposes-par-les-etats-unis-avec-un-optimisme-prudent-quant-aux-possibilites-dengagement\/"]}]},{"@type":"BreadcrumbList","@id":"https:\/\/fvgc.ca\/2025\/01\/20\/les-pflc-accueillent-favorablement-la-pause-sur-les-tarifs-douaniers-proposes-par-les-etats-unis-avec-un-optimisme-prudent-quant-aux-possibilites-dengagement\/#breadcrumb","itemListElement":[{"@type":"ListItem","position":1,"name":"Home","item":"https:\/\/fvgc.ca\/"},{"@type":"ListItem","position":2,"name":"Les PFLC accueillent favorablement la pause sur les tarifs douaniers propos\u00e9s par les \u00c9tats-Unis, avec un optimisme prudent quant aux possibilit\u00e9s d\u2019engagement"}]},{"@type":"WebSite","@id":"https:\/\/fvgc.ca\/#website","url":"https:\/\/fvgc.ca\/","name":"FVGC","description":"Representing Growers Across the Country","potentialAction":[{"@type":"SearchAction","target":{"@type":"EntryPoint","urlTemplate":"https:\/\/fvgc.ca\/?s={search_term_string}"},"query-input":{"@type":"PropertyValueSpecification","valueRequired":true,"valueName":"search_term_string"}}],"inLanguage":"fr-CA"},{"@type":"Person","@id":"https:\/\/fvgc.ca\/#\/schema\/person\/5d5ec6451ef7dc9293fb481d46af0c11","name":"Ashley Peyrard","url":"https:\/\/fvgc.ca\/fr\/author\/fruit-and-vegetable-growers-of-canada\/"}]}},"jetpack_featured_media_url":"","_links":{"self":[{"href":"https:\/\/fvgc.ca\/fr\/wp-json\/wp\/v2\/posts\/38864","targetHints":{"allow":["GET"]}}],"collection":[{"href":"https:\/\/fvgc.ca\/fr\/wp-json\/wp\/v2\/posts"}],"about":[{"href":"https:\/\/fvgc.ca\/fr\/wp-json\/wp\/v2\/types\/post"}],"author":[{"embeddable":true,"href":"https:\/\/fvgc.ca\/fr\/wp-json\/wp\/v2\/users\/5"}],"replies":[{"embeddable":true,"href":"https:\/\/fvgc.ca\/fr\/wp-json\/wp\/v2\/comments?post=38864"}],"version-history":[{"count":0,"href":"https:\/\/fvgc.ca\/fr\/wp-json\/wp\/v2\/posts\/38864\/revisions"}],"wp:attachment":[{"href":"https:\/\/fvgc.ca\/fr\/wp-json\/wp\/v2\/media?parent=38864"}],"wp:term":[{"taxonomy":"category","embeddable":true,"href":"https:\/\/fvgc.ca\/fr\/wp-json\/wp\/v2\/categories?post=38864"},{"taxonomy":"post_tag","embeddable":true,"href":"https:\/\/fvgc.ca\/fr\/wp-json\/wp\/v2\/tags?post=38864"}],"curies":[{"name":"wp","href":"https:\/\/api.w.org\/{rel}","templated":true}]}}