{"id":37698,"date":"2024-05-28T16:45:51","date_gmt":"2024-05-28T20:45:51","guid":{"rendered":"https:\/\/fvgc.ca\/?p=37698"},"modified":"2024-05-28T17:12:21","modified_gmt":"2024-05-28T21:12:21","slug":"les-producteurs-de-fruits-et-legumes-du-canada-applaudissent-les-recommandations-du-comite-de-lagri-sur-la-stabilisation-des-prix-des-aliments","status":"publish","type":"post","link":"https:\/\/fvgc.ca\/fr\/2024\/05\/28\/les-producteurs-de-fruits-et-legumes-du-canada-applaudissent-les-recommandations-du-comite-de-lagri-sur-la-stabilisation-des-prix-des-aliments\/","title":{"rendered":"Les Producteurs de fruits et l\u00e9gumes du Canada applaudissent les recommandations du Comit\u00e9 de l&#8217;AGRI sur la stabilisation des prix des aliments\u00a0"},"content":{"rendered":"\n[et_pb_section fb_built=&#8221;1&#8243; _builder_version=&#8221;4.23.1&#8243; _module_preset=&#8221;default&#8221; global_colors_info=&#8221;{}&#8221; theme_builder_area=&#8221;post_content&#8221;][et_pb_row _builder_version=&#8221;4.23.1&#8243; _module_preset=&#8221;default&#8221; global_colors_info=&#8221;{}&#8221; theme_builder_area=&#8221;post_content&#8221;][et_pb_column type=&#8221;4_4&#8243; _builder_version=&#8221;4.23.1&#8243; _module_preset=&#8221;default&#8221; global_colors_info=&#8221;{}&#8221; theme_builder_area=&#8221;post_content&#8221;][et_pb_text _builder_version=&#8221;4.23.1&#8243; _module_preset=&#8221;default&#8221; global_colors_info=&#8221;{}&#8221; theme_builder_area=&#8221;post_content&#8221;]<p><strong>OTTAWA<\/strong> \u2013 Les Producteurs de fruits et l\u00e9gumes du Canada (PFLC) ont accueilli favorablement le r\u00e9cent rapport du Comit\u00e9 permanent de l&#8217;agriculture et de l&#8217;agroalimentaire de la Chambre des communes (AGRI), qui fournit des recommandations cl\u00e9s visant \u00e0 stabiliser la hausse des prix des aliments. Les PFLC appr\u00e9cient les efforts du Comit\u00e9 et sont particuli\u00e8rement encourag\u00e9s par la coh\u00e9rence entre le rapport AGRI et les propres plaidoyers et recommandations de plaidoyer et de budget 2024 des PFLC.\u00a0<\/p>\n<p paraeid=\"{e735062b-47a5-4b0a-bc3f-0a341d3b456f}{171}\" paraid=\"1064500306\">Marcus Janzen, pr\u00e9sident des PFLC, a d\u00e9clar\u00e9 : \u00ab\u202fLe rapport du Comit\u00e9 de l&#8217;AGRI constitue une avanc\u00e9e significative pour relever les d\u00e9fis cruciaux auxquels notre secteur est confront\u00e9. Nous sommes encourag\u00e9s par l&#8217;alignement entre leurs recommandations et notre plaidoyer, soulignant l&#8217;importance des efforts de collaboration pour soutenir la communaut\u00e9 agricole.\u202f\u00bb\u00a0 Le plaidoyer de M. Janzen lors de sa comparution devant le Comit\u00e9 AGRI en f\u00e9vrier 2024 a contribu\u00e9 \u00e0 fa\u00e7onner les recommandations du rapport, et ses commentaires ont \u00e9t\u00e9 inclus dans le rapport.\u00a0<\/p>\n<p paraeid=\"{e735062b-47a5-4b0a-bc3f-0a341d3b456f}{203}\" paraid=\"960931932\">Une mesure l\u00e9gislative cl\u00e9 soutenue par le rapport est le projet de loi C-234 non amend\u00e9, qui vise \u00e0 fournir un all\u00e9gement financier aux producteurs agricoles en exemptant totalement certains carburants agricoles de la taxe carbone. Cela correspond \u00e0 l&#8217;appel des PFLC pour que la Chambre des communes adopte le projet de loi C-234 dans sa forme originale, en veillant \u00e0 ce que les exemptions de la tarification du carbone couvrent tous les principaux types de carburants utilis\u00e9s dans l&#8217;agriculture. Plut\u00f4t que de modifier les comportements, les co\u00fbts actuels du carbone agissent comme une mesure punitive, ayant un impact n\u00e9gatif \u00e0 la fois sur les producteurs agricoles et les consommateurs. Le directeur parlementaire du budget a indiqu\u00e9 que le projet de loi C-234 permettra aux producteurs agricoles canadiens d&#8217;\u00e9conomiser 1 milliard de dollars d&#8217;ici 2030, r\u00e9duisant ainsi le co\u00fbt des aliments pour les familles canadiennes.\u00a0<\/p>\n<p paraeid=\"{e735062b-47a5-4b0a-bc3f-0a341d3b456f}{215}\" paraid=\"1723183540\">AGRI et les PFLC soulignent la n\u00e9cessit\u00e9 d&#8217;un code de conduite du secteur des produits d\u2019\u00e9picerie pour garantir des pratiques commerciales \u00e9quitables et la transparence de la cha\u00eene d&#8217;approvisionnement. Les r\u00e9formes de la main-d&#8217;\u0153uvre, incluant des am\u00e9liorations au Programme des travailleurs \u00e9trangers temporaires, sont essentielles pour rem\u00e9dier aux p\u00e9nuries de main-d&#8217;\u0153uvre et garantir une main-d&#8217;\u0153uvre stable et qualifi\u00e9e pour le secteur agricole. En outre, AGRI et les PFLC demandent des normes de r\u00e9ciprocit\u00e9 pour garantir que les produits import\u00e9s r\u00e9pondent aux m\u00eames normes de s\u00e9curit\u00e9 et de qualit\u00e9 que les produits nationaux.\u00a0<\/p>\n<p paraeid=\"{e735062b-47a5-4b0a-bc3f-0a341d3b456f}{229}\" paraid=\"1668231139\">Le rapport AGRI reconna\u00eet l&#8217;impact \u00e9conomique de la transition des emballages plastiques et souligne la n\u00e9cessit\u00e9 de solutions \u00e9quilibr\u00e9es et pratiques qui tiennent compte de la durabilit\u00e9 tout en maintenant l&#8217;approvisionnement en produits frais de haute qualit\u00e9. Le rapport pr\u00e9conise \u00e9galement la normalisation des codes d&#8217;appel de prix (PLU) afin d&#8217;am\u00e9liorer la tra\u00e7abilit\u00e9 et l&#8217;efficacit\u00e9 de la cha\u00eene d&#8217;approvisionnement.\u00a0<\/p>\n<p paraeid=\"{e735062b-47a5-4b0a-bc3f-0a341d3b456f}{237}\" paraid=\"999099924\">Le rapport de l&#8217;AGRI s&#8217;aligne \u00e9troitement sur les recommandations des PFLC en ce qui concerne le budget 2024 dans plusieurs domaines cl\u00e9s. Tous deux soulignent la n\u00e9cessit\u00e9 d&#8217;un financement et d&#8217;un soutien accrus pour les pratiques agricoles durables, incluant des investissements dans la technologie et la recherche. L&#8217;am\u00e9lioration de l&#8217;acc\u00e8s aux march\u00e9s pour les producteurs canadiens et la r\u00e9duction des obstacles au commerce sont \u00e9galement des objectifs communs. Les deux documents font appel \u00e0 une infrastructure agricole robuste et soulignent l&#8217;importance de la r\u00e9silience climatique, en pr\u00e9conisant des fonds d\u00e9di\u00e9s pour aider les producteurs \u00e0 s&#8217;adapter aux impacts du changement climatique. Le renforcement des normes de sant\u00e9 et de s\u00e9curit\u00e9 pour les travailleurs agricoles et l&#8217;am\u00e9lioration du soutien financier et des outils de gestion des risques sont \u00e9galement mis en \u00e9vidence.\u00a0<\/p>\n<p paraeid=\"{4efa5989-83d3-48fb-bc97-28b1fb8522da}{24}\" paraid=\"761388377\">Les PFLC demandent au gouvernement de mettre en \u0153uvre les recommandations\u00a0du Comit\u00e9 de l&#8217;AGRI afin d&#8217;assurer la durabilit\u00e9 du secteur des fruits et l\u00e9gumes et de stabiliser la hausse des prix des aliments, ce qui profitera \u00e0 tous les Canadiens.\u00a0<\/p>\n<p paraeid=\"{4efa5989-83d3-48fb-bc97-28b1fb8522da}{42}\" paraid=\"511012642\">Liens :\u00a0<\/p>\n<ul role=\"list\">\n<li aria-setsize=\"-1\" data-aria-level=\"1\" data-aria-posinset=\"1\" data-font=\"Symbol\" data-leveltext=\"\uf0b7\" data-list-defn-props=\"{&quot;335552541&quot;:1,&quot;335559685&quot;:720,&quot;335559991&quot;:360,&quot;469769226&quot;:&quot;Symbol&quot;,&quot;469769242&quot;:[8226],&quot;469777803&quot;:&quot;left&quot;,&quot;469777804&quot;:&quot;\uf0b7&quot;,&quot;469777815&quot;:&quot;hybridMultilevel&quot;}\" data-listid=\"1\" role=\"listitem\">\n<p paraeid=\"{4efa5989-83d3-48fb-bc97-28b1fb8522da}{48}\" paraid=\"439693309\"><a href=\"https:\/\/www.noscommunes.ca\/documentviewer\/fr\/44-1\/AGRI\/rapport-18\/page-24\" rel=\"noreferrer noopener\" target=\"_blank\">Appel \u00e0 l&#8217;action : Comment le gouvernement et l&#8217;industrie peuvent lutter contre la volatilit\u00e9 des prix des aliments &#8211; Comit\u00e9 de l&#8217;AGRI<\/a>\u00a0<\/p>\n<\/li>\n<li aria-setsize=\"-1\" data-aria-level=\"1\" data-aria-posinset=\"2\" data-font=\"Symbol\" data-leveltext=\"\uf0b7\" data-list-defn-props=\"{&quot;335552541&quot;:1,&quot;335559685&quot;:720,&quot;335559991&quot;:360,&quot;469769226&quot;:&quot;Symbol&quot;,&quot;469769242&quot;:[8226],&quot;469777803&quot;:&quot;left&quot;,&quot;469777804&quot;:&quot;\uf0b7&quot;,&quot;469777815&quot;:&quot;hybridMultilevel&quot;}\" data-listid=\"1\" role=\"listitem\">\n<p paraeid=\"{4efa5989-83d3-48fb-bc97-28b1fb8522da}{69}\" paraid=\"92192531\"><a href=\"https:\/\/fvgc.ca\/wp-content\/uploads\/2024\/04\/2024-budget-feb-2024.FR_.pdf\" target=\"_blank\" rel=\"noopener\">M\u00e9moire \u00e9crit pour les consultations pr\u00e9budg\u00e9taires en vue du budget 2024 &#8211; Producteurs de fruits et l\u00e9gumes du Canada.\u00a0<\/a><\/p>\n<\/li>\n<\/ul>\n<p><em>Les Producteurs de fruits et l\u00e9gumes du Canada (PFLC) repr\u00e9sentent des producteurs de tout le pays qui produisent plus de 120 types de cultures sur plus de 14 000 entreprises agricoles, pour une valeur \u00e0 la ferme de 6,8 milliards de dollars en 2022. Les PFLC sont une association nationale b\u00e9n\u00e9vole \u00e0 but non lucratif bas\u00e9e \u00e0 Ottawa. Depuis 1922, nous d\u00e9fendons les int\u00e9r\u00eats des producteurs de fruits et l\u00e9gumes sur des questions importantes qui ont un impact sur le secteur des produits frais au Canada, en faisant la promotion d\u2019aliments sains, s\u00fbrs et durables, et en assurant le succ\u00e8s et la croissance continus de l&#8217;industrie.<\/em><\/p>\n<p><strong>Pour plus d&#8217;informations, veuillez contacter:<\/strong><br \/><br \/><span>Ashley Peyrard<\/span><br \/><span>Gestionnaire, Communications<\/span><br \/><span>Producteurs de fruits et l\u00e9gumes du Canada<\/span><br \/><span>apeyrard@fvgc.ca<\/span><br \/><span>cell : 613-621-2195<\/span><\/p>[\/et_pb_text][\/et_pb_column][\/et_pb_row][\/et_pb_section]\n","protected":false},"excerpt":{"rendered":"<p>OTTAWA \u2013 Les Producteurs de fruits et l\u00e9gumes du Canada (PFLC) ont accueilli favorablement le r\u00e9cent rapport du Comit\u00e9 permanent de l&#8217;agriculture et de l&#8217;agroalimentaire de la Chambre des communes (AGRI), qui fournit des recommandations cl\u00e9s visant \u00e0 stabiliser la hausse des prix des aliments. Les PFLC appr\u00e9cient les efforts du Comit\u00e9 et sont particuli\u00e8rement [&hellip;]<\/p>\n","protected":false},"author":5,"featured_media":0,"comment_status":"closed","ping_status":"closed","sticky":false,"template":"","format":"standard","meta":{"_et_pb_use_builder":"on","_et_pb_old_content":"","_et_gb_content_width":"","footnotes":""},"categories":[23],"tags":[],"class_list":["post-37698","post","type-post","status-publish","format-standard","hentry","category-actualites"],"yoast_head":"<!-- This site is optimized with the Yoast SEO plugin v27.4 - https:\/\/yoast.com\/product\/yoast-seo-wordpress\/ -->\n<title>Les Producteurs de fruits et l\u00e9gumes du Canada applaudissent les recommandations du Comit\u00e9 de l&#039;AGRI sur la stabilisation des prix des aliments\u00a0 - FVGC<\/title>\n<meta name=\"robots\" content=\"index, follow, max-snippet:-1, max-image-preview:large, max-video-preview:-1\" \/>\n<link rel=\"canonical\" href=\"https:\/\/fvgc.ca\/fr\/2024\/05\/28\/les-producteurs-de-fruits-et-legumes-du-canada-applaudissent-les-recommandations-du-comite-de-lagri-sur-la-stabilisation-des-prix-des-aliments\/\" \/>\n<meta property=\"og:locale\" content=\"fr_CA\" \/>\n<meta property=\"og:type\" content=\"article\" \/>\n<meta property=\"og:title\" content=\"Les Producteurs de fruits et l\u00e9gumes du Canada applaudissent les recommandations du Comit\u00e9 de l&#039;AGRI sur la stabilisation des prix des aliments\u00a0 - FVGC\" \/>\n<meta property=\"og:description\" content=\"OTTAWA \u2013 Les Producteurs de fruits et l\u00e9gumes du Canada (PFLC) ont accueilli favorablement le r\u00e9cent rapport du Comit\u00e9 permanent de l&#039;agriculture et de l&#039;agroalimentaire de la Chambre des communes (AGRI), qui fournit des recommandations cl\u00e9s visant \u00e0 stabiliser la hausse des prix des aliments. Les PFLC appr\u00e9cient les efforts du Comit\u00e9 et sont particuli\u00e8rement [&hellip;]\" \/>\n<meta property=\"og:url\" content=\"https:\/\/fvgc.ca\/fr\/2024\/05\/28\/les-producteurs-de-fruits-et-legumes-du-canada-applaudissent-les-recommandations-du-comite-de-lagri-sur-la-stabilisation-des-prix-des-aliments\/\" \/>\n<meta property=\"og:site_name\" content=\"FVGC\" \/>\n<meta property=\"article:published_time\" content=\"2024-05-28T20:45:51+00:00\" \/>\n<meta property=\"article:modified_time\" content=\"2024-05-28T21:12:21+00:00\" \/>\n<meta name=\"author\" content=\"Ashley Peyrard\" \/>\n<meta name=\"twitter:card\" content=\"summary_large_image\" \/>\n<meta name=\"twitter:label1\" content=\"\u00c9crit par\" \/>\n\t<meta name=\"twitter:data1\" content=\"Ashley Peyrard\" \/>\n\t<meta name=\"twitter:label2\" content=\"Estimation du temps de lecture\" \/>\n\t<meta name=\"twitter:data2\" content=\"4 minutes\" \/>\n<script type=\"application\/ld+json\" class=\"yoast-schema-graph\">{\"@context\":\"https:\\\/\\\/schema.org\",\"@graph\":[{\"@type\":\"Article\",\"@id\":\"https:\\\/\\\/fvgc.ca\\\/2024\\\/05\\\/28\\\/les-producteurs-de-fruits-et-legumes-du-canada-applaudissent-les-recommandations-du-comite-de-lagri-sur-la-stabilisation-des-prix-des-aliments\\\/#article\",\"isPartOf\":{\"@id\":\"https:\\\/\\\/fvgc.ca\\\/2024\\\/05\\\/28\\\/les-producteurs-de-fruits-et-legumes-du-canada-applaudissent-les-recommandations-du-comite-de-lagri-sur-la-stabilisation-des-prix-des-aliments\\\/\"},\"author\":{\"name\":\"Ashley Peyrard\",\"@id\":\"https:\\\/\\\/fvgc.ca\\\/#\\\/schema\\\/person\\\/5d5ec6451ef7dc9293fb481d46af0c11\"},\"headline\":\"Les Producteurs de fruits et l\u00e9gumes du Canada applaudissent les recommandations du Comit\u00e9 de l&#8217;AGRI sur la stabilisation des prix des aliments\u00a0\",\"datePublished\":\"2024-05-28T20:45:51+00:00\",\"dateModified\":\"2024-05-28T21:12:21+00:00\",\"mainEntityOfPage\":{\"@id\":\"https:\\\/\\\/fvgc.ca\\\/2024\\\/05\\\/28\\\/les-producteurs-de-fruits-et-legumes-du-canada-applaudissent-les-recommandations-du-comite-de-lagri-sur-la-stabilisation-des-prix-des-aliments\\\/\"},\"wordCount\":981,\"articleSection\":[\"Actualit\u00e9s\"],\"inLanguage\":\"fr-CA\"},{\"@type\":\"WebPage\",\"@id\":\"https:\\\/\\\/fvgc.ca\\\/2024\\\/05\\\/28\\\/les-producteurs-de-fruits-et-legumes-du-canada-applaudissent-les-recommandations-du-comite-de-lagri-sur-la-stabilisation-des-prix-des-aliments\\\/\",\"url\":\"https:\\\/\\\/fvgc.ca\\\/2024\\\/05\\\/28\\\/les-producteurs-de-fruits-et-legumes-du-canada-applaudissent-les-recommandations-du-comite-de-lagri-sur-la-stabilisation-des-prix-des-aliments\\\/\",\"name\":\"Les Producteurs de fruits et l\u00e9gumes du Canada applaudissent les recommandations du Comit\u00e9 de l'AGRI sur la stabilisation des prix des aliments\u00a0 - FVGC\",\"isPartOf\":{\"@id\":\"https:\\\/\\\/fvgc.ca\\\/#website\"},\"datePublished\":\"2024-05-28T20:45:51+00:00\",\"dateModified\":\"2024-05-28T21:12:21+00:00\",\"author\":{\"@id\":\"https:\\\/\\\/fvgc.ca\\\/#\\\/schema\\\/person\\\/5d5ec6451ef7dc9293fb481d46af0c11\"},\"breadcrumb\":{\"@id\":\"https:\\\/\\\/fvgc.ca\\\/2024\\\/05\\\/28\\\/les-producteurs-de-fruits-et-legumes-du-canada-applaudissent-les-recommandations-du-comite-de-lagri-sur-la-stabilisation-des-prix-des-aliments\\\/#breadcrumb\"},\"inLanguage\":\"fr-CA\",\"potentialAction\":[{\"@type\":\"ReadAction\",\"target\":[\"https:\\\/\\\/fvgc.ca\\\/2024\\\/05\\\/28\\\/les-producteurs-de-fruits-et-legumes-du-canada-applaudissent-les-recommandations-du-comite-de-lagri-sur-la-stabilisation-des-prix-des-aliments\\\/\"]}]},{\"@type\":\"BreadcrumbList\",\"@id\":\"https:\\\/\\\/fvgc.ca\\\/2024\\\/05\\\/28\\\/les-producteurs-de-fruits-et-legumes-du-canada-applaudissent-les-recommandations-du-comite-de-lagri-sur-la-stabilisation-des-prix-des-aliments\\\/#breadcrumb\",\"itemListElement\":[{\"@type\":\"ListItem\",\"position\":1,\"name\":\"Home\",\"item\":\"https:\\\/\\\/fvgc.ca\\\/\"},{\"@type\":\"ListItem\",\"position\":2,\"name\":\"Les Producteurs de fruits et l\u00e9gumes du Canada applaudissent les recommandations du Comit\u00e9 de l&#8217;AGRI sur la stabilisation des prix des aliments\u00a0\"}]},{\"@type\":\"WebSite\",\"@id\":\"https:\\\/\\\/fvgc.ca\\\/#website\",\"url\":\"https:\\\/\\\/fvgc.ca\\\/\",\"name\":\"FVGC\",\"description\":\"Representing Growers Across the Country\",\"potentialAction\":[{\"@type\":\"SearchAction\",\"target\":{\"@type\":\"EntryPoint\",\"urlTemplate\":\"https:\\\/\\\/fvgc.ca\\\/?s={search_term_string}\"},\"query-input\":{\"@type\":\"PropertyValueSpecification\",\"valueRequired\":true,\"valueName\":\"search_term_string\"}}],\"inLanguage\":\"fr-CA\"},{\"@type\":\"Person\",\"@id\":\"https:\\\/\\\/fvgc.ca\\\/#\\\/schema\\\/person\\\/5d5ec6451ef7dc9293fb481d46af0c11\",\"name\":\"Ashley Peyrard\",\"url\":\"https:\\\/\\\/fvgc.ca\\\/fr\\\/author\\\/fruit-and-vegetable-growers-of-canada\\\/\"}]}<\/script>\n<!-- \/ Yoast SEO plugin. -->","yoast_head_json":{"title":"Les Producteurs de fruits et l\u00e9gumes du Canada applaudissent les recommandations du Comit\u00e9 de l'AGRI sur la stabilisation des prix des aliments\u00a0 - FVGC","robots":{"index":"index","follow":"follow","max-snippet":"max-snippet:-1","max-image-preview":"max-image-preview:large","max-video-preview":"max-video-preview:-1"},"canonical":"https:\/\/fvgc.ca\/fr\/2024\/05\/28\/les-producteurs-de-fruits-et-legumes-du-canada-applaudissent-les-recommandations-du-comite-de-lagri-sur-la-stabilisation-des-prix-des-aliments\/","og_locale":"fr_CA","og_type":"article","og_title":"Les Producteurs de fruits et l\u00e9gumes du Canada applaudissent les recommandations du Comit\u00e9 de l'AGRI sur la stabilisation des prix des aliments\u00a0 - FVGC","og_description":"OTTAWA \u2013 Les Producteurs de fruits et l\u00e9gumes du Canada (PFLC) ont accueilli favorablement le r\u00e9cent rapport du Comit\u00e9 permanent de l'agriculture et de l'agroalimentaire de la Chambre des communes (AGRI), qui fournit des recommandations cl\u00e9s visant \u00e0 stabiliser la hausse des prix des aliments. Les PFLC appr\u00e9cient les efforts du Comit\u00e9 et sont particuli\u00e8rement [&hellip;]","og_url":"https:\/\/fvgc.ca\/fr\/2024\/05\/28\/les-producteurs-de-fruits-et-legumes-du-canada-applaudissent-les-recommandations-du-comite-de-lagri-sur-la-stabilisation-des-prix-des-aliments\/","og_site_name":"FVGC","article_published_time":"2024-05-28T20:45:51+00:00","article_modified_time":"2024-05-28T21:12:21+00:00","author":"Ashley Peyrard","twitter_card":"summary_large_image","twitter_misc":{"\u00c9crit par":"Ashley Peyrard","Estimation du temps de lecture":"4 minutes"},"schema":{"@context":"https:\/\/schema.org","@graph":[{"@type":"Article","@id":"https:\/\/fvgc.ca\/2024\/05\/28\/les-producteurs-de-fruits-et-legumes-du-canada-applaudissent-les-recommandations-du-comite-de-lagri-sur-la-stabilisation-des-prix-des-aliments\/#article","isPartOf":{"@id":"https:\/\/fvgc.ca\/2024\/05\/28\/les-producteurs-de-fruits-et-legumes-du-canada-applaudissent-les-recommandations-du-comite-de-lagri-sur-la-stabilisation-des-prix-des-aliments\/"},"author":{"name":"Ashley Peyrard","@id":"https:\/\/fvgc.ca\/#\/schema\/person\/5d5ec6451ef7dc9293fb481d46af0c11"},"headline":"Les Producteurs de fruits et l\u00e9gumes du Canada applaudissent les recommandations du Comit\u00e9 de l&#8217;AGRI sur la stabilisation des prix des aliments\u00a0","datePublished":"2024-05-28T20:45:51+00:00","dateModified":"2024-05-28T21:12:21+00:00","mainEntityOfPage":{"@id":"https:\/\/fvgc.ca\/2024\/05\/28\/les-producteurs-de-fruits-et-legumes-du-canada-applaudissent-les-recommandations-du-comite-de-lagri-sur-la-stabilisation-des-prix-des-aliments\/"},"wordCount":981,"articleSection":["Actualit\u00e9s"],"inLanguage":"fr-CA"},{"@type":"WebPage","@id":"https:\/\/fvgc.ca\/2024\/05\/28\/les-producteurs-de-fruits-et-legumes-du-canada-applaudissent-les-recommandations-du-comite-de-lagri-sur-la-stabilisation-des-prix-des-aliments\/","url":"https:\/\/fvgc.ca\/2024\/05\/28\/les-producteurs-de-fruits-et-legumes-du-canada-applaudissent-les-recommandations-du-comite-de-lagri-sur-la-stabilisation-des-prix-des-aliments\/","name":"Les Producteurs de fruits et l\u00e9gumes du Canada applaudissent les recommandations du Comit\u00e9 de l'AGRI sur la stabilisation des prix des aliments\u00a0 - FVGC","isPartOf":{"@id":"https:\/\/fvgc.ca\/#website"},"datePublished":"2024-05-28T20:45:51+00:00","dateModified":"2024-05-28T21:12:21+00:00","author":{"@id":"https:\/\/fvgc.ca\/#\/schema\/person\/5d5ec6451ef7dc9293fb481d46af0c11"},"breadcrumb":{"@id":"https:\/\/fvgc.ca\/2024\/05\/28\/les-producteurs-de-fruits-et-legumes-du-canada-applaudissent-les-recommandations-du-comite-de-lagri-sur-la-stabilisation-des-prix-des-aliments\/#breadcrumb"},"inLanguage":"fr-CA","potentialAction":[{"@type":"ReadAction","target":["https:\/\/fvgc.ca\/2024\/05\/28\/les-producteurs-de-fruits-et-legumes-du-canada-applaudissent-les-recommandations-du-comite-de-lagri-sur-la-stabilisation-des-prix-des-aliments\/"]}]},{"@type":"BreadcrumbList","@id":"https:\/\/fvgc.ca\/2024\/05\/28\/les-producteurs-de-fruits-et-legumes-du-canada-applaudissent-les-recommandations-du-comite-de-lagri-sur-la-stabilisation-des-prix-des-aliments\/#breadcrumb","itemListElement":[{"@type":"ListItem","position":1,"name":"Home","item":"https:\/\/fvgc.ca\/"},{"@type":"ListItem","position":2,"name":"Les Producteurs de fruits et l\u00e9gumes du Canada applaudissent les recommandations du Comit\u00e9 de l&#8217;AGRI sur la stabilisation des prix des aliments\u00a0"}]},{"@type":"WebSite","@id":"https:\/\/fvgc.ca\/#website","url":"https:\/\/fvgc.ca\/","name":"FVGC","description":"Representing Growers Across the Country","potentialAction":[{"@type":"SearchAction","target":{"@type":"EntryPoint","urlTemplate":"https:\/\/fvgc.ca\/?s={search_term_string}"},"query-input":{"@type":"PropertyValueSpecification","valueRequired":true,"valueName":"search_term_string"}}],"inLanguage":"fr-CA"},{"@type":"Person","@id":"https:\/\/fvgc.ca\/#\/schema\/person\/5d5ec6451ef7dc9293fb481d46af0c11","name":"Ashley Peyrard","url":"https:\/\/fvgc.ca\/fr\/author\/fruit-and-vegetable-growers-of-canada\/"}]}},"jetpack_featured_media_url":"","_links":{"self":[{"href":"https:\/\/fvgc.ca\/fr\/wp-json\/wp\/v2\/posts\/37698","targetHints":{"allow":["GET"]}}],"collection":[{"href":"https:\/\/fvgc.ca\/fr\/wp-json\/wp\/v2\/posts"}],"about":[{"href":"https:\/\/fvgc.ca\/fr\/wp-json\/wp\/v2\/types\/post"}],"author":[{"embeddable":true,"href":"https:\/\/fvgc.ca\/fr\/wp-json\/wp\/v2\/users\/5"}],"replies":[{"embeddable":true,"href":"https:\/\/fvgc.ca\/fr\/wp-json\/wp\/v2\/comments?post=37698"}],"version-history":[{"count":0,"href":"https:\/\/fvgc.ca\/fr\/wp-json\/wp\/v2\/posts\/37698\/revisions"}],"wp:attachment":[{"href":"https:\/\/fvgc.ca\/fr\/wp-json\/wp\/v2\/media?parent=37698"}],"wp:term":[{"taxonomy":"category","embeddable":true,"href":"https:\/\/fvgc.ca\/fr\/wp-json\/wp\/v2\/categories?post=37698"},{"taxonomy":"post_tag","embeddable":true,"href":"https:\/\/fvgc.ca\/fr\/wp-json\/wp\/v2\/tags?post=37698"}],"curies":[{"name":"wp","href":"https:\/\/api.w.org\/{rel}","templated":true}]}}