{"id":34896,"date":"2017-03-21T09:16:45","date_gmt":"2017-03-21T13:16:45","guid":{"rendered":"https:\/\/www.hortcouncil.ca\/?p=540"},"modified":"2017-03-21T09:16:45","modified_gmt":"2017-03-21T13:16:45","slug":"gary-linkletter-recoit-le-prix-doug-connery-2017-pour-lexcellence-en-matiere-de-leadership","status":"publish","type":"post","link":"https:\/\/fvgc.ca\/fr\/2017\/03\/21\/gary-linkletter-recoit-le-prix-doug-connery-2017-pour-lexcellence-en-matiere-de-leadership\/","title":{"rendered":"Gary Linkletter re\u00e7oit le prix Doug-Connery 2017 pour l\u2019excellence en mati\u00e8re de leadership"},"content":{"rendered":"<div class=\"entry-content\">\n<p>Keith Kuhl, pr\u00e9sident sortant du Conseil canadien de l\u2019horticulture (CCH), a remis le prix Doug-Connery\u00a02017 pour l\u2019excellence en mati\u00e8re de leadership \u00e0 Gary Linkletter lors de l\u2019assembl\u00e9e g\u00e9n\u00e9rale annuelle de CCH qui s\u2019est tenue \u00e0 Winnipeg, au Manitoba.<\/p>\n<p>Monsieur Linkletter est un producteur de pommes de terre de septi\u00e8me g\u00e9n\u00e9ration de l\u2019\u00cele-du-Prince-\u00c9douard et un ambassadeur de l\u2019industrie de la pomme de terre \u00e0 l\u2019\u00e9chelle nationale depuis de nombreuses ann\u00e9es. Il a fourni des commentaires essentiels \u00e9manant de la base \u00e0 propos de l\u2019industrie des produits frais emball\u00e9s dans le cadre de la collaboration entre le CCH et l\u2019Agence canadienne d\u2019inspection des aliments pour l\u2019harmonisation de l\u2019emballage et des normes de classement avec les \u00c9tats-Unis. Il a \u00e9galement si\u00e9g\u00e9 au Comit\u00e9 charg\u00e9 de l\u2019harmonisation des limites maximales des r\u00e9sidus (LMR) pour les phytoprotecteurs de pommes de terre entre le Canada et les \u00c9tats-Unis.<\/p>\n<p>Gr\u00e2ce \u00e0 son d\u00e9vouement et \u00e0 sa participation active au Comit\u00e9, M.\u00a0Linkletter a contribu\u00e9 \u00e0 l\u2019am\u00e9lioration de la r\u00e9glementation de l\u2019industrie de l\u2019horticulture au Canada. Il a assist\u00e9 pendant plusieurs ann\u00e9es aux rencontres du Comit\u00e9 canado-am\u00e9ricain de la pomme de terre. Son attitude pos\u00e9e et r\u00e9fl\u00e9chie inspire le respect des producteurs et des repr\u00e9sentants de l\u2019industrie de part et d\u2019autre de la fronti\u00e8re.<\/p>\n<p>Le prix Doug-Connery a \u00e9t\u00e9 cr\u00e9\u00e9 en 2012 en l\u2019honneur du regrett\u00e9 Doug\u00a0Connery, ancien pr\u00e9sident et force motrice du CCH, qui est d\u00e9c\u00e9d\u00e9 pr\u00e9matur\u00e9ment en 2011. Paulette\u00a0Connery, la veuve de M.\u00a0Connery, nous a honor\u00e9s de sa pr\u00e9sence \u00e0 l\u2019assembl\u00e9e et elle a pris part \u00e0 la remise du prix qui porte le nom de son d\u00e9funt mari.<\/p>\n<\/div>","protected":false},"excerpt":{"rendered":"<p>Keith Kuhl, pr\u00e9sident sortant du Conseil canadien de l\u2019horticulture (CCH), a remis le prix Doug-Connery\u00a02017 pour l\u2019excellence en mati\u00e8re de leadership \u00e0 Gary Linkletter lors de l\u2019assembl\u00e9e g\u00e9n\u00e9rale annuelle de CCH qui s\u2019est tenue \u00e0 Winnipeg, au Manitoba. Monsieur Linkletter est un producteur de pommes de terre de septi\u00e8me g\u00e9n\u00e9ration de l\u2019\u00cele-du-Prince-\u00c9douard et un ambassadeur [&hellip;]<\/p>\n","protected":false},"author":5,"featured_media":534,"comment_status":"closed","ping_status":"open","sticky":false,"template":"","format":"standard","meta":{"_et_pb_use_builder":"","_et_pb_old_content":"","_et_gb_content_width":"","footnotes":""},"categories":[23],"tags":[],"class_list":["post-34896","post","type-post","status-publish","format-standard","has-post-thumbnail","hentry","category-actualites"],"yoast_head":"<!-- This site is optimized with the Yoast SEO plugin v27.4 - https:\/\/yoast.com\/product\/yoast-seo-wordpress\/ -->\n<title>Gary Linkletter re\u00e7oit le prix Doug-Connery 2017 pour l\u2019excellence en mati\u00e8re de leadership - FVGC<\/title>\n<meta name=\"robots\" content=\"index, follow, max-snippet:-1, max-image-preview:large, max-video-preview:-1\" \/>\n<link rel=\"canonical\" href=\"https:\/\/fvgc.ca\/fr\/2017\/03\/21\/gary-linkletter-recoit-le-prix-doug-connery-2017-pour-lexcellence-en-matiere-de-leadership\/\" \/>\n<meta property=\"og:locale\" content=\"fr_CA\" \/>\n<meta property=\"og:type\" content=\"article\" \/>\n<meta property=\"og:title\" content=\"Gary Linkletter re\u00e7oit le prix Doug-Connery 2017 pour l\u2019excellence en mati\u00e8re de leadership - FVGC\" \/>\n<meta property=\"og:description\" content=\"Keith Kuhl, pr\u00e9sident sortant du Conseil canadien de l\u2019horticulture (CCH), a remis le prix Doug-Connery\u00a02017 pour l\u2019excellence en mati\u00e8re de leadership \u00e0 Gary Linkletter lors de l\u2019assembl\u00e9e g\u00e9n\u00e9rale annuelle de CCH qui s\u2019est tenue \u00e0 Winnipeg, au Manitoba. Monsieur Linkletter est un producteur de pommes de terre de septi\u00e8me g\u00e9n\u00e9ration de l\u2019\u00cele-du-Prince-\u00c9douard et un ambassadeur [&hellip;]\" \/>\n<meta property=\"og:url\" content=\"https:\/\/fvgc.ca\/fr\/2017\/03\/21\/gary-linkletter-recoit-le-prix-doug-connery-2017-pour-lexcellence-en-matiere-de-leadership\/\" \/>\n<meta property=\"og:site_name\" content=\"FVGC\" \/>\n<meta property=\"article:published_time\" content=\"2017-03-21T13:16:45+00:00\" \/>\n<meta name=\"author\" content=\"Ashley Peyrard\" \/>\n<meta name=\"twitter:card\" content=\"summary_large_image\" \/>\n<meta name=\"twitter:label1\" content=\"\u00c9crit par\" \/>\n\t<meta name=\"twitter:data1\" content=\"Ashley Peyrard\" \/>\n\t<meta name=\"twitter:label2\" content=\"Estimation du temps de lecture\" \/>\n\t<meta name=\"twitter:data2\" content=\"2 minutes\" \/>\n<script type=\"application\/ld+json\" class=\"yoast-schema-graph\">{\"@context\":\"https:\\\/\\\/schema.org\",\"@graph\":[{\"@type\":\"Article\",\"@id\":\"https:\\\/\\\/fvgc.ca\\\/en\\\/2017\\\/03\\\/21\\\/gary-linkletter-recoit-le-prix-doug-connery-2017-pour-lexcellence-en-matiere-de-leadership\\\/#article\",\"isPartOf\":{\"@id\":\"https:\\\/\\\/fvgc.ca\\\/en\\\/2017\\\/03\\\/21\\\/gary-linkletter-recoit-le-prix-doug-connery-2017-pour-lexcellence-en-matiere-de-leadership\\\/\"},\"author\":{\"name\":\"Ashley Peyrard\",\"@id\":\"https:\\\/\\\/fvgc.ca\\\/#\\\/schema\\\/person\\\/5d5ec6451ef7dc9293fb481d46af0c11\"},\"headline\":\"Gary Linkletter re\u00e7oit le prix Doug-Connery 2017 pour l\u2019excellence en mati\u00e8re de leadership\",\"datePublished\":\"2017-03-21T13:16:45+00:00\",\"mainEntityOfPage\":{\"@id\":\"https:\\\/\\\/fvgc.ca\\\/en\\\/2017\\\/03\\\/21\\\/gary-linkletter-recoit-le-prix-doug-connery-2017-pour-lexcellence-en-matiere-de-leadership\\\/\"},\"wordCount\":323,\"image\":{\"@id\":\"https:\\\/\\\/fvgc.ca\\\/en\\\/2017\\\/03\\\/21\\\/gary-linkletter-recoit-le-prix-doug-connery-2017-pour-lexcellence-en-matiere-de-leadership\\\/#primaryimage\"},\"thumbnailUrl\":\"\",\"articleSection\":[\"Actualit\u00e9s\"],\"inLanguage\":\"fr-CA\"},{\"@type\":\"WebPage\",\"@id\":\"https:\\\/\\\/fvgc.ca\\\/en\\\/2017\\\/03\\\/21\\\/gary-linkletter-recoit-le-prix-doug-connery-2017-pour-lexcellence-en-matiere-de-leadership\\\/\",\"url\":\"https:\\\/\\\/fvgc.ca\\\/en\\\/2017\\\/03\\\/21\\\/gary-linkletter-recoit-le-prix-doug-connery-2017-pour-lexcellence-en-matiere-de-leadership\\\/\",\"name\":\"Gary Linkletter re\u00e7oit le prix Doug-Connery 2017 pour l\u2019excellence en mati\u00e8re de leadership - FVGC\",\"isPartOf\":{\"@id\":\"https:\\\/\\\/fvgc.ca\\\/#website\"},\"primaryImageOfPage\":{\"@id\":\"https:\\\/\\\/fvgc.ca\\\/en\\\/2017\\\/03\\\/21\\\/gary-linkletter-recoit-le-prix-doug-connery-2017-pour-lexcellence-en-matiere-de-leadership\\\/#primaryimage\"},\"image\":{\"@id\":\"https:\\\/\\\/fvgc.ca\\\/en\\\/2017\\\/03\\\/21\\\/gary-linkletter-recoit-le-prix-doug-connery-2017-pour-lexcellence-en-matiere-de-leadership\\\/#primaryimage\"},\"thumbnailUrl\":\"\",\"datePublished\":\"2017-03-21T13:16:45+00:00\",\"author\":{\"@id\":\"https:\\\/\\\/fvgc.ca\\\/#\\\/schema\\\/person\\\/5d5ec6451ef7dc9293fb481d46af0c11\"},\"breadcrumb\":{\"@id\":\"https:\\\/\\\/fvgc.ca\\\/en\\\/2017\\\/03\\\/21\\\/gary-linkletter-recoit-le-prix-doug-connery-2017-pour-lexcellence-en-matiere-de-leadership\\\/#breadcrumb\"},\"inLanguage\":\"fr-CA\",\"potentialAction\":[{\"@type\":\"ReadAction\",\"target\":[\"https:\\\/\\\/fvgc.ca\\\/en\\\/2017\\\/03\\\/21\\\/gary-linkletter-recoit-le-prix-doug-connery-2017-pour-lexcellence-en-matiere-de-leadership\\\/\"]}]},{\"@type\":\"ImageObject\",\"inLanguage\":\"fr-CA\",\"@id\":\"https:\\\/\\\/fvgc.ca\\\/en\\\/2017\\\/03\\\/21\\\/gary-linkletter-recoit-le-prix-doug-connery-2017-pour-lexcellence-en-matiere-de-leadership\\\/#primaryimage\",\"url\":\"\",\"contentUrl\":\"\"},{\"@type\":\"BreadcrumbList\",\"@id\":\"https:\\\/\\\/fvgc.ca\\\/en\\\/2017\\\/03\\\/21\\\/gary-linkletter-recoit-le-prix-doug-connery-2017-pour-lexcellence-en-matiere-de-leadership\\\/#breadcrumb\",\"itemListElement\":[{\"@type\":\"ListItem\",\"position\":1,\"name\":\"Home\",\"item\":\"https:\\\/\\\/fvgc.ca\\\/\"},{\"@type\":\"ListItem\",\"position\":2,\"name\":\"Gary Linkletter re\u00e7oit le prix Doug-Connery 2017 pour l\u2019excellence en mati\u00e8re de leadership\"}]},{\"@type\":\"WebSite\",\"@id\":\"https:\\\/\\\/fvgc.ca\\\/#website\",\"url\":\"https:\\\/\\\/fvgc.ca\\\/\",\"name\":\"FVGC\",\"description\":\"Representing Growers Across the Country\",\"potentialAction\":[{\"@type\":\"SearchAction\",\"target\":{\"@type\":\"EntryPoint\",\"urlTemplate\":\"https:\\\/\\\/fvgc.ca\\\/?s={search_term_string}\"},\"query-input\":{\"@type\":\"PropertyValueSpecification\",\"valueRequired\":true,\"valueName\":\"search_term_string\"}}],\"inLanguage\":\"fr-CA\"},{\"@type\":\"Person\",\"@id\":\"https:\\\/\\\/fvgc.ca\\\/#\\\/schema\\\/person\\\/5d5ec6451ef7dc9293fb481d46af0c11\",\"name\":\"Ashley Peyrard\",\"url\":\"https:\\\/\\\/fvgc.ca\\\/fr\\\/author\\\/fruit-and-vegetable-growers-of-canada\\\/\"}]}<\/script>\n<!-- \/ Yoast SEO plugin. -->","yoast_head_json":{"title":"Gary Linkletter re\u00e7oit le prix Doug-Connery 2017 pour l\u2019excellence en mati\u00e8re de leadership - FVGC","robots":{"index":"index","follow":"follow","max-snippet":"max-snippet:-1","max-image-preview":"max-image-preview:large","max-video-preview":"max-video-preview:-1"},"canonical":"https:\/\/fvgc.ca\/fr\/2017\/03\/21\/gary-linkletter-recoit-le-prix-doug-connery-2017-pour-lexcellence-en-matiere-de-leadership\/","og_locale":"fr_CA","og_type":"article","og_title":"Gary Linkletter re\u00e7oit le prix Doug-Connery 2017 pour l\u2019excellence en mati\u00e8re de leadership - FVGC","og_description":"Keith Kuhl, pr\u00e9sident sortant du Conseil canadien de l\u2019horticulture (CCH), a remis le prix Doug-Connery\u00a02017 pour l\u2019excellence en mati\u00e8re de leadership \u00e0 Gary Linkletter lors de l\u2019assembl\u00e9e g\u00e9n\u00e9rale annuelle de CCH qui s\u2019est tenue \u00e0 Winnipeg, au Manitoba. Monsieur Linkletter est un producteur de pommes de terre de septi\u00e8me g\u00e9n\u00e9ration de l\u2019\u00cele-du-Prince-\u00c9douard et un ambassadeur [&hellip;]","og_url":"https:\/\/fvgc.ca\/fr\/2017\/03\/21\/gary-linkletter-recoit-le-prix-doug-connery-2017-pour-lexcellence-en-matiere-de-leadership\/","og_site_name":"FVGC","article_published_time":"2017-03-21T13:16:45+00:00","author":"Ashley Peyrard","twitter_card":"summary_large_image","twitter_misc":{"\u00c9crit par":"Ashley Peyrard","Estimation du temps de lecture":"2 minutes"},"schema":{"@context":"https:\/\/schema.org","@graph":[{"@type":"Article","@id":"https:\/\/fvgc.ca\/en\/2017\/03\/21\/gary-linkletter-recoit-le-prix-doug-connery-2017-pour-lexcellence-en-matiere-de-leadership\/#article","isPartOf":{"@id":"https:\/\/fvgc.ca\/en\/2017\/03\/21\/gary-linkletter-recoit-le-prix-doug-connery-2017-pour-lexcellence-en-matiere-de-leadership\/"},"author":{"name":"Ashley Peyrard","@id":"https:\/\/fvgc.ca\/#\/schema\/person\/5d5ec6451ef7dc9293fb481d46af0c11"},"headline":"Gary Linkletter re\u00e7oit le prix Doug-Connery 2017 pour l\u2019excellence en mati\u00e8re de leadership","datePublished":"2017-03-21T13:16:45+00:00","mainEntityOfPage":{"@id":"https:\/\/fvgc.ca\/en\/2017\/03\/21\/gary-linkletter-recoit-le-prix-doug-connery-2017-pour-lexcellence-en-matiere-de-leadership\/"},"wordCount":323,"image":{"@id":"https:\/\/fvgc.ca\/en\/2017\/03\/21\/gary-linkletter-recoit-le-prix-doug-connery-2017-pour-lexcellence-en-matiere-de-leadership\/#primaryimage"},"thumbnailUrl":"","articleSection":["Actualit\u00e9s"],"inLanguage":"fr-CA"},{"@type":"WebPage","@id":"https:\/\/fvgc.ca\/en\/2017\/03\/21\/gary-linkletter-recoit-le-prix-doug-connery-2017-pour-lexcellence-en-matiere-de-leadership\/","url":"https:\/\/fvgc.ca\/en\/2017\/03\/21\/gary-linkletter-recoit-le-prix-doug-connery-2017-pour-lexcellence-en-matiere-de-leadership\/","name":"Gary Linkletter re\u00e7oit le prix Doug-Connery 2017 pour l\u2019excellence en mati\u00e8re de leadership - FVGC","isPartOf":{"@id":"https:\/\/fvgc.ca\/#website"},"primaryImageOfPage":{"@id":"https:\/\/fvgc.ca\/en\/2017\/03\/21\/gary-linkletter-recoit-le-prix-doug-connery-2017-pour-lexcellence-en-matiere-de-leadership\/#primaryimage"},"image":{"@id":"https:\/\/fvgc.ca\/en\/2017\/03\/21\/gary-linkletter-recoit-le-prix-doug-connery-2017-pour-lexcellence-en-matiere-de-leadership\/#primaryimage"},"thumbnailUrl":"","datePublished":"2017-03-21T13:16:45+00:00","author":{"@id":"https:\/\/fvgc.ca\/#\/schema\/person\/5d5ec6451ef7dc9293fb481d46af0c11"},"breadcrumb":{"@id":"https:\/\/fvgc.ca\/en\/2017\/03\/21\/gary-linkletter-recoit-le-prix-doug-connery-2017-pour-lexcellence-en-matiere-de-leadership\/#breadcrumb"},"inLanguage":"fr-CA","potentialAction":[{"@type":"ReadAction","target":["https:\/\/fvgc.ca\/en\/2017\/03\/21\/gary-linkletter-recoit-le-prix-doug-connery-2017-pour-lexcellence-en-matiere-de-leadership\/"]}]},{"@type":"ImageObject","inLanguage":"fr-CA","@id":"https:\/\/fvgc.ca\/en\/2017\/03\/21\/gary-linkletter-recoit-le-prix-doug-connery-2017-pour-lexcellence-en-matiere-de-leadership\/#primaryimage","url":"","contentUrl":""},{"@type":"BreadcrumbList","@id":"https:\/\/fvgc.ca\/en\/2017\/03\/21\/gary-linkletter-recoit-le-prix-doug-connery-2017-pour-lexcellence-en-matiere-de-leadership\/#breadcrumb","itemListElement":[{"@type":"ListItem","position":1,"name":"Home","item":"https:\/\/fvgc.ca\/"},{"@type":"ListItem","position":2,"name":"Gary Linkletter re\u00e7oit le prix Doug-Connery 2017 pour l\u2019excellence en mati\u00e8re de leadership"}]},{"@type":"WebSite","@id":"https:\/\/fvgc.ca\/#website","url":"https:\/\/fvgc.ca\/","name":"FVGC","description":"Representing Growers Across the Country","potentialAction":[{"@type":"SearchAction","target":{"@type":"EntryPoint","urlTemplate":"https:\/\/fvgc.ca\/?s={search_term_string}"},"query-input":{"@type":"PropertyValueSpecification","valueRequired":true,"valueName":"search_term_string"}}],"inLanguage":"fr-CA"},{"@type":"Person","@id":"https:\/\/fvgc.ca\/#\/schema\/person\/5d5ec6451ef7dc9293fb481d46af0c11","name":"Ashley Peyrard","url":"https:\/\/fvgc.ca\/fr\/author\/fruit-and-vegetable-growers-of-canada\/"}]}},"jetpack_featured_media_url":"","_links":{"self":[{"href":"https:\/\/fvgc.ca\/fr\/wp-json\/wp\/v2\/posts\/34896","targetHints":{"allow":["GET"]}}],"collection":[{"href":"https:\/\/fvgc.ca\/fr\/wp-json\/wp\/v2\/posts"}],"about":[{"href":"https:\/\/fvgc.ca\/fr\/wp-json\/wp\/v2\/types\/post"}],"author":[{"embeddable":true,"href":"https:\/\/fvgc.ca\/fr\/wp-json\/wp\/v2\/users\/5"}],"replies":[{"embeddable":true,"href":"https:\/\/fvgc.ca\/fr\/wp-json\/wp\/v2\/comments?post=34896"}],"version-history":[{"count":0,"href":"https:\/\/fvgc.ca\/fr\/wp-json\/wp\/v2\/posts\/34896\/revisions"}],"wp:featuredmedia":[{"embeddable":true,"href":"https:\/\/fvgc.ca\/fr\/wp-json\/"}],"wp:attachment":[{"href":"https:\/\/fvgc.ca\/fr\/wp-json\/wp\/v2\/media?parent=34896"}],"wp:term":[{"taxonomy":"category","embeddable":true,"href":"https:\/\/fvgc.ca\/fr\/wp-json\/wp\/v2\/categories?post=34896"},{"taxonomy":"post_tag","embeddable":true,"href":"https:\/\/fvgc.ca\/fr\/wp-json\/wp\/v2\/tags?post=34896"}],"curies":[{"name":"wp","href":"https:\/\/api.w.org\/{rel}","templated":true}]}}