{"id":33716,"date":"2022-03-25T15:56:09","date_gmt":"2022-03-25T19:56:09","guid":{"rendered":"https:\/\/fvgc.ca\/?p=33716"},"modified":"2022-03-25T15:56:09","modified_gmt":"2022-03-25T19:56:09","slug":"reprise-des-importations-de-pommes-de-terre-de-table-de-lile-du-prince-edouard-aux-etats-unis","status":"publish","type":"post","link":"https:\/\/fvgc.ca\/fr\/2022\/03\/25\/reprise-des-importations-de-pommes-de-terre-de-table-de-lile-du-prince-edouard-aux-etats-unis\/","title":{"rendered":"Reprise des importations de pommes de terre de table de l&#8217;\u00cele-du-Prince-\u00c9douard aux \u00c9tats-Unis"},"content":{"rendered":"<p>Les Producteurs de fruits et l\u00e9gumes du Canada (PFLC) se r\u00e9jouissent de l&#8217;annonce faite le 24 mars par le service d&#8217;inspection de la sant\u00e9 animale et v\u00e9g\u00e9tale (APHIS) du d\u00e9partement de l&#8217;Agriculture des \u00c9tats-Unis (USDA) qui a d\u00e9termin\u00e9 que les importations de pommes de terre de consommation de l&#8217;\u00cele-du-Prince-\u00c9douard (\u00ce.-P.- \u00c9.) peuvent reprendre dans des conditions pr\u00e9cises qui pr\u00e9sentent peu de risques d&#8217;introduction de la galle verruqueuse de la pomme de terre aux \u00c9tats-Unis. APHIS pr\u00e9voit de publier un arr\u00eat\u00e9 f\u00e9d\u00e9ral d\u00e9crivant les mesures d&#8217;att\u00e9nuation suppl\u00e9mentaires requises pour les pommes de terre de consommation de l&#8217;\u00ce.-P.-\u00c9 import\u00e9es aux \u00c9tats-Unis. La galle verruqueuse de la pomme de terre est un parasite de quarantaine de la pomme de terre et ne pose aucun risque pour la sant\u00e9 humaine.<\/p>\n<p>L&#8217;Agence canadienne d&#8217;inspection des aliments (ACIA) a volontairement suspendu l&#8217;exportation de pommes de terre de consommation vers les \u00c9tats-Unis en novembre 2021 apr\u00e8s la d\u00e9tection de la galle verruqueuse dans deux champs d\u00e9j\u00e0 r\u00e9glement\u00e9s de l&#8217;\u00cele-du-Prince-\u00c9douard. Apr\u00e8s la publication de l&#8217;ordonnance f\u00e9d\u00e9rale am\u00e9ricaine, l&#8217;ACIA devrait reprendre imm\u00e9diatement l&#8217;autorisation des exportations de pommes de terre de table de l&#8217;\u00ce.-P.-\u00c9. vers les \u00c9tats-Unis.<\/p>\n<p>&#8220;Les exportations de pommes de terre de table vers les \u00c9tats-Unis repr\u00e9sentent un march\u00e9 important pour les pommes de terre de l&#8217;\u00ce.-P.-\u00c9. et la restauration de ce march\u00e9 est essentielle au bien-\u00eatre \u00e9conomique des producteurs de pommes de terre de l&#8217;\u00ce.-P.-\u00c9. et \u00e0 l&#8217;\u00e9conomie de l&#8217;\u00ce.-P.-\u00c9.&#8221;, a d\u00e9clar\u00e9 Jan VanderHout, pr\u00e9sident de la PFLC. &#8220;Les progr\u00e8s annonc\u00e9s aujourd&#8217;hui constituent un bon premier pas vers la reprise du commerce des pommes de terre de l&#8217;\u00ce.-P.-\u00c9.&#8221;<\/p>","protected":false},"excerpt":{"rendered":"","protected":false},"author":5,"featured_media":0,"comment_status":"closed","ping_status":"open","sticky":false,"template":"","format":"standard","meta":{"_et_pb_use_builder":"","_et_pb_old_content":"","_et_gb_content_width":"","footnotes":""},"categories":[23,89],"tags":[],"class_list":["post-33716","post","type-post","status-publish","format-standard","hentry","category-actualites","category-non-classifiee"],"yoast_head":"<!-- This site is optimized with the Yoast SEO plugin v27.4 - https:\/\/yoast.com\/product\/yoast-seo-wordpress\/ -->\n<title>Reprise des importations de pommes de terre de table de l&#039;\u00cele-du-Prince-\u00c9douard aux \u00c9tats-Unis - FVGC<\/title>\n<meta name=\"robots\" content=\"index, follow, max-snippet:-1, max-image-preview:large, max-video-preview:-1\" \/>\n<link rel=\"canonical\" href=\"https:\/\/fvgc.ca\/fr\/2022\/03\/25\/reprise-des-importations-de-pommes-de-terre-de-table-de-lile-du-prince-edouard-aux-etats-unis\/\" \/>\n<meta property=\"og:locale\" content=\"fr_CA\" \/>\n<meta property=\"og:type\" content=\"article\" \/>\n<meta property=\"og:title\" content=\"Reprise des importations de pommes de terre de table de l&#039;\u00cele-du-Prince-\u00c9douard aux \u00c9tats-Unis - FVGC\" \/>\n<meta property=\"og:url\" content=\"https:\/\/fvgc.ca\/fr\/2022\/03\/25\/reprise-des-importations-de-pommes-de-terre-de-table-de-lile-du-prince-edouard-aux-etats-unis\/\" \/>\n<meta property=\"og:site_name\" content=\"FVGC\" \/>\n<meta property=\"article:published_time\" content=\"2022-03-25T19:56:09+00:00\" \/>\n<meta name=\"author\" content=\"Ashley Peyrard\" \/>\n<meta name=\"twitter:card\" content=\"summary_large_image\" \/>\n<meta name=\"twitter:label1\" content=\"\u00c9crit par\" \/>\n\t<meta name=\"twitter:data1\" content=\"Ashley Peyrard\" \/>\n\t<meta name=\"twitter:label2\" content=\"Estimation du temps de lecture\" \/>\n\t<meta name=\"twitter:data2\" content=\"2 minutes\" \/>\n<script type=\"application\/ld+json\" class=\"yoast-schema-graph\">{\"@context\":\"https:\\\/\\\/schema.org\",\"@graph\":[{\"@type\":\"Article\",\"@id\":\"https:\\\/\\\/fvgc.ca\\\/en\\\/2022\\\/03\\\/25\\\/reprise-des-importations-de-pommes-de-terre-de-table-de-lile-du-prince-edouard-aux-etats-unis\\\/#article\",\"isPartOf\":{\"@id\":\"https:\\\/\\\/fvgc.ca\\\/en\\\/2022\\\/03\\\/25\\\/reprise-des-importations-de-pommes-de-terre-de-table-de-lile-du-prince-edouard-aux-etats-unis\\\/\"},\"author\":{\"name\":\"Ashley Peyrard\",\"@id\":\"https:\\\/\\\/fvgc.ca\\\/#\\\/schema\\\/person\\\/5d5ec6451ef7dc9293fb481d46af0c11\"},\"headline\":\"Reprise des importations de pommes de terre de table de l&#8217;\u00cele-du-Prince-\u00c9douard aux \u00c9tats-Unis\",\"datePublished\":\"2022-03-25T19:56:09+00:00\",\"mainEntityOfPage\":{\"@id\":\"https:\\\/\\\/fvgc.ca\\\/en\\\/2022\\\/03\\\/25\\\/reprise-des-importations-de-pommes-de-terre-de-table-de-lile-du-prince-edouard-aux-etats-unis\\\/\"},\"wordCount\":334,\"articleSection\":[\"Actualit\u00e9s\",\"Non classifi\u00e9(e)\"],\"inLanguage\":\"fr-CA\"},{\"@type\":\"WebPage\",\"@id\":\"https:\\\/\\\/fvgc.ca\\\/en\\\/2022\\\/03\\\/25\\\/reprise-des-importations-de-pommes-de-terre-de-table-de-lile-du-prince-edouard-aux-etats-unis\\\/\",\"url\":\"https:\\\/\\\/fvgc.ca\\\/en\\\/2022\\\/03\\\/25\\\/reprise-des-importations-de-pommes-de-terre-de-table-de-lile-du-prince-edouard-aux-etats-unis\\\/\",\"name\":\"Reprise des importations de pommes de terre de table de l'\u00cele-du-Prince-\u00c9douard aux \u00c9tats-Unis - FVGC\",\"isPartOf\":{\"@id\":\"https:\\\/\\\/fvgc.ca\\\/#website\"},\"datePublished\":\"2022-03-25T19:56:09+00:00\",\"author\":{\"@id\":\"https:\\\/\\\/fvgc.ca\\\/#\\\/schema\\\/person\\\/5d5ec6451ef7dc9293fb481d46af0c11\"},\"breadcrumb\":{\"@id\":\"https:\\\/\\\/fvgc.ca\\\/en\\\/2022\\\/03\\\/25\\\/reprise-des-importations-de-pommes-de-terre-de-table-de-lile-du-prince-edouard-aux-etats-unis\\\/#breadcrumb\"},\"inLanguage\":\"fr-CA\",\"potentialAction\":[{\"@type\":\"ReadAction\",\"target\":[\"https:\\\/\\\/fvgc.ca\\\/en\\\/2022\\\/03\\\/25\\\/reprise-des-importations-de-pommes-de-terre-de-table-de-lile-du-prince-edouard-aux-etats-unis\\\/\"]}]},{\"@type\":\"BreadcrumbList\",\"@id\":\"https:\\\/\\\/fvgc.ca\\\/en\\\/2022\\\/03\\\/25\\\/reprise-des-importations-de-pommes-de-terre-de-table-de-lile-du-prince-edouard-aux-etats-unis\\\/#breadcrumb\",\"itemListElement\":[{\"@type\":\"ListItem\",\"position\":1,\"name\":\"Home\",\"item\":\"https:\\\/\\\/fvgc.ca\\\/\"},{\"@type\":\"ListItem\",\"position\":2,\"name\":\"Reprise des importations de pommes de terre de table de l&#8217;\u00cele-du-Prince-\u00c9douard aux \u00c9tats-Unis\"}]},{\"@type\":\"WebSite\",\"@id\":\"https:\\\/\\\/fvgc.ca\\\/#website\",\"url\":\"https:\\\/\\\/fvgc.ca\\\/\",\"name\":\"FVGC\",\"description\":\"Representing Growers Across the Country\",\"potentialAction\":[{\"@type\":\"SearchAction\",\"target\":{\"@type\":\"EntryPoint\",\"urlTemplate\":\"https:\\\/\\\/fvgc.ca\\\/?s={search_term_string}\"},\"query-input\":{\"@type\":\"PropertyValueSpecification\",\"valueRequired\":true,\"valueName\":\"search_term_string\"}}],\"inLanguage\":\"fr-CA\"},{\"@type\":\"Person\",\"@id\":\"https:\\\/\\\/fvgc.ca\\\/#\\\/schema\\\/person\\\/5d5ec6451ef7dc9293fb481d46af0c11\",\"name\":\"Ashley Peyrard\",\"url\":\"https:\\\/\\\/fvgc.ca\\\/fr\\\/author\\\/fruit-and-vegetable-growers-of-canada\\\/\"}]}<\/script>\n<!-- \/ Yoast SEO plugin. -->","yoast_head_json":{"title":"Reprise des importations de pommes de terre de table de l'\u00cele-du-Prince-\u00c9douard aux \u00c9tats-Unis - FVGC","robots":{"index":"index","follow":"follow","max-snippet":"max-snippet:-1","max-image-preview":"max-image-preview:large","max-video-preview":"max-video-preview:-1"},"canonical":"https:\/\/fvgc.ca\/fr\/2022\/03\/25\/reprise-des-importations-de-pommes-de-terre-de-table-de-lile-du-prince-edouard-aux-etats-unis\/","og_locale":"fr_CA","og_type":"article","og_title":"Reprise des importations de pommes de terre de table de l'\u00cele-du-Prince-\u00c9douard aux \u00c9tats-Unis - FVGC","og_url":"https:\/\/fvgc.ca\/fr\/2022\/03\/25\/reprise-des-importations-de-pommes-de-terre-de-table-de-lile-du-prince-edouard-aux-etats-unis\/","og_site_name":"FVGC","article_published_time":"2022-03-25T19:56:09+00:00","author":"Ashley Peyrard","twitter_card":"summary_large_image","twitter_misc":{"\u00c9crit par":"Ashley Peyrard","Estimation du temps de lecture":"2 minutes"},"schema":{"@context":"https:\/\/schema.org","@graph":[{"@type":"Article","@id":"https:\/\/fvgc.ca\/en\/2022\/03\/25\/reprise-des-importations-de-pommes-de-terre-de-table-de-lile-du-prince-edouard-aux-etats-unis\/#article","isPartOf":{"@id":"https:\/\/fvgc.ca\/en\/2022\/03\/25\/reprise-des-importations-de-pommes-de-terre-de-table-de-lile-du-prince-edouard-aux-etats-unis\/"},"author":{"name":"Ashley Peyrard","@id":"https:\/\/fvgc.ca\/#\/schema\/person\/5d5ec6451ef7dc9293fb481d46af0c11"},"headline":"Reprise des importations de pommes de terre de table de l&#8217;\u00cele-du-Prince-\u00c9douard aux \u00c9tats-Unis","datePublished":"2022-03-25T19:56:09+00:00","mainEntityOfPage":{"@id":"https:\/\/fvgc.ca\/en\/2022\/03\/25\/reprise-des-importations-de-pommes-de-terre-de-table-de-lile-du-prince-edouard-aux-etats-unis\/"},"wordCount":334,"articleSection":["Actualit\u00e9s","Non classifi\u00e9(e)"],"inLanguage":"fr-CA"},{"@type":"WebPage","@id":"https:\/\/fvgc.ca\/en\/2022\/03\/25\/reprise-des-importations-de-pommes-de-terre-de-table-de-lile-du-prince-edouard-aux-etats-unis\/","url":"https:\/\/fvgc.ca\/en\/2022\/03\/25\/reprise-des-importations-de-pommes-de-terre-de-table-de-lile-du-prince-edouard-aux-etats-unis\/","name":"Reprise des importations de pommes de terre de table de l'\u00cele-du-Prince-\u00c9douard aux \u00c9tats-Unis - FVGC","isPartOf":{"@id":"https:\/\/fvgc.ca\/#website"},"datePublished":"2022-03-25T19:56:09+00:00","author":{"@id":"https:\/\/fvgc.ca\/#\/schema\/person\/5d5ec6451ef7dc9293fb481d46af0c11"},"breadcrumb":{"@id":"https:\/\/fvgc.ca\/en\/2022\/03\/25\/reprise-des-importations-de-pommes-de-terre-de-table-de-lile-du-prince-edouard-aux-etats-unis\/#breadcrumb"},"inLanguage":"fr-CA","potentialAction":[{"@type":"ReadAction","target":["https:\/\/fvgc.ca\/en\/2022\/03\/25\/reprise-des-importations-de-pommes-de-terre-de-table-de-lile-du-prince-edouard-aux-etats-unis\/"]}]},{"@type":"BreadcrumbList","@id":"https:\/\/fvgc.ca\/en\/2022\/03\/25\/reprise-des-importations-de-pommes-de-terre-de-table-de-lile-du-prince-edouard-aux-etats-unis\/#breadcrumb","itemListElement":[{"@type":"ListItem","position":1,"name":"Home","item":"https:\/\/fvgc.ca\/"},{"@type":"ListItem","position":2,"name":"Reprise des importations de pommes de terre de table de l&#8217;\u00cele-du-Prince-\u00c9douard aux \u00c9tats-Unis"}]},{"@type":"WebSite","@id":"https:\/\/fvgc.ca\/#website","url":"https:\/\/fvgc.ca\/","name":"FVGC","description":"Representing Growers Across the Country","potentialAction":[{"@type":"SearchAction","target":{"@type":"EntryPoint","urlTemplate":"https:\/\/fvgc.ca\/?s={search_term_string}"},"query-input":{"@type":"PropertyValueSpecification","valueRequired":true,"valueName":"search_term_string"}}],"inLanguage":"fr-CA"},{"@type":"Person","@id":"https:\/\/fvgc.ca\/#\/schema\/person\/5d5ec6451ef7dc9293fb481d46af0c11","name":"Ashley Peyrard","url":"https:\/\/fvgc.ca\/fr\/author\/fruit-and-vegetable-growers-of-canada\/"}]}},"jetpack_featured_media_url":"","_links":{"self":[{"href":"https:\/\/fvgc.ca\/fr\/wp-json\/wp\/v2\/posts\/33716","targetHints":{"allow":["GET"]}}],"collection":[{"href":"https:\/\/fvgc.ca\/fr\/wp-json\/wp\/v2\/posts"}],"about":[{"href":"https:\/\/fvgc.ca\/fr\/wp-json\/wp\/v2\/types\/post"}],"author":[{"embeddable":true,"href":"https:\/\/fvgc.ca\/fr\/wp-json\/wp\/v2\/users\/5"}],"replies":[{"embeddable":true,"href":"https:\/\/fvgc.ca\/fr\/wp-json\/wp\/v2\/comments?post=33716"}],"version-history":[{"count":0,"href":"https:\/\/fvgc.ca\/fr\/wp-json\/wp\/v2\/posts\/33716\/revisions"}],"wp:attachment":[{"href":"https:\/\/fvgc.ca\/fr\/wp-json\/wp\/v2\/media?parent=33716"}],"wp:term":[{"taxonomy":"category","embeddable":true,"href":"https:\/\/fvgc.ca\/fr\/wp-json\/wp\/v2\/categories?post=33716"},{"taxonomy":"post_tag","embeddable":true,"href":"https:\/\/fvgc.ca\/fr\/wp-json\/wp\/v2\/tags?post=33716"}],"curies":[{"name":"wp","href":"https:\/\/api.w.org\/{rel}","templated":true}]}}