{"id":33286,"date":"2022-03-10T12:00:59","date_gmt":"2022-03-10T17:00:59","guid":{"rendered":"https:\/\/hortcouncil.ca\/?p=33286"},"modified":"2022-03-10T12:00:59","modified_gmt":"2022-03-10T17:00:59","slug":"le-conseil-canadien-de-lhorticulture-celebre-ses-100-ans-et-change-de-nom-pour-devenir-les-producteurs-de-fruits-et-legumes-du-canada","status":"publish","type":"post","link":"https:\/\/fvgc.ca\/fr\/2022\/03\/10\/le-conseil-canadien-de-lhorticulture-celebre-ses-100-ans-et-change-de-nom-pour-devenir-les-producteurs-de-fruits-et-legumes-du-canada\/","title":{"rendered":"Le Conseil canadien de l&#8217;horticulture c\u00e9l\u00e8bre ses 100 ans et change de nom pour devenir les Producteurs de fruits et l\u00e9gumes du Canada"},"content":{"rendered":"\n\n\t<p>Le 10 mars 2022 (Ottawa, Ontario) -Le jour de la 100e Assembl\u00e9e g\u00e9n\u00e9rale annuelle du Conseil canadien de l&#8217;horticulture, l&#8217;organisation est heureuse d&#8217;annoncer qu&#8217;elle a chang\u00e9 de nom pour devenir les Producteurs de fruits et l\u00e9gumes du Canada (PFLC).<\/p>\n<p>Le nouveau nom et le nouveau logo ont \u00e9t\u00e9 d\u00e9voil\u00e9s lors de l&#8217;AGA \u00e0 l&#8217;aide d&#8217;une pr\u00e9sentation vid\u00e9o qui peut \u00eatre visionn\u00e9e ici:<\/p>\n<p>&nbsp;<\/p>\n[video_popup url=&#8221;https:\/\/www.youtube.com\/watch?v=mXL1bW3X-5U&#8221; text=&#8221;&#8221; title=&#8221;&#8221; auto=&#8221;&#8221; n=&#8221;1&#8243; p=&#8221;1&#8243; wrap=&#8221;1&#8243; img=&#8221;\/wp-content\/uploads\/2022\/03\/fvgc-video-screencap.jpg&#8221; ]\n<p>&nbsp;<\/p>\n<p>\u00ab Alors que nous c\u00e9l\u00e9brons notre centenaire et que nous nous tournons vers les 100 prochaines ann\u00e9es, nous avons pens\u00e9 que c&#8217;\u00e9tait l&#8217;occasion id\u00e9ale de mettre \u00e0 jour notre nom et notre logo afin de mieux identifier ce que nous repr\u00e9sentons et ce dont nous parlons, \u00bb, a d\u00e9clar\u00e9 Jan VanderHout, pr\u00e9sident de PFLC et producteur de concombres de troisi\u00e8me g\u00e9n\u00e9ration pr\u00e8s de Hamilton, en Ontario.<\/p>\n<p>PFLC est une association nationale b\u00e9n\u00e9vole, sans but lucratif, bas\u00e9e \u00e0 Ottawa, qui repr\u00e9sente les producteurs de fruits et de l\u00e9gumes de partout au Canada qui produisent plus de 120 types de cultures diff\u00e9rentes dans plus de 14 237 exploitations agricoles et avec des recettes mon\u00e9taires agricoles de plus de 5 milliards de dollars par an.<\/p>\n<p>Depuis 1922, l&#8217;organisation d\u00e9fend les int\u00e9r\u00eats des producteurs de fruits et l\u00e9gumes du Canada sur des questions importantes qui les touchent, tout en faisant la promotion d&#8217;aliments sains, s\u00fbrs et durables, et en assurant le succ\u00e8s et la croissance continus de notre industrie.<\/p>\n<p>\u00ab Selon nous, il s&#8217;agit de l&#8217;occasion parfaite pour nous pr\u00e9senter \u00e0 nouveau \u00e0 nos membres, ainsi qu&#8217;aux principaux intervenants et d\u00e9cideurs \u00e0 Ottawa, \u00bb a ajout\u00e9 la directrice g\u00e9n\u00e9rale de PFLC, Rebecca Lee.<\/p>\n<p>\u00ab Bien que nous ayons proc\u00e9d\u00e9 \u00e0 des changements passionnants, la chose qui ne changera pas, c&#8217;est notre engagement inlassable \u00e0 favoriser la croissance et l&#8217;innovation dans le secteur des fruits et l\u00e9gumes. \u00bb<\/p>\n<p>Le changement de l&#8217;image de marque fait partie de l&#8217;ann\u00e9e qui soulignera le centenaire desPFLCet l&#8217;ann\u00e9e se terminera par une c\u00e9l\u00e9bration majeure lors de l&#8217;AGA de 2023 \u00e0 Vancouver, en Colombie-Britannique.<\/p>\n<p><strong>Pour de plus amples renseignements, veuillez communiquer avec :<\/strong><\/p>\nCole Christensen<br \/>\nConseiller en communications<br \/>\nCourriel : communications@fvgc.ca<br \/>\nT\u00e9l\u00e9phone : (403) 589-3529\n\n","protected":false},"excerpt":{"rendered":"","protected":false},"author":5,"featured_media":0,"comment_status":"closed","ping_status":"open","sticky":false,"template":"","format":"standard","meta":{"_et_pb_use_builder":"","_et_pb_old_content":"","_et_gb_content_width":"","footnotes":""},"categories":[23],"tags":[],"class_list":["post-33286","post","type-post","status-publish","format-standard","hentry","category-actualites"],"yoast_head":"<!-- This site is optimized with the Yoast SEO plugin v27.4 - https:\/\/yoast.com\/product\/yoast-seo-wordpress\/ -->\n<title>Le Conseil canadien de l&#039;horticulture c\u00e9l\u00e8bre ses 100 ans et change de nom pour devenir les Producteurs de fruits et l\u00e9gumes du Canada - FVGC<\/title>\n<meta name=\"robots\" content=\"index, follow, max-snippet:-1, max-image-preview:large, max-video-preview:-1\" \/>\n<link rel=\"canonical\" href=\"https:\/\/fvgc.ca\/fr\/2022\/03\/10\/le-conseil-canadien-de-lhorticulture-celebre-ses-100-ans-et-change-de-nom-pour-devenir-les-producteurs-de-fruits-et-legumes-du-canada\/\" \/>\n<meta property=\"og:locale\" content=\"fr_CA\" \/>\n<meta property=\"og:type\" content=\"article\" \/>\n<meta property=\"og:title\" content=\"Le Conseil canadien de l&#039;horticulture c\u00e9l\u00e8bre ses 100 ans et change de nom pour devenir les Producteurs de fruits et l\u00e9gumes du Canada - FVGC\" \/>\n<meta property=\"og:url\" content=\"https:\/\/fvgc.ca\/fr\/2022\/03\/10\/le-conseil-canadien-de-lhorticulture-celebre-ses-100-ans-et-change-de-nom-pour-devenir-les-producteurs-de-fruits-et-legumes-du-canada\/\" \/>\n<meta property=\"og:site_name\" content=\"FVGC\" \/>\n<meta property=\"article:published_time\" content=\"2022-03-10T17:00:59+00:00\" \/>\n<meta name=\"author\" content=\"Ashley Peyrard\" \/>\n<meta name=\"twitter:card\" content=\"summary_large_image\" \/>\n<meta name=\"twitter:label1\" content=\"\u00c9crit par\" \/>\n\t<meta name=\"twitter:data1\" content=\"Ashley Peyrard\" \/>\n\t<meta name=\"twitter:label2\" content=\"Estimation du temps de lecture\" \/>\n\t<meta name=\"twitter:data2\" content=\"2 minutes\" \/>\n<script type=\"application\/ld+json\" class=\"yoast-schema-graph\">{\"@context\":\"https:\\\/\\\/schema.org\",\"@graph\":[{\"@type\":\"Article\",\"@id\":\"https:\\\/\\\/fvgc.ca\\\/en\\\/2022\\\/03\\\/10\\\/le-conseil-canadien-de-lhorticulture-celebre-ses-100-ans-et-change-de-nom-pour-devenir-les-producteurs-de-fruits-et-legumes-du-canada\\\/#article\",\"isPartOf\":{\"@id\":\"https:\\\/\\\/fvgc.ca\\\/en\\\/2022\\\/03\\\/10\\\/le-conseil-canadien-de-lhorticulture-celebre-ses-100-ans-et-change-de-nom-pour-devenir-les-producteurs-de-fruits-et-legumes-du-canada\\\/\"},\"author\":{\"name\":\"Ashley Peyrard\",\"@id\":\"https:\\\/\\\/fvgc.ca\\\/#\\\/schema\\\/person\\\/5d5ec6451ef7dc9293fb481d46af0c11\"},\"headline\":\"Le Conseil canadien de l&#8217;horticulture c\u00e9l\u00e8bre ses 100 ans et change de nom pour devenir les Producteurs de fruits et l\u00e9gumes du Canada\",\"datePublished\":\"2022-03-10T17:00:59+00:00\",\"mainEntityOfPage\":{\"@id\":\"https:\\\/\\\/fvgc.ca\\\/en\\\/2022\\\/03\\\/10\\\/le-conseil-canadien-de-lhorticulture-celebre-ses-100-ans-et-change-de-nom-pour-devenir-les-producteurs-de-fruits-et-legumes-du-canada\\\/\"},\"wordCount\":438,\"articleSection\":[\"Actualit\u00e9s\"],\"inLanguage\":\"fr-CA\"},{\"@type\":\"WebPage\",\"@id\":\"https:\\\/\\\/fvgc.ca\\\/en\\\/2022\\\/03\\\/10\\\/le-conseil-canadien-de-lhorticulture-celebre-ses-100-ans-et-change-de-nom-pour-devenir-les-producteurs-de-fruits-et-legumes-du-canada\\\/\",\"url\":\"https:\\\/\\\/fvgc.ca\\\/en\\\/2022\\\/03\\\/10\\\/le-conseil-canadien-de-lhorticulture-celebre-ses-100-ans-et-change-de-nom-pour-devenir-les-producteurs-de-fruits-et-legumes-du-canada\\\/\",\"name\":\"Le Conseil canadien de l'horticulture c\u00e9l\u00e8bre ses 100 ans et change de nom pour devenir les Producteurs de fruits et l\u00e9gumes du Canada - FVGC\",\"isPartOf\":{\"@id\":\"https:\\\/\\\/fvgc.ca\\\/#website\"},\"datePublished\":\"2022-03-10T17:00:59+00:00\",\"author\":{\"@id\":\"https:\\\/\\\/fvgc.ca\\\/#\\\/schema\\\/person\\\/5d5ec6451ef7dc9293fb481d46af0c11\"},\"breadcrumb\":{\"@id\":\"https:\\\/\\\/fvgc.ca\\\/en\\\/2022\\\/03\\\/10\\\/le-conseil-canadien-de-lhorticulture-celebre-ses-100-ans-et-change-de-nom-pour-devenir-les-producteurs-de-fruits-et-legumes-du-canada\\\/#breadcrumb\"},\"inLanguage\":\"fr-CA\",\"potentialAction\":[{\"@type\":\"ReadAction\",\"target\":[\"https:\\\/\\\/fvgc.ca\\\/en\\\/2022\\\/03\\\/10\\\/le-conseil-canadien-de-lhorticulture-celebre-ses-100-ans-et-change-de-nom-pour-devenir-les-producteurs-de-fruits-et-legumes-du-canada\\\/\"]}]},{\"@type\":\"BreadcrumbList\",\"@id\":\"https:\\\/\\\/fvgc.ca\\\/en\\\/2022\\\/03\\\/10\\\/le-conseil-canadien-de-lhorticulture-celebre-ses-100-ans-et-change-de-nom-pour-devenir-les-producteurs-de-fruits-et-legumes-du-canada\\\/#breadcrumb\",\"itemListElement\":[{\"@type\":\"ListItem\",\"position\":1,\"name\":\"Home\",\"item\":\"https:\\\/\\\/fvgc.ca\\\/\"},{\"@type\":\"ListItem\",\"position\":2,\"name\":\"Le Conseil canadien de l&#8217;horticulture c\u00e9l\u00e8bre ses 100 ans et change de nom pour devenir les Producteurs de fruits et l\u00e9gumes du Canada\"}]},{\"@type\":\"WebSite\",\"@id\":\"https:\\\/\\\/fvgc.ca\\\/#website\",\"url\":\"https:\\\/\\\/fvgc.ca\\\/\",\"name\":\"FVGC\",\"description\":\"Representing Growers Across the Country\",\"potentialAction\":[{\"@type\":\"SearchAction\",\"target\":{\"@type\":\"EntryPoint\",\"urlTemplate\":\"https:\\\/\\\/fvgc.ca\\\/?s={search_term_string}\"},\"query-input\":{\"@type\":\"PropertyValueSpecification\",\"valueRequired\":true,\"valueName\":\"search_term_string\"}}],\"inLanguage\":\"fr-CA\"},{\"@type\":\"Person\",\"@id\":\"https:\\\/\\\/fvgc.ca\\\/#\\\/schema\\\/person\\\/5d5ec6451ef7dc9293fb481d46af0c11\",\"name\":\"Ashley Peyrard\",\"url\":\"https:\\\/\\\/fvgc.ca\\\/fr\\\/author\\\/fruit-and-vegetable-growers-of-canada\\\/\"}]}<\/script>\n<!-- \/ Yoast SEO plugin. -->","yoast_head_json":{"title":"Le Conseil canadien de l'horticulture c\u00e9l\u00e8bre ses 100 ans et change de nom pour devenir les Producteurs de fruits et l\u00e9gumes du Canada - FVGC","robots":{"index":"index","follow":"follow","max-snippet":"max-snippet:-1","max-image-preview":"max-image-preview:large","max-video-preview":"max-video-preview:-1"},"canonical":"https:\/\/fvgc.ca\/fr\/2022\/03\/10\/le-conseil-canadien-de-lhorticulture-celebre-ses-100-ans-et-change-de-nom-pour-devenir-les-producteurs-de-fruits-et-legumes-du-canada\/","og_locale":"fr_CA","og_type":"article","og_title":"Le Conseil canadien de l'horticulture c\u00e9l\u00e8bre ses 100 ans et change de nom pour devenir les Producteurs de fruits et l\u00e9gumes du Canada - FVGC","og_url":"https:\/\/fvgc.ca\/fr\/2022\/03\/10\/le-conseil-canadien-de-lhorticulture-celebre-ses-100-ans-et-change-de-nom-pour-devenir-les-producteurs-de-fruits-et-legumes-du-canada\/","og_site_name":"FVGC","article_published_time":"2022-03-10T17:00:59+00:00","author":"Ashley Peyrard","twitter_card":"summary_large_image","twitter_misc":{"\u00c9crit par":"Ashley Peyrard","Estimation du temps de lecture":"2 minutes"},"schema":{"@context":"https:\/\/schema.org","@graph":[{"@type":"Article","@id":"https:\/\/fvgc.ca\/en\/2022\/03\/10\/le-conseil-canadien-de-lhorticulture-celebre-ses-100-ans-et-change-de-nom-pour-devenir-les-producteurs-de-fruits-et-legumes-du-canada\/#article","isPartOf":{"@id":"https:\/\/fvgc.ca\/en\/2022\/03\/10\/le-conseil-canadien-de-lhorticulture-celebre-ses-100-ans-et-change-de-nom-pour-devenir-les-producteurs-de-fruits-et-legumes-du-canada\/"},"author":{"name":"Ashley Peyrard","@id":"https:\/\/fvgc.ca\/#\/schema\/person\/5d5ec6451ef7dc9293fb481d46af0c11"},"headline":"Le Conseil canadien de l&#8217;horticulture c\u00e9l\u00e8bre ses 100 ans et change de nom pour devenir les Producteurs de fruits et l\u00e9gumes du Canada","datePublished":"2022-03-10T17:00:59+00:00","mainEntityOfPage":{"@id":"https:\/\/fvgc.ca\/en\/2022\/03\/10\/le-conseil-canadien-de-lhorticulture-celebre-ses-100-ans-et-change-de-nom-pour-devenir-les-producteurs-de-fruits-et-legumes-du-canada\/"},"wordCount":438,"articleSection":["Actualit\u00e9s"],"inLanguage":"fr-CA"},{"@type":"WebPage","@id":"https:\/\/fvgc.ca\/en\/2022\/03\/10\/le-conseil-canadien-de-lhorticulture-celebre-ses-100-ans-et-change-de-nom-pour-devenir-les-producteurs-de-fruits-et-legumes-du-canada\/","url":"https:\/\/fvgc.ca\/en\/2022\/03\/10\/le-conseil-canadien-de-lhorticulture-celebre-ses-100-ans-et-change-de-nom-pour-devenir-les-producteurs-de-fruits-et-legumes-du-canada\/","name":"Le Conseil canadien de l'horticulture c\u00e9l\u00e8bre ses 100 ans et change de nom pour devenir les Producteurs de fruits et l\u00e9gumes du Canada - FVGC","isPartOf":{"@id":"https:\/\/fvgc.ca\/#website"},"datePublished":"2022-03-10T17:00:59+00:00","author":{"@id":"https:\/\/fvgc.ca\/#\/schema\/person\/5d5ec6451ef7dc9293fb481d46af0c11"},"breadcrumb":{"@id":"https:\/\/fvgc.ca\/en\/2022\/03\/10\/le-conseil-canadien-de-lhorticulture-celebre-ses-100-ans-et-change-de-nom-pour-devenir-les-producteurs-de-fruits-et-legumes-du-canada\/#breadcrumb"},"inLanguage":"fr-CA","potentialAction":[{"@type":"ReadAction","target":["https:\/\/fvgc.ca\/en\/2022\/03\/10\/le-conseil-canadien-de-lhorticulture-celebre-ses-100-ans-et-change-de-nom-pour-devenir-les-producteurs-de-fruits-et-legumes-du-canada\/"]}]},{"@type":"BreadcrumbList","@id":"https:\/\/fvgc.ca\/en\/2022\/03\/10\/le-conseil-canadien-de-lhorticulture-celebre-ses-100-ans-et-change-de-nom-pour-devenir-les-producteurs-de-fruits-et-legumes-du-canada\/#breadcrumb","itemListElement":[{"@type":"ListItem","position":1,"name":"Home","item":"https:\/\/fvgc.ca\/"},{"@type":"ListItem","position":2,"name":"Le Conseil canadien de l&#8217;horticulture c\u00e9l\u00e8bre ses 100 ans et change de nom pour devenir les Producteurs de fruits et l\u00e9gumes du Canada"}]},{"@type":"WebSite","@id":"https:\/\/fvgc.ca\/#website","url":"https:\/\/fvgc.ca\/","name":"FVGC","description":"Representing Growers Across the Country","potentialAction":[{"@type":"SearchAction","target":{"@type":"EntryPoint","urlTemplate":"https:\/\/fvgc.ca\/?s={search_term_string}"},"query-input":{"@type":"PropertyValueSpecification","valueRequired":true,"valueName":"search_term_string"}}],"inLanguage":"fr-CA"},{"@type":"Person","@id":"https:\/\/fvgc.ca\/#\/schema\/person\/5d5ec6451ef7dc9293fb481d46af0c11","name":"Ashley Peyrard","url":"https:\/\/fvgc.ca\/fr\/author\/fruit-and-vegetable-growers-of-canada\/"}]}},"jetpack_featured_media_url":"","_links":{"self":[{"href":"https:\/\/fvgc.ca\/fr\/wp-json\/wp\/v2\/posts\/33286","targetHints":{"allow":["GET"]}}],"collection":[{"href":"https:\/\/fvgc.ca\/fr\/wp-json\/wp\/v2\/posts"}],"about":[{"href":"https:\/\/fvgc.ca\/fr\/wp-json\/wp\/v2\/types\/post"}],"author":[{"embeddable":true,"href":"https:\/\/fvgc.ca\/fr\/wp-json\/wp\/v2\/users\/5"}],"replies":[{"embeddable":true,"href":"https:\/\/fvgc.ca\/fr\/wp-json\/wp\/v2\/comments?post=33286"}],"version-history":[{"count":0,"href":"https:\/\/fvgc.ca\/fr\/wp-json\/wp\/v2\/posts\/33286\/revisions"}],"wp:attachment":[{"href":"https:\/\/fvgc.ca\/fr\/wp-json\/wp\/v2\/media?parent=33286"}],"wp:term":[{"taxonomy":"category","embeddable":true,"href":"https:\/\/fvgc.ca\/fr\/wp-json\/wp\/v2\/categories?post=33286"},{"taxonomy":"post_tag","embeddable":true,"href":"https:\/\/fvgc.ca\/fr\/wp-json\/wp\/v2\/tags?post=33286"}],"curies":[{"name":"wp","href":"https:\/\/api.w.org\/{rel}","templated":true}]}}