{"id":31844,"date":"2021-06-10T14:06:47","date_gmt":"2021-06-10T18:06:47","guid":{"rendered":"https:\/\/hortcouncil.ca\/?p=31844"},"modified":"2024-02-21T10:15:29","modified_gmt":"2024-02-21T15:15:29","slug":"appel-a-laction-en-vue-de-la-creation-dun-nouvel-indice-de-durabilite-pour-le-secteur-agroalimentaire-canadien","status":"publish","type":"post","link":"https:\/\/fvgc.ca\/fr\/2021\/06\/10\/appel-a-laction-en-vue-de-la-creation-dun-nouvel-indice-de-durabilite-pour-le-secteur-agroalimentaire-canadien\/","title":{"rendered":"Appel \u00e0 l\u2019action en vue de la cr\u00e9ation d\u2019un nouvel indice de durabilit\u00e9 pour le secteur agroalimentaire canadien"},"content":{"rendered":"<p><strong>Ottawa, le 9 juin 2021. <\/strong>L&#8217;impulsion a \u00e9t\u00e9 donn\u00e9e pour cr\u00e9er le premier indice de durabilit\u00e9 du secteur agroalimentaire canadien. Une coalition diversifi\u00e9e compos\u00e9e de 34 partenaires des secteurs priv\u00e9 et public a publi\u00e9 l&#8217;<em>Analyse de rentabilisation pour l&#8217;\u00e9tablissement de l&#8217;Indice national sur le rendement agroalimentaire<\/em>, dans le but de confirmer le leadership du Canada dans le secteur agroalimentaire, un domaine de plus en plus exigeant.<\/p>\n<p>Une course mondiale est engag\u00e9e pour r\u00e9duire notre empreinte environnementale, atteindre les objectifs de z\u00e9ro \u00e9mission nette, et am\u00e9liorer les r\u00e9sultats en mati\u00e8re de sant\u00e9 et soci\u00e9taux. Dans un secteur qui se doit d&#8217;accomplir des progr\u00e8s tangibles \u00e0 l&#8217;\u00e9gard de ces enjeux pressants, des preuves de durabilit\u00e9 sont de plus en plus exig\u00e9es pour soutenir la concurrence \u00e0 l&#8217;\u00e9chelle nationale et internationale.<\/p>\n<p>Alors que d&#8217;autres pays se pr\u00e9parent \u00e0 r\u00e9pondre \u00e0 ces m\u00eames priorit\u00e9s mondiales, le Canada peut saisir cette occasion pour tenir la place qui lui revient, positionnant son syst\u00e8me alimentaire comme l&#8217;un des plus durables et responsables au monde. L&#8217;indice national propos\u00e9 apportera la rigueur n\u00e9cessaire pour d\u00e9montrer que le secteur agroalimentaire canadien contribue \u00e0 la lutte aux changements climatiques, au renforcement de la s\u00e9curit\u00e9 alimentaire, et \u00e0 l&#8217;assurance d&#8217;am\u00e9liorations environnementales et socio\u00e9conomiques significatives dans l&#8217;ensemble du syst\u00e8me alimentaire canadien. <\/p>\n<p>Le maintien d&#8217;une r\u00e9putation reconnue \u00e0 l&#8217;\u00e9chelle internationale est essentiel \u00e0 l&#8217;augmentation et \u00e0 la protection de la part du march\u00e9, ainsi qu&#8217;\u00e0 l&#8217;\u00e9tablissement d&#8217;une pr\u00e9sence plus forte sur la sc\u00e8ne internationale. Afin d&#8217;\u00e9tablir un v\u00e9ritable climat de confiance sur le march\u00e9 national et international, il est \u00e9galement primordial de d\u00e9montrer que les ingr\u00e9dients et les aliments\u00e0 valeur ajout\u00e9esont produits de mani\u00e8re durable. De plus, les analyses comparatives robustes jouent un r\u00f4le cl\u00e9dans l&#8217;\u00e9laboration et l&#8217;harmonisation de politiques et de strat\u00e9gies \u00e9clair\u00e9es.<\/p>\n<p>L&#8217;indice serait h\u00e9berg\u00e9 par un nouveau centre dont la cr\u00e9ation est propos\u00e9e, le Centre de l&#8217;analyse comparative du secteur agroalimentaire, qui serait un organisme neutre et faisant autorit\u00e9, et dont la direction et la gouvernance seraient partag\u00e9es entre les secteurs priv\u00e9 et public.<\/p>\n<p>Le centre permettraitaux partenaires de travailler conjointement \u00e0 dresser un portrait int\u00e9gr\u00e9 de la r\u00e9putation du Canada en mati\u00e8re de durabilit\u00e9 de la ferme \u00e0 la vente au d\u00e9tail. Ses travaux tiendraient compte d&#8217;indicateurs v\u00e9rifi\u00e9s et fond\u00e9s sur des donn\u00e9es scientifiques, et s&#8217;appuieraient sur des analyses comparatives sectorielles et des statistiques nationales.<\/p>\n<p>\u00ab Cet indice de durabilit\u00e9 devrait devenir la r\u00e9ponse officielle du Canada \u00e0 une soci\u00e9t\u00e9 et \u00e0 un march\u00e9 qui accordent de plus en plus d&#8217;importance \u00e0 la transparence et \u00e0 la reddition de compte quant \u00e0 la fa\u00e7on dont les aliments sont produits \u00bb, affirme David McInnes, coordonnateur du projet. \u00ab Nous voulons que le Canada soit consid\u00e9r\u00e9 ici et \u00e0 l&#8217;\u00e9tranger comme la source digne de confiance en mati\u00e8re d&#8217;aliments. \u00bb<\/p>\n<p>La coalition souhaite maintenant obtenir d&#8217;autres commentaires de la part des intervenants, \u00e9largir sa repr\u00e9sentation et d\u00e9terminer la voie optimale \u00e0 suivre pour soutenir financi\u00e8rement le projet d&#8217;ici l&#8217;automne. L&#8217;objectif est de publier l&#8217;indice d&#8217;ici la fin de l&#8217;ann\u00e9e 2022.<\/p>\n<p><strong>Partenaires: <\/strong>Agriculture et Agroalimentaire Canada, Alltech, Arrell Food Institute (Universit\u00e9 de Guelph), Bayer Crop Science, Oiseaux Canada, BMO, Alliance de l&#8217;industrie canadienne de l&#8217;aquaculture, F\u00e9d\u00e9ration canadienne de l&#8217;agriculture, Conseil canadien de l&#8217;horticulture, Association canadienne de la distribution de fruits et l\u00e9gumes, F\u00e9d\u00e9ration canadienne de la faune, Les Producteurs de poulet du Canada, Conseil de la transformation alimentaire du Qu\u00e9bec, Consortium des prot\u00e9ines du Manitoba, CropLife Canada, Canards Illimit\u00e9s Canada, Enterprise Machine Intelligence and Learning Initiative, Financement agricole Canada, Conseil canadien des p\u00eaches, Fertilisants Canada, Produits alimentaires, de sant\u00e9 et de consommation du Canada, Global Institute for Food Security, Lakeland College (Alberta), Les Compagnies Loblaw Limit\u00e9e, Agriculture et D\u00e9veloppement des ressources Manitoba, Ontario Cattle Feeders&#8217; Association\/Ontario Corn Fed Beef, Nutrien, Olds College (Alberta), Protein Industries Canada, Pulse Canada, Statistique Canada, Syngenta, TrustBix Inc, World Business Council for Sustainable Development (Conseil mondial des entreprises pour le d\u00e9veloppement durable)<\/p>\n\n\t\t\t\n\t\t\t\t\t\tT\u00e9l\u00e9charger le plan d&#8217;affaires PDF","protected":false},"excerpt":{"rendered":"","protected":false},"author":5,"featured_media":0,"comment_status":"closed","ping_status":"open","sticky":false,"template":"","format":"standard","meta":{"_et_pb_use_builder":"","_et_pb_old_content":"","_et_gb_content_width":"","footnotes":""},"categories":[23],"tags":[],"class_list":["post-31844","post","type-post","status-publish","format-standard","hentry","category-actualites"],"yoast_head":"<!-- This site is optimized with the Yoast SEO plugin v27.4 - https:\/\/yoast.com\/product\/yoast-seo-wordpress\/ -->\n<title>Appel \u00e0 l\u2019action en vue de la cr\u00e9ation d\u2019un nouvel indice de durabilit\u00e9 pour le secteur agroalimentaire canadien - FVGC<\/title>\n<meta name=\"robots\" content=\"index, follow, max-snippet:-1, max-image-preview:large, max-video-preview:-1\" \/>\n<link rel=\"canonical\" href=\"https:\/\/fvgc.ca\/fr\/2021\/06\/10\/appel-a-laction-en-vue-de-la-creation-dun-nouvel-indice-de-durabilite-pour-le-secteur-agroalimentaire-canadien\/\" \/>\n<meta property=\"og:locale\" content=\"fr_CA\" \/>\n<meta property=\"og:type\" content=\"article\" \/>\n<meta property=\"og:title\" content=\"Appel \u00e0 l\u2019action en vue de la cr\u00e9ation d\u2019un nouvel indice de durabilit\u00e9 pour le secteur agroalimentaire canadien - FVGC\" \/>\n<meta property=\"og:url\" content=\"https:\/\/fvgc.ca\/fr\/2021\/06\/10\/appel-a-laction-en-vue-de-la-creation-dun-nouvel-indice-de-durabilite-pour-le-secteur-agroalimentaire-canadien\/\" \/>\n<meta property=\"og:site_name\" content=\"FVGC\" \/>\n<meta property=\"article:published_time\" content=\"2021-06-10T18:06:47+00:00\" \/>\n<meta property=\"article:modified_time\" content=\"2024-02-21T15:15:29+00:00\" \/>\n<meta name=\"author\" content=\"Ashley Peyrard\" \/>\n<meta name=\"twitter:card\" content=\"summary_large_image\" \/>\n<meta name=\"twitter:label1\" content=\"\u00c9crit par\" \/>\n\t<meta name=\"twitter:data1\" content=\"Ashley Peyrard\" \/>\n\t<meta name=\"twitter:label2\" content=\"Estimation du temps de lecture\" \/>\n\t<meta name=\"twitter:data2\" content=\"4 minutes\" \/>\n<script type=\"application\/ld+json\" class=\"yoast-schema-graph\">{\"@context\":\"https:\\\/\\\/schema.org\",\"@graph\":[{\"@type\":\"Article\",\"@id\":\"https:\\\/\\\/fvgc.ca\\\/2021\\\/06\\\/10\\\/appel-a-laction-en-vue-de-la-creation-dun-nouvel-indice-de-durabilite-pour-le-secteur-agroalimentaire-canadien\\\/#article\",\"isPartOf\":{\"@id\":\"https:\\\/\\\/fvgc.ca\\\/2021\\\/06\\\/10\\\/appel-a-laction-en-vue-de-la-creation-dun-nouvel-indice-de-durabilite-pour-le-secteur-agroalimentaire-canadien\\\/\"},\"author\":{\"name\":\"Ashley Peyrard\",\"@id\":\"https:\\\/\\\/fvgc.ca\\\/#\\\/schema\\\/person\\\/5d5ec6451ef7dc9293fb481d46af0c11\"},\"headline\":\"Appel \u00e0 l\u2019action en vue de la cr\u00e9ation d\u2019un nouvel indice de durabilit\u00e9 pour le secteur agroalimentaire canadien\",\"datePublished\":\"2021-06-10T18:06:47+00:00\",\"dateModified\":\"2024-02-21T15:15:29+00:00\",\"mainEntityOfPage\":{\"@id\":\"https:\\\/\\\/fvgc.ca\\\/2021\\\/06\\\/10\\\/appel-a-laction-en-vue-de-la-creation-dun-nouvel-indice-de-durabilite-pour-le-secteur-agroalimentaire-canadien\\\/\"},\"wordCount\":755,\"articleSection\":[\"Actualit\u00e9s\"],\"inLanguage\":\"fr-CA\"},{\"@type\":\"WebPage\",\"@id\":\"https:\\\/\\\/fvgc.ca\\\/2021\\\/06\\\/10\\\/appel-a-laction-en-vue-de-la-creation-dun-nouvel-indice-de-durabilite-pour-le-secteur-agroalimentaire-canadien\\\/\",\"url\":\"https:\\\/\\\/fvgc.ca\\\/2021\\\/06\\\/10\\\/appel-a-laction-en-vue-de-la-creation-dun-nouvel-indice-de-durabilite-pour-le-secteur-agroalimentaire-canadien\\\/\",\"name\":\"Appel \u00e0 l\u2019action en vue de la cr\u00e9ation d\u2019un nouvel indice de durabilit\u00e9 pour le secteur agroalimentaire canadien - FVGC\",\"isPartOf\":{\"@id\":\"https:\\\/\\\/fvgc.ca\\\/#website\"},\"datePublished\":\"2021-06-10T18:06:47+00:00\",\"dateModified\":\"2024-02-21T15:15:29+00:00\",\"author\":{\"@id\":\"https:\\\/\\\/fvgc.ca\\\/#\\\/schema\\\/person\\\/5d5ec6451ef7dc9293fb481d46af0c11\"},\"breadcrumb\":{\"@id\":\"https:\\\/\\\/fvgc.ca\\\/2021\\\/06\\\/10\\\/appel-a-laction-en-vue-de-la-creation-dun-nouvel-indice-de-durabilite-pour-le-secteur-agroalimentaire-canadien\\\/#breadcrumb\"},\"inLanguage\":\"fr-CA\",\"potentialAction\":[{\"@type\":\"ReadAction\",\"target\":[\"https:\\\/\\\/fvgc.ca\\\/2021\\\/06\\\/10\\\/appel-a-laction-en-vue-de-la-creation-dun-nouvel-indice-de-durabilite-pour-le-secteur-agroalimentaire-canadien\\\/\"]}]},{\"@type\":\"BreadcrumbList\",\"@id\":\"https:\\\/\\\/fvgc.ca\\\/2021\\\/06\\\/10\\\/appel-a-laction-en-vue-de-la-creation-dun-nouvel-indice-de-durabilite-pour-le-secteur-agroalimentaire-canadien\\\/#breadcrumb\",\"itemListElement\":[{\"@type\":\"ListItem\",\"position\":1,\"name\":\"Home\",\"item\":\"https:\\\/\\\/fvgc.ca\\\/\"},{\"@type\":\"ListItem\",\"position\":2,\"name\":\"Appel \u00e0 l\u2019action en vue de la cr\u00e9ation d\u2019un nouvel indice de durabilit\u00e9 pour le secteur agroalimentaire canadien\"}]},{\"@type\":\"WebSite\",\"@id\":\"https:\\\/\\\/fvgc.ca\\\/#website\",\"url\":\"https:\\\/\\\/fvgc.ca\\\/\",\"name\":\"FVGC\",\"description\":\"Representing Growers Across the Country\",\"potentialAction\":[{\"@type\":\"SearchAction\",\"target\":{\"@type\":\"EntryPoint\",\"urlTemplate\":\"https:\\\/\\\/fvgc.ca\\\/?s={search_term_string}\"},\"query-input\":{\"@type\":\"PropertyValueSpecification\",\"valueRequired\":true,\"valueName\":\"search_term_string\"}}],\"inLanguage\":\"fr-CA\"},{\"@type\":\"Person\",\"@id\":\"https:\\\/\\\/fvgc.ca\\\/#\\\/schema\\\/person\\\/5d5ec6451ef7dc9293fb481d46af0c11\",\"name\":\"Ashley Peyrard\",\"url\":\"https:\\\/\\\/fvgc.ca\\\/fr\\\/author\\\/fruit-and-vegetable-growers-of-canada\\\/\"}]}<\/script>\n<!-- \/ Yoast SEO plugin. -->","yoast_head_json":{"title":"Appel \u00e0 l\u2019action en vue de la cr\u00e9ation d\u2019un nouvel indice de durabilit\u00e9 pour le secteur agroalimentaire canadien - FVGC","robots":{"index":"index","follow":"follow","max-snippet":"max-snippet:-1","max-image-preview":"max-image-preview:large","max-video-preview":"max-video-preview:-1"},"canonical":"https:\/\/fvgc.ca\/fr\/2021\/06\/10\/appel-a-laction-en-vue-de-la-creation-dun-nouvel-indice-de-durabilite-pour-le-secteur-agroalimentaire-canadien\/","og_locale":"fr_CA","og_type":"article","og_title":"Appel \u00e0 l\u2019action en vue de la cr\u00e9ation d\u2019un nouvel indice de durabilit\u00e9 pour le secteur agroalimentaire canadien - FVGC","og_url":"https:\/\/fvgc.ca\/fr\/2021\/06\/10\/appel-a-laction-en-vue-de-la-creation-dun-nouvel-indice-de-durabilite-pour-le-secteur-agroalimentaire-canadien\/","og_site_name":"FVGC","article_published_time":"2021-06-10T18:06:47+00:00","article_modified_time":"2024-02-21T15:15:29+00:00","author":"Ashley Peyrard","twitter_card":"summary_large_image","twitter_misc":{"\u00c9crit par":"Ashley Peyrard","Estimation du temps de lecture":"4 minutes"},"schema":{"@context":"https:\/\/schema.org","@graph":[{"@type":"Article","@id":"https:\/\/fvgc.ca\/2021\/06\/10\/appel-a-laction-en-vue-de-la-creation-dun-nouvel-indice-de-durabilite-pour-le-secteur-agroalimentaire-canadien\/#article","isPartOf":{"@id":"https:\/\/fvgc.ca\/2021\/06\/10\/appel-a-laction-en-vue-de-la-creation-dun-nouvel-indice-de-durabilite-pour-le-secteur-agroalimentaire-canadien\/"},"author":{"name":"Ashley Peyrard","@id":"https:\/\/fvgc.ca\/#\/schema\/person\/5d5ec6451ef7dc9293fb481d46af0c11"},"headline":"Appel \u00e0 l\u2019action en vue de la cr\u00e9ation d\u2019un nouvel indice de durabilit\u00e9 pour le secteur agroalimentaire canadien","datePublished":"2021-06-10T18:06:47+00:00","dateModified":"2024-02-21T15:15:29+00:00","mainEntityOfPage":{"@id":"https:\/\/fvgc.ca\/2021\/06\/10\/appel-a-laction-en-vue-de-la-creation-dun-nouvel-indice-de-durabilite-pour-le-secteur-agroalimentaire-canadien\/"},"wordCount":755,"articleSection":["Actualit\u00e9s"],"inLanguage":"fr-CA"},{"@type":"WebPage","@id":"https:\/\/fvgc.ca\/2021\/06\/10\/appel-a-laction-en-vue-de-la-creation-dun-nouvel-indice-de-durabilite-pour-le-secteur-agroalimentaire-canadien\/","url":"https:\/\/fvgc.ca\/2021\/06\/10\/appel-a-laction-en-vue-de-la-creation-dun-nouvel-indice-de-durabilite-pour-le-secteur-agroalimentaire-canadien\/","name":"Appel \u00e0 l\u2019action en vue de la cr\u00e9ation d\u2019un nouvel indice de durabilit\u00e9 pour le secteur agroalimentaire canadien - FVGC","isPartOf":{"@id":"https:\/\/fvgc.ca\/#website"},"datePublished":"2021-06-10T18:06:47+00:00","dateModified":"2024-02-21T15:15:29+00:00","author":{"@id":"https:\/\/fvgc.ca\/#\/schema\/person\/5d5ec6451ef7dc9293fb481d46af0c11"},"breadcrumb":{"@id":"https:\/\/fvgc.ca\/2021\/06\/10\/appel-a-laction-en-vue-de-la-creation-dun-nouvel-indice-de-durabilite-pour-le-secteur-agroalimentaire-canadien\/#breadcrumb"},"inLanguage":"fr-CA","potentialAction":[{"@type":"ReadAction","target":["https:\/\/fvgc.ca\/2021\/06\/10\/appel-a-laction-en-vue-de-la-creation-dun-nouvel-indice-de-durabilite-pour-le-secteur-agroalimentaire-canadien\/"]}]},{"@type":"BreadcrumbList","@id":"https:\/\/fvgc.ca\/2021\/06\/10\/appel-a-laction-en-vue-de-la-creation-dun-nouvel-indice-de-durabilite-pour-le-secteur-agroalimentaire-canadien\/#breadcrumb","itemListElement":[{"@type":"ListItem","position":1,"name":"Home","item":"https:\/\/fvgc.ca\/"},{"@type":"ListItem","position":2,"name":"Appel \u00e0 l\u2019action en vue de la cr\u00e9ation d\u2019un nouvel indice de durabilit\u00e9 pour le secteur agroalimentaire canadien"}]},{"@type":"WebSite","@id":"https:\/\/fvgc.ca\/#website","url":"https:\/\/fvgc.ca\/","name":"FVGC","description":"Representing Growers Across the Country","potentialAction":[{"@type":"SearchAction","target":{"@type":"EntryPoint","urlTemplate":"https:\/\/fvgc.ca\/?s={search_term_string}"},"query-input":{"@type":"PropertyValueSpecification","valueRequired":true,"valueName":"search_term_string"}}],"inLanguage":"fr-CA"},{"@type":"Person","@id":"https:\/\/fvgc.ca\/#\/schema\/person\/5d5ec6451ef7dc9293fb481d46af0c11","name":"Ashley Peyrard","url":"https:\/\/fvgc.ca\/fr\/author\/fruit-and-vegetable-growers-of-canada\/"}]}},"jetpack_featured_media_url":"","_links":{"self":[{"href":"https:\/\/fvgc.ca\/fr\/wp-json\/wp\/v2\/posts\/31844","targetHints":{"allow":["GET"]}}],"collection":[{"href":"https:\/\/fvgc.ca\/fr\/wp-json\/wp\/v2\/posts"}],"about":[{"href":"https:\/\/fvgc.ca\/fr\/wp-json\/wp\/v2\/types\/post"}],"author":[{"embeddable":true,"href":"https:\/\/fvgc.ca\/fr\/wp-json\/wp\/v2\/users\/5"}],"replies":[{"embeddable":true,"href":"https:\/\/fvgc.ca\/fr\/wp-json\/wp\/v2\/comments?post=31844"}],"version-history":[{"count":0,"href":"https:\/\/fvgc.ca\/fr\/wp-json\/wp\/v2\/posts\/31844\/revisions"}],"wp:attachment":[{"href":"https:\/\/fvgc.ca\/fr\/wp-json\/wp\/v2\/media?parent=31844"}],"wp:term":[{"taxonomy":"category","embeddable":true,"href":"https:\/\/fvgc.ca\/fr\/wp-json\/wp\/v2\/categories?post=31844"},{"taxonomy":"post_tag","embeddable":true,"href":"https:\/\/fvgc.ca\/fr\/wp-json\/wp\/v2\/tags?post=31844"}],"curies":[{"name":"wp","href":"https:\/\/api.w.org\/{rel}","templated":true}]}}