{"id":28612,"date":"2019-03-28T15:02:23","date_gmt":"2019-03-28T19:02:23","guid":{"rendered":"https:\/\/www.hortcouncil.ca\/?p=28612"},"modified":"2019-03-28T15:02:23","modified_gmt":"2019-03-28T19:02:23","slug":"rencontrer-des-travailleurs-internationaux-tony-rice","status":"publish","type":"post","link":"https:\/\/fvgc.ca\/fr\/2019\/03\/28\/rencontrer-des-travailleurs-internationaux-tony-rice\/","title":{"rendered":"Rencontrer des travailleurs internationaux: Tony Rice"},"content":{"rendered":"<p>Tony revient \u00e0 Wilmot Orchards chaque ann\u00e9e depuis 30 ans. Selon lui, \u00ab c&#8217;est comme une r\u00e9union de famille chaque fois que nous revenons.\u00bb En tant que l&#8217;un des 14 fr\u00e8res et s\u0153urs, Tony sait de quoi il parle!<\/p>\n<p>Outre les avantages financiers de travailler \u00e0 la ferme et de pouvoir acheter des choses qu\u2019il peut ramener \u00e0 la maison pour sa famille (\u00ab avec un peu d&#8217;argent pour lui-m\u00eame \u00bb, ajoute-t-il), Tony appr\u00e9cie \u00e9galement les possibilit\u00e9s d\u2019apprentissage.<\/p>\n<p>Il dit : \u00ab Charles (Stevens &#8211; propri\u00e9taire de Wilmot Orchards) ne nous cache rien. Nous pouvons transmettre les informations aux nouveaux gars. Parce que Charles est souvent parti pour le travail, nous faisons beaucoup de travail nous-m\u00eames. Il nous fait confiance et nous respecte. Il nous offre beaucoup d&#8217;opportunit\u00e9s pour nous d\u00e9placer et faire des choses. Cela nous fait sentir bien. Je voudrais continuer \u00e0 revenir jusqu&#8217;\u00e0 ma retraite. \u00bb<\/p>\n<p>Pour Charles en particulier, il ajoute : \u00ab Charles, j&#8217;ai travaill\u00e9 pour vous pendant 30 ans et je n&#8217;ai aucun regret. Vous nous traitez comme un membre de la famille. Tout ce que nous voulons, nous l&#8217;obtenons toujours. J&#8217;aime \u00e0 100 % travailler pour vous. \u00bb<\/p>\n<p>Merci, Tony, de faire partie de notre communaut\u00e9 et pour le travail que vous faites!<\/p>","protected":false},"excerpt":{"rendered":"","protected":false},"author":5,"featured_media":26224,"comment_status":"closed","ping_status":"open","sticky":false,"template":"","format":"standard","meta":{"_et_pb_use_builder":"","_et_pb_old_content":"","_et_gb_content_width":"","footnotes":""},"categories":[23,80],"tags":[],"class_list":["post-28612","post","type-post","status-publish","format-standard","has-post-thumbnail","hentry","category-actualites","category-campagne-main-doeuvre"],"yoast_head":"<!-- This site is optimized with the Yoast SEO plugin v27.4 - https:\/\/yoast.com\/product\/yoast-seo-wordpress\/ -->\n<title>Rencontrer des travailleurs internationaux: Tony Rice - FVGC<\/title>\n<meta name=\"robots\" content=\"index, follow, max-snippet:-1, max-image-preview:large, max-video-preview:-1\" \/>\n<link rel=\"canonical\" href=\"https:\/\/fvgc.ca\/fr\/2019\/03\/28\/rencontrer-des-travailleurs-internationaux-tony-rice\/\" \/>\n<meta property=\"og:locale\" content=\"fr_CA\" \/>\n<meta property=\"og:type\" content=\"article\" \/>\n<meta property=\"og:title\" content=\"Rencontrer des travailleurs internationaux: Tony Rice - FVGC\" \/>\n<meta property=\"og:url\" content=\"https:\/\/fvgc.ca\/fr\/2019\/03\/28\/rencontrer-des-travailleurs-internationaux-tony-rice\/\" \/>\n<meta property=\"og:site_name\" content=\"FVGC\" \/>\n<meta property=\"article:published_time\" content=\"2019-03-28T19:02:23+00:00\" \/>\n<meta name=\"author\" content=\"Ashley Peyrard\" \/>\n<meta name=\"twitter:card\" content=\"summary_large_image\" \/>\n<meta name=\"twitter:label1\" content=\"\u00c9crit par\" \/>\n\t<meta name=\"twitter:data1\" content=\"Ashley Peyrard\" \/>\n\t<meta name=\"twitter:label2\" content=\"Estimation du temps de lecture\" \/>\n\t<meta name=\"twitter:data2\" content=\"1 minute\" \/>\n<script type=\"application\/ld+json\" class=\"yoast-schema-graph\">{\"@context\":\"https:\\\/\\\/schema.org\",\"@graph\":[{\"@type\":\"Article\",\"@id\":\"https:\\\/\\\/fvgc.ca\\\/en\\\/2019\\\/03\\\/28\\\/rencontrer-des-travailleurs-internationaux-tony-rice\\\/#article\",\"isPartOf\":{\"@id\":\"https:\\\/\\\/fvgc.ca\\\/en\\\/2019\\\/03\\\/28\\\/rencontrer-des-travailleurs-internationaux-tony-rice\\\/\"},\"author\":{\"name\":\"Ashley Peyrard\",\"@id\":\"https:\\\/\\\/fvgc.ca\\\/#\\\/schema\\\/person\\\/5d5ec6451ef7dc9293fb481d46af0c11\"},\"headline\":\"Rencontrer des travailleurs internationaux: Tony Rice\",\"datePublished\":\"2019-03-28T19:02:23+00:00\",\"mainEntityOfPage\":{\"@id\":\"https:\\\/\\\/fvgc.ca\\\/en\\\/2019\\\/03\\\/28\\\/rencontrer-des-travailleurs-internationaux-tony-rice\\\/\"},\"wordCount\":218,\"image\":{\"@id\":\"https:\\\/\\\/fvgc.ca\\\/en\\\/2019\\\/03\\\/28\\\/rencontrer-des-travailleurs-internationaux-tony-rice\\\/#primaryimage\"},\"thumbnailUrl\":\"\",\"articleSection\":[\"Actualit\u00e9s\",\"Campagne main-d'\u0153uvre\"],\"inLanguage\":\"fr-CA\"},{\"@type\":\"WebPage\",\"@id\":\"https:\\\/\\\/fvgc.ca\\\/en\\\/2019\\\/03\\\/28\\\/rencontrer-des-travailleurs-internationaux-tony-rice\\\/\",\"url\":\"https:\\\/\\\/fvgc.ca\\\/en\\\/2019\\\/03\\\/28\\\/rencontrer-des-travailleurs-internationaux-tony-rice\\\/\",\"name\":\"Rencontrer des travailleurs internationaux: Tony Rice - FVGC\",\"isPartOf\":{\"@id\":\"https:\\\/\\\/fvgc.ca\\\/#website\"},\"primaryImageOfPage\":{\"@id\":\"https:\\\/\\\/fvgc.ca\\\/en\\\/2019\\\/03\\\/28\\\/rencontrer-des-travailleurs-internationaux-tony-rice\\\/#primaryimage\"},\"image\":{\"@id\":\"https:\\\/\\\/fvgc.ca\\\/en\\\/2019\\\/03\\\/28\\\/rencontrer-des-travailleurs-internationaux-tony-rice\\\/#primaryimage\"},\"thumbnailUrl\":\"\",\"datePublished\":\"2019-03-28T19:02:23+00:00\",\"author\":{\"@id\":\"https:\\\/\\\/fvgc.ca\\\/#\\\/schema\\\/person\\\/5d5ec6451ef7dc9293fb481d46af0c11\"},\"breadcrumb\":{\"@id\":\"https:\\\/\\\/fvgc.ca\\\/en\\\/2019\\\/03\\\/28\\\/rencontrer-des-travailleurs-internationaux-tony-rice\\\/#breadcrumb\"},\"inLanguage\":\"fr-CA\",\"potentialAction\":[{\"@type\":\"ReadAction\",\"target\":[\"https:\\\/\\\/fvgc.ca\\\/en\\\/2019\\\/03\\\/28\\\/rencontrer-des-travailleurs-internationaux-tony-rice\\\/\"]}]},{\"@type\":\"ImageObject\",\"inLanguage\":\"fr-CA\",\"@id\":\"https:\\\/\\\/fvgc.ca\\\/en\\\/2019\\\/03\\\/28\\\/rencontrer-des-travailleurs-internationaux-tony-rice\\\/#primaryimage\",\"url\":\"\",\"contentUrl\":\"\"},{\"@type\":\"BreadcrumbList\",\"@id\":\"https:\\\/\\\/fvgc.ca\\\/en\\\/2019\\\/03\\\/28\\\/rencontrer-des-travailleurs-internationaux-tony-rice\\\/#breadcrumb\",\"itemListElement\":[{\"@type\":\"ListItem\",\"position\":1,\"name\":\"Home\",\"item\":\"https:\\\/\\\/fvgc.ca\\\/\"},{\"@type\":\"ListItem\",\"position\":2,\"name\":\"Rencontrer des travailleurs internationaux: Tony Rice\"}]},{\"@type\":\"WebSite\",\"@id\":\"https:\\\/\\\/fvgc.ca\\\/#website\",\"url\":\"https:\\\/\\\/fvgc.ca\\\/\",\"name\":\"FVGC\",\"description\":\"Representing Growers Across the Country\",\"potentialAction\":[{\"@type\":\"SearchAction\",\"target\":{\"@type\":\"EntryPoint\",\"urlTemplate\":\"https:\\\/\\\/fvgc.ca\\\/?s={search_term_string}\"},\"query-input\":{\"@type\":\"PropertyValueSpecification\",\"valueRequired\":true,\"valueName\":\"search_term_string\"}}],\"inLanguage\":\"fr-CA\"},{\"@type\":\"Person\",\"@id\":\"https:\\\/\\\/fvgc.ca\\\/#\\\/schema\\\/person\\\/5d5ec6451ef7dc9293fb481d46af0c11\",\"name\":\"Ashley Peyrard\",\"url\":\"https:\\\/\\\/fvgc.ca\\\/fr\\\/author\\\/fruit-and-vegetable-growers-of-canada\\\/\"}]}<\/script>\n<!-- \/ Yoast SEO plugin. -->","yoast_head_json":{"title":"Rencontrer des travailleurs internationaux: Tony Rice - FVGC","robots":{"index":"index","follow":"follow","max-snippet":"max-snippet:-1","max-image-preview":"max-image-preview:large","max-video-preview":"max-video-preview:-1"},"canonical":"https:\/\/fvgc.ca\/fr\/2019\/03\/28\/rencontrer-des-travailleurs-internationaux-tony-rice\/","og_locale":"fr_CA","og_type":"article","og_title":"Rencontrer des travailleurs internationaux: Tony Rice - FVGC","og_url":"https:\/\/fvgc.ca\/fr\/2019\/03\/28\/rencontrer-des-travailleurs-internationaux-tony-rice\/","og_site_name":"FVGC","article_published_time":"2019-03-28T19:02:23+00:00","author":"Ashley Peyrard","twitter_card":"summary_large_image","twitter_misc":{"\u00c9crit par":"Ashley Peyrard","Estimation du temps de lecture":"1 minute"},"schema":{"@context":"https:\/\/schema.org","@graph":[{"@type":"Article","@id":"https:\/\/fvgc.ca\/en\/2019\/03\/28\/rencontrer-des-travailleurs-internationaux-tony-rice\/#article","isPartOf":{"@id":"https:\/\/fvgc.ca\/en\/2019\/03\/28\/rencontrer-des-travailleurs-internationaux-tony-rice\/"},"author":{"name":"Ashley Peyrard","@id":"https:\/\/fvgc.ca\/#\/schema\/person\/5d5ec6451ef7dc9293fb481d46af0c11"},"headline":"Rencontrer des travailleurs internationaux: Tony Rice","datePublished":"2019-03-28T19:02:23+00:00","mainEntityOfPage":{"@id":"https:\/\/fvgc.ca\/en\/2019\/03\/28\/rencontrer-des-travailleurs-internationaux-tony-rice\/"},"wordCount":218,"image":{"@id":"https:\/\/fvgc.ca\/en\/2019\/03\/28\/rencontrer-des-travailleurs-internationaux-tony-rice\/#primaryimage"},"thumbnailUrl":"","articleSection":["Actualit\u00e9s","Campagne main-d'\u0153uvre"],"inLanguage":"fr-CA"},{"@type":"WebPage","@id":"https:\/\/fvgc.ca\/en\/2019\/03\/28\/rencontrer-des-travailleurs-internationaux-tony-rice\/","url":"https:\/\/fvgc.ca\/en\/2019\/03\/28\/rencontrer-des-travailleurs-internationaux-tony-rice\/","name":"Rencontrer des travailleurs internationaux: Tony Rice - FVGC","isPartOf":{"@id":"https:\/\/fvgc.ca\/#website"},"primaryImageOfPage":{"@id":"https:\/\/fvgc.ca\/en\/2019\/03\/28\/rencontrer-des-travailleurs-internationaux-tony-rice\/#primaryimage"},"image":{"@id":"https:\/\/fvgc.ca\/en\/2019\/03\/28\/rencontrer-des-travailleurs-internationaux-tony-rice\/#primaryimage"},"thumbnailUrl":"","datePublished":"2019-03-28T19:02:23+00:00","author":{"@id":"https:\/\/fvgc.ca\/#\/schema\/person\/5d5ec6451ef7dc9293fb481d46af0c11"},"breadcrumb":{"@id":"https:\/\/fvgc.ca\/en\/2019\/03\/28\/rencontrer-des-travailleurs-internationaux-tony-rice\/#breadcrumb"},"inLanguage":"fr-CA","potentialAction":[{"@type":"ReadAction","target":["https:\/\/fvgc.ca\/en\/2019\/03\/28\/rencontrer-des-travailleurs-internationaux-tony-rice\/"]}]},{"@type":"ImageObject","inLanguage":"fr-CA","@id":"https:\/\/fvgc.ca\/en\/2019\/03\/28\/rencontrer-des-travailleurs-internationaux-tony-rice\/#primaryimage","url":"","contentUrl":""},{"@type":"BreadcrumbList","@id":"https:\/\/fvgc.ca\/en\/2019\/03\/28\/rencontrer-des-travailleurs-internationaux-tony-rice\/#breadcrumb","itemListElement":[{"@type":"ListItem","position":1,"name":"Home","item":"https:\/\/fvgc.ca\/"},{"@type":"ListItem","position":2,"name":"Rencontrer des travailleurs internationaux: Tony Rice"}]},{"@type":"WebSite","@id":"https:\/\/fvgc.ca\/#website","url":"https:\/\/fvgc.ca\/","name":"FVGC","description":"Representing Growers Across the Country","potentialAction":[{"@type":"SearchAction","target":{"@type":"EntryPoint","urlTemplate":"https:\/\/fvgc.ca\/?s={search_term_string}"},"query-input":{"@type":"PropertyValueSpecification","valueRequired":true,"valueName":"search_term_string"}}],"inLanguage":"fr-CA"},{"@type":"Person","@id":"https:\/\/fvgc.ca\/#\/schema\/person\/5d5ec6451ef7dc9293fb481d46af0c11","name":"Ashley Peyrard","url":"https:\/\/fvgc.ca\/fr\/author\/fruit-and-vegetable-growers-of-canada\/"}]}},"jetpack_featured_media_url":"","_links":{"self":[{"href":"https:\/\/fvgc.ca\/fr\/wp-json\/wp\/v2\/posts\/28612","targetHints":{"allow":["GET"]}}],"collection":[{"href":"https:\/\/fvgc.ca\/fr\/wp-json\/wp\/v2\/posts"}],"about":[{"href":"https:\/\/fvgc.ca\/fr\/wp-json\/wp\/v2\/types\/post"}],"author":[{"embeddable":true,"href":"https:\/\/fvgc.ca\/fr\/wp-json\/wp\/v2\/users\/5"}],"replies":[{"embeddable":true,"href":"https:\/\/fvgc.ca\/fr\/wp-json\/wp\/v2\/comments?post=28612"}],"version-history":[{"count":0,"href":"https:\/\/fvgc.ca\/fr\/wp-json\/wp\/v2\/posts\/28612\/revisions"}],"wp:featuredmedia":[{"embeddable":true,"href":"https:\/\/fvgc.ca\/fr\/wp-json\/"}],"wp:attachment":[{"href":"https:\/\/fvgc.ca\/fr\/wp-json\/wp\/v2\/media?parent=28612"}],"wp:term":[{"taxonomy":"category","embeddable":true,"href":"https:\/\/fvgc.ca\/fr\/wp-json\/wp\/v2\/categories?post=28612"},{"taxonomy":"post_tag","embeddable":true,"href":"https:\/\/fvgc.ca\/fr\/wp-json\/wp\/v2\/tags?post=28612"}],"curies":[{"name":"wp","href":"https:\/\/api.w.org\/{rel}","templated":true}]}}