{"id":27776,"date":"2019-03-01T15:08:20","date_gmt":"2019-03-01T20:08:20","guid":{"rendered":"https:\/\/www.hortcouncil.ca\/?p=27776"},"modified":"2019-03-01T15:08:20","modified_gmt":"2019-03-01T20:08:20","slug":"le-cch-souhaite-la-bienvenue-a-la-ministre-bibeau-et-remercie-le-ministre-macaulay-pour-le-soutien-quil-a-accorde-au-secteur-horticole-canadien","status":"publish","type":"post","link":"https:\/\/fvgc.ca\/fr\/2019\/03\/01\/le-cch-souhaite-la-bienvenue-a-la-ministre-bibeau-et-remercie-le-ministre-macaulay-pour-le-soutien-quil-a-accorde-au-secteur-horticole-canadien\/","title":{"rendered":"Le CCH souhaite la bienvenue \u00e0 la ministre Bibeau et remercie le ministre MacAulay pour le soutien qu\u2019il a accord\u00e9 au secteur horticole canadien"},"content":{"rendered":"<p>Le Conseil canadien de l\u2019horticulture (CCH) f\u00e9licite la ministre Marie-Claude Bibeau pour sa r\u00e9cente nomination \u00e0 titre de ministre d\u2019Agriculture et Agroalimentaire Canada. Le CCH a h\u00e2te de travailler avec la ministre et son personnel sur les enjeux tr\u00e8s importants pour les producteurs de fruits et l\u00e9gumes canadiens, y compris la protection des cultures, l\u2019acc\u00e8s \u00e0 la main-d\u2019\u0153uvre, la gestion des risques de l\u2019entreprise, la fiscalit\u00e9, le commerce international, l\u2019environnement et le changement climatique et la salubrit\u00e9 alimentaire et les normes de l\u2019industrie, parmi plusieu rs autres dossiers.<\/p>\n<p>\u00ab\u00a0Le CCH valorise sa rigoureuse relation avec Agriculture et Agroalimentaire Canada,\u00a0\u00bb dit Rebecca Lee, directrice g\u00e9n\u00e9rale du CCH. \u00ab\u00a0Nous avons travaill\u00e9 en collaboration avec AAC sur de nombreuses initiatives importantes au fil des ans et j\u2019ai personnellement h\u00e2te de travailler avec la ministre Bibeau et son cabinet sur de nombreux autres succ\u00e8s \u00e0 venir.\u00a0\u00bb<\/p>\n<p>Le CCH tient aussi \u00e0 remercier le ministre MacAulay pour son d\u00e9vouement et l\u2019appui qu\u2019il a accord\u00e9 au secteur des fruits et l\u00e9gumes frais pendant qu\u2019il \u00e9tait ministre d\u2019Agriculture et Agroalimentaire Canada. Nous lui souhaitons beaucoup de succ\u00e8s dans son nouveau r\u00f4le de ministre des Anciens Combattants.<\/p>","protected":false},"excerpt":{"rendered":"<p>Le Conseil canadien de l\u2019horticulture (CCH) f\u00e9licite la ministre Marie-Claude Bibeau pour sa r\u00e9cente nomination \u00e0 titre de ministre d\u2019Agriculture et Agroalimentaire Canada. Le CCH a h\u00e2te de travailler avec la ministre et son personnel sur les enjeux tr\u00e8s importants pour les producteurs de fruits et l\u00e9gumes canadiens, y compris la protection des cultures, l\u2019acc\u00e8s [&hellip;]<\/p>\n","protected":false},"author":5,"featured_media":27774,"comment_status":"closed","ping_status":"open","sticky":false,"template":"","format":"standard","meta":{"_et_pb_use_builder":"","_et_pb_old_content":"","_et_gb_content_width":"","footnotes":""},"categories":[23],"tags":[],"class_list":["post-27776","post","type-post","status-publish","format-standard","has-post-thumbnail","hentry","category-actualites"],"yoast_head":"<!-- This site is optimized with the Yoast SEO plugin v27.4 - https:\/\/yoast.com\/product\/yoast-seo-wordpress\/ -->\n<title>Le CCH souhaite la bienvenue \u00e0 la ministre Bibeau et remercie le ministre MacAulay pour le soutien qu\u2019il a accord\u00e9 au secteur horticole canadien - FVGC<\/title>\n<meta name=\"robots\" content=\"index, follow, max-snippet:-1, max-image-preview:large, max-video-preview:-1\" \/>\n<link rel=\"canonical\" href=\"https:\/\/fvgc.ca\/fr\/2019\/03\/01\/le-cch-souhaite-la-bienvenue-a-la-ministre-bibeau-et-remercie-le-ministre-macaulay-pour-le-soutien-quil-a-accorde-au-secteur-horticole-canadien\/\" \/>\n<meta property=\"og:locale\" content=\"fr_CA\" \/>\n<meta property=\"og:type\" content=\"article\" \/>\n<meta property=\"og:title\" content=\"Le CCH souhaite la bienvenue \u00e0 la ministre Bibeau et remercie le ministre MacAulay pour le soutien qu\u2019il a accord\u00e9 au secteur horticole canadien - FVGC\" \/>\n<meta property=\"og:description\" content=\"Le Conseil canadien de l\u2019horticulture (CCH) f\u00e9licite la ministre Marie-Claude Bibeau pour sa r\u00e9cente nomination \u00e0 titre de ministre d\u2019Agriculture et Agroalimentaire Canada. Le CCH a h\u00e2te de travailler avec la ministre et son personnel sur les enjeux tr\u00e8s importants pour les producteurs de fruits et l\u00e9gumes canadiens, y compris la protection des cultures, l\u2019acc\u00e8s [&hellip;]\" \/>\n<meta property=\"og:url\" content=\"https:\/\/fvgc.ca\/fr\/2019\/03\/01\/le-cch-souhaite-la-bienvenue-a-la-ministre-bibeau-et-remercie-le-ministre-macaulay-pour-le-soutien-quil-a-accorde-au-secteur-horticole-canadien\/\" \/>\n<meta property=\"og:site_name\" content=\"FVGC\" \/>\n<meta property=\"article:published_time\" content=\"2019-03-01T20:08:20+00:00\" \/>\n<meta name=\"author\" content=\"Ashley Peyrard\" \/>\n<meta name=\"twitter:card\" content=\"summary_large_image\" \/>\n<meta name=\"twitter:label1\" content=\"\u00c9crit par\" \/>\n\t<meta name=\"twitter:data1\" content=\"Ashley Peyrard\" \/>\n\t<meta name=\"twitter:label2\" content=\"Estimation du temps de lecture\" \/>\n\t<meta name=\"twitter:data2\" content=\"1 minute\" \/>\n<script type=\"application\/ld+json\" class=\"yoast-schema-graph\">{\"@context\":\"https:\\\/\\\/schema.org\",\"@graph\":[{\"@type\":\"Article\",\"@id\":\"https:\\\/\\\/fvgc.ca\\\/en\\\/2019\\\/03\\\/01\\\/le-cch-souhaite-la-bienvenue-a-la-ministre-bibeau-et-remercie-le-ministre-macaulay-pour-le-soutien-quil-a-accorde-au-secteur-horticole-canadien\\\/#article\",\"isPartOf\":{\"@id\":\"https:\\\/\\\/fvgc.ca\\\/en\\\/2019\\\/03\\\/01\\\/le-cch-souhaite-la-bienvenue-a-la-ministre-bibeau-et-remercie-le-ministre-macaulay-pour-le-soutien-quil-a-accorde-au-secteur-horticole-canadien\\\/\"},\"author\":{\"name\":\"Ashley Peyrard\",\"@id\":\"https:\\\/\\\/fvgc.ca\\\/#\\\/schema\\\/person\\\/5d5ec6451ef7dc9293fb481d46af0c11\"},\"headline\":\"Le CCH souhaite la bienvenue \u00e0 la ministre Bibeau et remercie le ministre MacAulay pour le soutien qu\u2019il a accord\u00e9 au secteur horticole canadien\",\"datePublished\":\"2019-03-01T20:08:20+00:00\",\"mainEntityOfPage\":{\"@id\":\"https:\\\/\\\/fvgc.ca\\\/en\\\/2019\\\/03\\\/01\\\/le-cch-souhaite-la-bienvenue-a-la-ministre-bibeau-et-remercie-le-ministre-macaulay-pour-le-soutien-quil-a-accorde-au-secteur-horticole-canadien\\\/\"},\"wordCount\":235,\"image\":{\"@id\":\"https:\\\/\\\/fvgc.ca\\\/en\\\/2019\\\/03\\\/01\\\/le-cch-souhaite-la-bienvenue-a-la-ministre-bibeau-et-remercie-le-ministre-macaulay-pour-le-soutien-quil-a-accorde-au-secteur-horticole-canadien\\\/#primaryimage\"},\"thumbnailUrl\":\"\",\"articleSection\":[\"Actualit\u00e9s\"],\"inLanguage\":\"fr-CA\"},{\"@type\":\"WebPage\",\"@id\":\"https:\\\/\\\/fvgc.ca\\\/en\\\/2019\\\/03\\\/01\\\/le-cch-souhaite-la-bienvenue-a-la-ministre-bibeau-et-remercie-le-ministre-macaulay-pour-le-soutien-quil-a-accorde-au-secteur-horticole-canadien\\\/\",\"url\":\"https:\\\/\\\/fvgc.ca\\\/en\\\/2019\\\/03\\\/01\\\/le-cch-souhaite-la-bienvenue-a-la-ministre-bibeau-et-remercie-le-ministre-macaulay-pour-le-soutien-quil-a-accorde-au-secteur-horticole-canadien\\\/\",\"name\":\"Le CCH souhaite la bienvenue \u00e0 la ministre Bibeau et remercie le ministre MacAulay pour le soutien qu\u2019il a accord\u00e9 au secteur horticole canadien - FVGC\",\"isPartOf\":{\"@id\":\"https:\\\/\\\/fvgc.ca\\\/#website\"},\"primaryImageOfPage\":{\"@id\":\"https:\\\/\\\/fvgc.ca\\\/en\\\/2019\\\/03\\\/01\\\/le-cch-souhaite-la-bienvenue-a-la-ministre-bibeau-et-remercie-le-ministre-macaulay-pour-le-soutien-quil-a-accorde-au-secteur-horticole-canadien\\\/#primaryimage\"},\"image\":{\"@id\":\"https:\\\/\\\/fvgc.ca\\\/en\\\/2019\\\/03\\\/01\\\/le-cch-souhaite-la-bienvenue-a-la-ministre-bibeau-et-remercie-le-ministre-macaulay-pour-le-soutien-quil-a-accorde-au-secteur-horticole-canadien\\\/#primaryimage\"},\"thumbnailUrl\":\"\",\"datePublished\":\"2019-03-01T20:08:20+00:00\",\"author\":{\"@id\":\"https:\\\/\\\/fvgc.ca\\\/#\\\/schema\\\/person\\\/5d5ec6451ef7dc9293fb481d46af0c11\"},\"breadcrumb\":{\"@id\":\"https:\\\/\\\/fvgc.ca\\\/en\\\/2019\\\/03\\\/01\\\/le-cch-souhaite-la-bienvenue-a-la-ministre-bibeau-et-remercie-le-ministre-macaulay-pour-le-soutien-quil-a-accorde-au-secteur-horticole-canadien\\\/#breadcrumb\"},\"inLanguage\":\"fr-CA\",\"potentialAction\":[{\"@type\":\"ReadAction\",\"target\":[\"https:\\\/\\\/fvgc.ca\\\/en\\\/2019\\\/03\\\/01\\\/le-cch-souhaite-la-bienvenue-a-la-ministre-bibeau-et-remercie-le-ministre-macaulay-pour-le-soutien-quil-a-accorde-au-secteur-horticole-canadien\\\/\"]}]},{\"@type\":\"ImageObject\",\"inLanguage\":\"fr-CA\",\"@id\":\"https:\\\/\\\/fvgc.ca\\\/en\\\/2019\\\/03\\\/01\\\/le-cch-souhaite-la-bienvenue-a-la-ministre-bibeau-et-remercie-le-ministre-macaulay-pour-le-soutien-quil-a-accorde-au-secteur-horticole-canadien\\\/#primaryimage\",\"url\":\"\",\"contentUrl\":\"\"},{\"@type\":\"BreadcrumbList\",\"@id\":\"https:\\\/\\\/fvgc.ca\\\/en\\\/2019\\\/03\\\/01\\\/le-cch-souhaite-la-bienvenue-a-la-ministre-bibeau-et-remercie-le-ministre-macaulay-pour-le-soutien-quil-a-accorde-au-secteur-horticole-canadien\\\/#breadcrumb\",\"itemListElement\":[{\"@type\":\"ListItem\",\"position\":1,\"name\":\"Home\",\"item\":\"https:\\\/\\\/fvgc.ca\\\/\"},{\"@type\":\"ListItem\",\"position\":2,\"name\":\"Le CCH souhaite la bienvenue \u00e0 la ministre Bibeau et remercie le ministre MacAulay pour le soutien qu\u2019il a accord\u00e9 au secteur horticole canadien\"}]},{\"@type\":\"WebSite\",\"@id\":\"https:\\\/\\\/fvgc.ca\\\/#website\",\"url\":\"https:\\\/\\\/fvgc.ca\\\/\",\"name\":\"FVGC\",\"description\":\"Representing Growers Across the Country\",\"potentialAction\":[{\"@type\":\"SearchAction\",\"target\":{\"@type\":\"EntryPoint\",\"urlTemplate\":\"https:\\\/\\\/fvgc.ca\\\/?s={search_term_string}\"},\"query-input\":{\"@type\":\"PropertyValueSpecification\",\"valueRequired\":true,\"valueName\":\"search_term_string\"}}],\"inLanguage\":\"fr-CA\"},{\"@type\":\"Person\",\"@id\":\"https:\\\/\\\/fvgc.ca\\\/#\\\/schema\\\/person\\\/5d5ec6451ef7dc9293fb481d46af0c11\",\"name\":\"Ashley Peyrard\",\"url\":\"https:\\\/\\\/fvgc.ca\\\/fr\\\/author\\\/fruit-and-vegetable-growers-of-canada\\\/\"}]}<\/script>\n<!-- \/ Yoast SEO plugin. -->","yoast_head_json":{"title":"Le CCH souhaite la bienvenue \u00e0 la ministre Bibeau et remercie le ministre MacAulay pour le soutien qu\u2019il a accord\u00e9 au secteur horticole canadien - FVGC","robots":{"index":"index","follow":"follow","max-snippet":"max-snippet:-1","max-image-preview":"max-image-preview:large","max-video-preview":"max-video-preview:-1"},"canonical":"https:\/\/fvgc.ca\/fr\/2019\/03\/01\/le-cch-souhaite-la-bienvenue-a-la-ministre-bibeau-et-remercie-le-ministre-macaulay-pour-le-soutien-quil-a-accorde-au-secteur-horticole-canadien\/","og_locale":"fr_CA","og_type":"article","og_title":"Le CCH souhaite la bienvenue \u00e0 la ministre Bibeau et remercie le ministre MacAulay pour le soutien qu\u2019il a accord\u00e9 au secteur horticole canadien - FVGC","og_description":"Le Conseil canadien de l\u2019horticulture (CCH) f\u00e9licite la ministre Marie-Claude Bibeau pour sa r\u00e9cente nomination \u00e0 titre de ministre d\u2019Agriculture et Agroalimentaire Canada. Le CCH a h\u00e2te de travailler avec la ministre et son personnel sur les enjeux tr\u00e8s importants pour les producteurs de fruits et l\u00e9gumes canadiens, y compris la protection des cultures, l\u2019acc\u00e8s [&hellip;]","og_url":"https:\/\/fvgc.ca\/fr\/2019\/03\/01\/le-cch-souhaite-la-bienvenue-a-la-ministre-bibeau-et-remercie-le-ministre-macaulay-pour-le-soutien-quil-a-accorde-au-secteur-horticole-canadien\/","og_site_name":"FVGC","article_published_time":"2019-03-01T20:08:20+00:00","author":"Ashley Peyrard","twitter_card":"summary_large_image","twitter_misc":{"\u00c9crit par":"Ashley Peyrard","Estimation du temps de lecture":"1 minute"},"schema":{"@context":"https:\/\/schema.org","@graph":[{"@type":"Article","@id":"https:\/\/fvgc.ca\/en\/2019\/03\/01\/le-cch-souhaite-la-bienvenue-a-la-ministre-bibeau-et-remercie-le-ministre-macaulay-pour-le-soutien-quil-a-accorde-au-secteur-horticole-canadien\/#article","isPartOf":{"@id":"https:\/\/fvgc.ca\/en\/2019\/03\/01\/le-cch-souhaite-la-bienvenue-a-la-ministre-bibeau-et-remercie-le-ministre-macaulay-pour-le-soutien-quil-a-accorde-au-secteur-horticole-canadien\/"},"author":{"name":"Ashley Peyrard","@id":"https:\/\/fvgc.ca\/#\/schema\/person\/5d5ec6451ef7dc9293fb481d46af0c11"},"headline":"Le CCH souhaite la bienvenue \u00e0 la ministre Bibeau et remercie le ministre MacAulay pour le soutien qu\u2019il a accord\u00e9 au secteur horticole canadien","datePublished":"2019-03-01T20:08:20+00:00","mainEntityOfPage":{"@id":"https:\/\/fvgc.ca\/en\/2019\/03\/01\/le-cch-souhaite-la-bienvenue-a-la-ministre-bibeau-et-remercie-le-ministre-macaulay-pour-le-soutien-quil-a-accorde-au-secteur-horticole-canadien\/"},"wordCount":235,"image":{"@id":"https:\/\/fvgc.ca\/en\/2019\/03\/01\/le-cch-souhaite-la-bienvenue-a-la-ministre-bibeau-et-remercie-le-ministre-macaulay-pour-le-soutien-quil-a-accorde-au-secteur-horticole-canadien\/#primaryimage"},"thumbnailUrl":"","articleSection":["Actualit\u00e9s"],"inLanguage":"fr-CA"},{"@type":"WebPage","@id":"https:\/\/fvgc.ca\/en\/2019\/03\/01\/le-cch-souhaite-la-bienvenue-a-la-ministre-bibeau-et-remercie-le-ministre-macaulay-pour-le-soutien-quil-a-accorde-au-secteur-horticole-canadien\/","url":"https:\/\/fvgc.ca\/en\/2019\/03\/01\/le-cch-souhaite-la-bienvenue-a-la-ministre-bibeau-et-remercie-le-ministre-macaulay-pour-le-soutien-quil-a-accorde-au-secteur-horticole-canadien\/","name":"Le CCH souhaite la bienvenue \u00e0 la ministre Bibeau et remercie le ministre MacAulay pour le soutien qu\u2019il a accord\u00e9 au secteur horticole canadien - FVGC","isPartOf":{"@id":"https:\/\/fvgc.ca\/#website"},"primaryImageOfPage":{"@id":"https:\/\/fvgc.ca\/en\/2019\/03\/01\/le-cch-souhaite-la-bienvenue-a-la-ministre-bibeau-et-remercie-le-ministre-macaulay-pour-le-soutien-quil-a-accorde-au-secteur-horticole-canadien\/#primaryimage"},"image":{"@id":"https:\/\/fvgc.ca\/en\/2019\/03\/01\/le-cch-souhaite-la-bienvenue-a-la-ministre-bibeau-et-remercie-le-ministre-macaulay-pour-le-soutien-quil-a-accorde-au-secteur-horticole-canadien\/#primaryimage"},"thumbnailUrl":"","datePublished":"2019-03-01T20:08:20+00:00","author":{"@id":"https:\/\/fvgc.ca\/#\/schema\/person\/5d5ec6451ef7dc9293fb481d46af0c11"},"breadcrumb":{"@id":"https:\/\/fvgc.ca\/en\/2019\/03\/01\/le-cch-souhaite-la-bienvenue-a-la-ministre-bibeau-et-remercie-le-ministre-macaulay-pour-le-soutien-quil-a-accorde-au-secteur-horticole-canadien\/#breadcrumb"},"inLanguage":"fr-CA","potentialAction":[{"@type":"ReadAction","target":["https:\/\/fvgc.ca\/en\/2019\/03\/01\/le-cch-souhaite-la-bienvenue-a-la-ministre-bibeau-et-remercie-le-ministre-macaulay-pour-le-soutien-quil-a-accorde-au-secteur-horticole-canadien\/"]}]},{"@type":"ImageObject","inLanguage":"fr-CA","@id":"https:\/\/fvgc.ca\/en\/2019\/03\/01\/le-cch-souhaite-la-bienvenue-a-la-ministre-bibeau-et-remercie-le-ministre-macaulay-pour-le-soutien-quil-a-accorde-au-secteur-horticole-canadien\/#primaryimage","url":"","contentUrl":""},{"@type":"BreadcrumbList","@id":"https:\/\/fvgc.ca\/en\/2019\/03\/01\/le-cch-souhaite-la-bienvenue-a-la-ministre-bibeau-et-remercie-le-ministre-macaulay-pour-le-soutien-quil-a-accorde-au-secteur-horticole-canadien\/#breadcrumb","itemListElement":[{"@type":"ListItem","position":1,"name":"Home","item":"https:\/\/fvgc.ca\/"},{"@type":"ListItem","position":2,"name":"Le CCH souhaite la bienvenue \u00e0 la ministre Bibeau et remercie le ministre MacAulay pour le soutien qu\u2019il a accord\u00e9 au secteur horticole canadien"}]},{"@type":"WebSite","@id":"https:\/\/fvgc.ca\/#website","url":"https:\/\/fvgc.ca\/","name":"FVGC","description":"Representing Growers Across the Country","potentialAction":[{"@type":"SearchAction","target":{"@type":"EntryPoint","urlTemplate":"https:\/\/fvgc.ca\/?s={search_term_string}"},"query-input":{"@type":"PropertyValueSpecification","valueRequired":true,"valueName":"search_term_string"}}],"inLanguage":"fr-CA"},{"@type":"Person","@id":"https:\/\/fvgc.ca\/#\/schema\/person\/5d5ec6451ef7dc9293fb481d46af0c11","name":"Ashley Peyrard","url":"https:\/\/fvgc.ca\/fr\/author\/fruit-and-vegetable-growers-of-canada\/"}]}},"jetpack_featured_media_url":"","_links":{"self":[{"href":"https:\/\/fvgc.ca\/fr\/wp-json\/wp\/v2\/posts\/27776","targetHints":{"allow":["GET"]}}],"collection":[{"href":"https:\/\/fvgc.ca\/fr\/wp-json\/wp\/v2\/posts"}],"about":[{"href":"https:\/\/fvgc.ca\/fr\/wp-json\/wp\/v2\/types\/post"}],"author":[{"embeddable":true,"href":"https:\/\/fvgc.ca\/fr\/wp-json\/wp\/v2\/users\/5"}],"replies":[{"embeddable":true,"href":"https:\/\/fvgc.ca\/fr\/wp-json\/wp\/v2\/comments?post=27776"}],"version-history":[{"count":0,"href":"https:\/\/fvgc.ca\/fr\/wp-json\/wp\/v2\/posts\/27776\/revisions"}],"wp:featuredmedia":[{"embeddable":true,"href":"https:\/\/fvgc.ca\/fr\/wp-json\/"}],"wp:attachment":[{"href":"https:\/\/fvgc.ca\/fr\/wp-json\/wp\/v2\/media?parent=27776"}],"wp:term":[{"taxonomy":"category","embeddable":true,"href":"https:\/\/fvgc.ca\/fr\/wp-json\/wp\/v2\/categories?post=27776"},{"taxonomy":"post_tag","embeddable":true,"href":"https:\/\/fvgc.ca\/fr\/wp-json\/wp\/v2\/tags?post=27776"}],"curies":[{"name":"wp","href":"https:\/\/api.w.org\/{rel}","templated":true}]}}