{"id":27591,"date":"2019-02-21T10:43:05","date_gmt":"2019-02-21T15:43:05","guid":{"rendered":"https:\/\/www.hortcouncil.ca\/?p=27591"},"modified":"2019-02-21T10:43:05","modified_gmt":"2019-02-21T15:43:05","slug":"les-producteurs-maraichers-et-les-fruiticulteurs-de-lontario-ont-un-nouveau-president-et-vice-president","status":"publish","type":"post","link":"https:\/\/fvgc.ca\/fr\/2019\/02\/21\/les-producteurs-maraichers-et-les-fruiticulteurs-de-lontario-ont-un-nouveau-president-et-vice-president\/","title":{"rendered":"Les producteurs de fruits et l\u00e9gumes de l\u2019Ontario ont un nouveau pr\u00e9sident et vice-pr\u00e9sident"},"content":{"rendered":"<p>Le viticulteur Bill George Jr. a \u00e9t\u00e9 \u00e9lu \u00e0 titre de nouveau pr\u00e9sident de l\u2019Ontario Fruit and Vegetable Growers\u2019 Association (OFVGA) lors de la\u00a0160<sup>e<\/sup>\u00a0assembl\u00e9e g\u00e9n\u00e9rale annuelle du\u00a019\u00a0f\u00e9vrier\u00a02019. Monsieur George a d\u2019abord occup\u00e9 le poste de vice-pr\u00e9sident pendant deux ans. Il reprendra le flambeau du serriculteur Jan VanderHout, qui occupait le poste de pr\u00e9sident en\u00a02017. Le pomiculteur Charles Stevens est le nouveau vice-pr\u00e9sident de l\u2019OFVGA.<\/p>\n<p>\u00ab\u00a0Je suis impatient de travailler avec le conseil d\u2019administration et le personnel de l\u2019OFVGA, nous avons de l\u2019expertise dans tous les domaines \u00e0 la fois autour de la table et dans notre \u00e9quipe. C\u2019est en partie mon r\u00f4le d\u2019aider \u00e0 amener cette expertise \u00e0 l\u2019avant-sc\u00e8ne afin d\u2019influencer les politiques au nom des producteurs\u00a0\u00bb, dit\u00a0M.\u00a0George.<\/p>\n<p>Monsieur\u00a0George et sa femme, Lesliann, cultivent\u00a0160\u00a0acres de vignes viticoles dans la r\u00e9gion de Niagara. Ils r\u00e9coltent le jus et le transforment en vin de glace; leur ferme appartient \u00e0 la famille depuis\u00a01796. Il est dipl\u00f4m\u00e9 de l\u2019Universit\u00e9 de Guelph, o\u00f9 il a \u00e9tudi\u00e9 l\u2019horticulture. En\u00a02001, il a re\u00e7u l\u2019honneur d\u2019\u00eatre \u00e9lu \u00ab\u00a0roi du raisin\u00a0\u00bb, un titre accord\u00e9 au m\u00e9rite sur la gestion de vignobles et la connaissance de l\u2019industrie.<\/p>\n<p>En\u00a01995, il s\u2019est joint au conseil d\u2019administration de l&#8217;association Grape Growers of Ontario en tant que directeur, puis \u00e0 titre de vice-pr\u00e9sident. Il a ensuite \u00e9t\u00e9 le pr\u00e9sident de l\u2019association pendant\u00a0neuf ans. George est devenu le directeur du conseil d\u2019administration de l\u2019OFVGA en\u00a02015; et il a \u00e9t\u00e9 \u00e9lu vice-pr\u00e9sident en\u00a02017. Il repr\u00e9sente \u00e9galement actuellement l\u2019Ontario au sein du Conseil canadien de l\u2019horticulture.<\/p>\n<p>\u00ab\u00a0L\u2019OFVGA travaille pour les producteurs sur une vaste gamme d\u2019enjeux, mais il ne fait nul doute que la protection des cultures et la main-d\u2019\u0153uvre seront des enjeux importants pour nous cette ann\u00e9e\u00a0\u00bb; ajoute M.\u00a0George.<\/p>\n<p>L&#8217;Ontario Fruit and Vegetable Growers\u2019 Association est la voix des producteurs de l\u00e9gumes et de fruits de l\u2019Ontario sur les enjeux touchant le secteur horticole. Visitez le <a href=\"http:\/\/www.ofvga.org\">www.ofvga.org<\/a>.<\/p>","protected":false},"excerpt":{"rendered":"<p>Le viticulteur Bill George Jr. a \u00e9t\u00e9 \u00e9lu \u00e0 titre de nouveau pr\u00e9sident de l\u2019Ontario Fruit and Vegetable Growers\u2019 Association (OFVGA) lors de la\u00a0160e\u00a0assembl\u00e9e g\u00e9n\u00e9rale annuelle du\u00a019\u00a0f\u00e9vrier\u00a02019. Monsieur George a d\u2019abord occup\u00e9 le poste de vice-pr\u00e9sident pendant deux ans. Il reprendra le flambeau du serriculteur Jan VanderHout, qui occupait le poste de pr\u00e9sident en\u00a02017. Le [&hellip;]<\/p>\n","protected":false},"author":5,"featured_media":27589,"comment_status":"closed","ping_status":"open","sticky":false,"template":"","format":"standard","meta":{"_et_pb_use_builder":"","_et_pb_old_content":"","_et_gb_content_width":"","footnotes":""},"categories":[23],"tags":[],"class_list":["post-27591","post","type-post","status-publish","format-standard","has-post-thumbnail","hentry","category-actualites"],"yoast_head":"<!-- This site is optimized with the Yoast SEO plugin v27.4 - https:\/\/yoast.com\/product\/yoast-seo-wordpress\/ -->\n<title>Les producteurs de fruits et l\u00e9gumes de l\u2019Ontario ont un nouveau pr\u00e9sident et vice-pr\u00e9sident - FVGC<\/title>\n<meta name=\"robots\" content=\"index, follow, max-snippet:-1, max-image-preview:large, max-video-preview:-1\" \/>\n<link rel=\"canonical\" href=\"https:\/\/fvgc.ca\/fr\/2019\/02\/21\/les-producteurs-maraichers-et-les-fruiticulteurs-de-lontario-ont-un-nouveau-president-et-vice-president\/\" \/>\n<meta property=\"og:locale\" content=\"fr_CA\" \/>\n<meta property=\"og:type\" content=\"article\" \/>\n<meta property=\"og:title\" content=\"Les producteurs de fruits et l\u00e9gumes de l\u2019Ontario ont un nouveau pr\u00e9sident et vice-pr\u00e9sident - FVGC\" \/>\n<meta property=\"og:description\" content=\"Le viticulteur Bill George Jr. a \u00e9t\u00e9 \u00e9lu \u00e0 titre de nouveau pr\u00e9sident de l\u2019Ontario Fruit and Vegetable Growers\u2019 Association (OFVGA) lors de la\u00a0160e\u00a0assembl\u00e9e g\u00e9n\u00e9rale annuelle du\u00a019\u00a0f\u00e9vrier\u00a02019. Monsieur George a d\u2019abord occup\u00e9 le poste de vice-pr\u00e9sident pendant deux ans. Il reprendra le flambeau du serriculteur Jan VanderHout, qui occupait le poste de pr\u00e9sident en\u00a02017. Le [&hellip;]\" \/>\n<meta property=\"og:url\" content=\"https:\/\/fvgc.ca\/fr\/2019\/02\/21\/les-producteurs-maraichers-et-les-fruiticulteurs-de-lontario-ont-un-nouveau-president-et-vice-president\/\" \/>\n<meta property=\"og:site_name\" content=\"FVGC\" \/>\n<meta property=\"article:published_time\" content=\"2019-02-21T15:43:05+00:00\" \/>\n<meta name=\"author\" content=\"Ashley Peyrard\" \/>\n<meta name=\"twitter:card\" content=\"summary_large_image\" \/>\n<meta name=\"twitter:label1\" content=\"\u00c9crit par\" \/>\n\t<meta name=\"twitter:data1\" content=\"Ashley Peyrard\" \/>\n\t<meta name=\"twitter:label2\" content=\"Estimation du temps de lecture\" \/>\n\t<meta name=\"twitter:data2\" content=\"2 minutes\" \/>\n<script type=\"application\/ld+json\" class=\"yoast-schema-graph\">{\"@context\":\"https:\\\/\\\/schema.org\",\"@graph\":[{\"@type\":\"Article\",\"@id\":\"https:\\\/\\\/fvgc.ca\\\/en\\\/2019\\\/02\\\/21\\\/les-producteurs-maraichers-et-les-fruiticulteurs-de-lontario-ont-un-nouveau-president-et-vice-president\\\/#article\",\"isPartOf\":{\"@id\":\"https:\\\/\\\/fvgc.ca\\\/en\\\/2019\\\/02\\\/21\\\/les-producteurs-maraichers-et-les-fruiticulteurs-de-lontario-ont-un-nouveau-president-et-vice-president\\\/\"},\"author\":{\"name\":\"Ashley Peyrard\",\"@id\":\"https:\\\/\\\/fvgc.ca\\\/#\\\/schema\\\/person\\\/5d5ec6451ef7dc9293fb481d46af0c11\"},\"headline\":\"Les producteurs de fruits et l\u00e9gumes de l\u2019Ontario ont un nouveau pr\u00e9sident et vice-pr\u00e9sident\",\"datePublished\":\"2019-02-21T15:43:05+00:00\",\"mainEntityOfPage\":{\"@id\":\"https:\\\/\\\/fvgc.ca\\\/en\\\/2019\\\/02\\\/21\\\/les-producteurs-maraichers-et-les-fruiticulteurs-de-lontario-ont-un-nouveau-president-et-vice-president\\\/\"},\"wordCount\":383,\"image\":{\"@id\":\"https:\\\/\\\/fvgc.ca\\\/en\\\/2019\\\/02\\\/21\\\/les-producteurs-maraichers-et-les-fruiticulteurs-de-lontario-ont-un-nouveau-president-et-vice-president\\\/#primaryimage\"},\"thumbnailUrl\":\"\",\"articleSection\":[\"Actualit\u00e9s\"],\"inLanguage\":\"fr-CA\"},{\"@type\":\"WebPage\",\"@id\":\"https:\\\/\\\/fvgc.ca\\\/en\\\/2019\\\/02\\\/21\\\/les-producteurs-maraichers-et-les-fruiticulteurs-de-lontario-ont-un-nouveau-president-et-vice-president\\\/\",\"url\":\"https:\\\/\\\/fvgc.ca\\\/en\\\/2019\\\/02\\\/21\\\/les-producteurs-maraichers-et-les-fruiticulteurs-de-lontario-ont-un-nouveau-president-et-vice-president\\\/\",\"name\":\"Les producteurs de fruits et l\u00e9gumes de l\u2019Ontario ont un nouveau pr\u00e9sident et vice-pr\u00e9sident - FVGC\",\"isPartOf\":{\"@id\":\"https:\\\/\\\/fvgc.ca\\\/#website\"},\"primaryImageOfPage\":{\"@id\":\"https:\\\/\\\/fvgc.ca\\\/en\\\/2019\\\/02\\\/21\\\/les-producteurs-maraichers-et-les-fruiticulteurs-de-lontario-ont-un-nouveau-president-et-vice-president\\\/#primaryimage\"},\"image\":{\"@id\":\"https:\\\/\\\/fvgc.ca\\\/en\\\/2019\\\/02\\\/21\\\/les-producteurs-maraichers-et-les-fruiticulteurs-de-lontario-ont-un-nouveau-president-et-vice-president\\\/#primaryimage\"},\"thumbnailUrl\":\"\",\"datePublished\":\"2019-02-21T15:43:05+00:00\",\"author\":{\"@id\":\"https:\\\/\\\/fvgc.ca\\\/#\\\/schema\\\/person\\\/5d5ec6451ef7dc9293fb481d46af0c11\"},\"breadcrumb\":{\"@id\":\"https:\\\/\\\/fvgc.ca\\\/en\\\/2019\\\/02\\\/21\\\/les-producteurs-maraichers-et-les-fruiticulteurs-de-lontario-ont-un-nouveau-president-et-vice-president\\\/#breadcrumb\"},\"inLanguage\":\"fr-CA\",\"potentialAction\":[{\"@type\":\"ReadAction\",\"target\":[\"https:\\\/\\\/fvgc.ca\\\/en\\\/2019\\\/02\\\/21\\\/les-producteurs-maraichers-et-les-fruiticulteurs-de-lontario-ont-un-nouveau-president-et-vice-president\\\/\"]}]},{\"@type\":\"ImageObject\",\"inLanguage\":\"fr-CA\",\"@id\":\"https:\\\/\\\/fvgc.ca\\\/en\\\/2019\\\/02\\\/21\\\/les-producteurs-maraichers-et-les-fruiticulteurs-de-lontario-ont-un-nouveau-president-et-vice-president\\\/#primaryimage\",\"url\":\"\",\"contentUrl\":\"\"},{\"@type\":\"BreadcrumbList\",\"@id\":\"https:\\\/\\\/fvgc.ca\\\/en\\\/2019\\\/02\\\/21\\\/les-producteurs-maraichers-et-les-fruiticulteurs-de-lontario-ont-un-nouveau-president-et-vice-president\\\/#breadcrumb\",\"itemListElement\":[{\"@type\":\"ListItem\",\"position\":1,\"name\":\"Home\",\"item\":\"https:\\\/\\\/fvgc.ca\\\/\"},{\"@type\":\"ListItem\",\"position\":2,\"name\":\"Les producteurs de fruits et l\u00e9gumes de l\u2019Ontario ont un nouveau pr\u00e9sident et vice-pr\u00e9sident\"}]},{\"@type\":\"WebSite\",\"@id\":\"https:\\\/\\\/fvgc.ca\\\/#website\",\"url\":\"https:\\\/\\\/fvgc.ca\\\/\",\"name\":\"FVGC\",\"description\":\"Representing Growers Across the Country\",\"potentialAction\":[{\"@type\":\"SearchAction\",\"target\":{\"@type\":\"EntryPoint\",\"urlTemplate\":\"https:\\\/\\\/fvgc.ca\\\/?s={search_term_string}\"},\"query-input\":{\"@type\":\"PropertyValueSpecification\",\"valueRequired\":true,\"valueName\":\"search_term_string\"}}],\"inLanguage\":\"fr-CA\"},{\"@type\":\"Person\",\"@id\":\"https:\\\/\\\/fvgc.ca\\\/#\\\/schema\\\/person\\\/5d5ec6451ef7dc9293fb481d46af0c11\",\"name\":\"Ashley Peyrard\",\"url\":\"https:\\\/\\\/fvgc.ca\\\/fr\\\/author\\\/fruit-and-vegetable-growers-of-canada\\\/\"}]}<\/script>\n<!-- \/ Yoast SEO plugin. -->","yoast_head_json":{"title":"Les producteurs de fruits et l\u00e9gumes de l\u2019Ontario ont un nouveau pr\u00e9sident et vice-pr\u00e9sident - FVGC","robots":{"index":"index","follow":"follow","max-snippet":"max-snippet:-1","max-image-preview":"max-image-preview:large","max-video-preview":"max-video-preview:-1"},"canonical":"https:\/\/fvgc.ca\/fr\/2019\/02\/21\/les-producteurs-maraichers-et-les-fruiticulteurs-de-lontario-ont-un-nouveau-president-et-vice-president\/","og_locale":"fr_CA","og_type":"article","og_title":"Les producteurs de fruits et l\u00e9gumes de l\u2019Ontario ont un nouveau pr\u00e9sident et vice-pr\u00e9sident - FVGC","og_description":"Le viticulteur Bill George Jr. a \u00e9t\u00e9 \u00e9lu \u00e0 titre de nouveau pr\u00e9sident de l\u2019Ontario Fruit and Vegetable Growers\u2019 Association (OFVGA) lors de la\u00a0160e\u00a0assembl\u00e9e g\u00e9n\u00e9rale annuelle du\u00a019\u00a0f\u00e9vrier\u00a02019. Monsieur George a d\u2019abord occup\u00e9 le poste de vice-pr\u00e9sident pendant deux ans. Il reprendra le flambeau du serriculteur Jan VanderHout, qui occupait le poste de pr\u00e9sident en\u00a02017. Le [&hellip;]","og_url":"https:\/\/fvgc.ca\/fr\/2019\/02\/21\/les-producteurs-maraichers-et-les-fruiticulteurs-de-lontario-ont-un-nouveau-president-et-vice-president\/","og_site_name":"FVGC","article_published_time":"2019-02-21T15:43:05+00:00","author":"Ashley Peyrard","twitter_card":"summary_large_image","twitter_misc":{"\u00c9crit par":"Ashley Peyrard","Estimation du temps de lecture":"2 minutes"},"schema":{"@context":"https:\/\/schema.org","@graph":[{"@type":"Article","@id":"https:\/\/fvgc.ca\/en\/2019\/02\/21\/les-producteurs-maraichers-et-les-fruiticulteurs-de-lontario-ont-un-nouveau-president-et-vice-president\/#article","isPartOf":{"@id":"https:\/\/fvgc.ca\/en\/2019\/02\/21\/les-producteurs-maraichers-et-les-fruiticulteurs-de-lontario-ont-un-nouveau-president-et-vice-president\/"},"author":{"name":"Ashley Peyrard","@id":"https:\/\/fvgc.ca\/#\/schema\/person\/5d5ec6451ef7dc9293fb481d46af0c11"},"headline":"Les producteurs de fruits et l\u00e9gumes de l\u2019Ontario ont un nouveau pr\u00e9sident et vice-pr\u00e9sident","datePublished":"2019-02-21T15:43:05+00:00","mainEntityOfPage":{"@id":"https:\/\/fvgc.ca\/en\/2019\/02\/21\/les-producteurs-maraichers-et-les-fruiticulteurs-de-lontario-ont-un-nouveau-president-et-vice-president\/"},"wordCount":383,"image":{"@id":"https:\/\/fvgc.ca\/en\/2019\/02\/21\/les-producteurs-maraichers-et-les-fruiticulteurs-de-lontario-ont-un-nouveau-president-et-vice-president\/#primaryimage"},"thumbnailUrl":"","articleSection":["Actualit\u00e9s"],"inLanguage":"fr-CA"},{"@type":"WebPage","@id":"https:\/\/fvgc.ca\/en\/2019\/02\/21\/les-producteurs-maraichers-et-les-fruiticulteurs-de-lontario-ont-un-nouveau-president-et-vice-president\/","url":"https:\/\/fvgc.ca\/en\/2019\/02\/21\/les-producteurs-maraichers-et-les-fruiticulteurs-de-lontario-ont-un-nouveau-president-et-vice-president\/","name":"Les producteurs de fruits et l\u00e9gumes de l\u2019Ontario ont un nouveau pr\u00e9sident et vice-pr\u00e9sident - FVGC","isPartOf":{"@id":"https:\/\/fvgc.ca\/#website"},"primaryImageOfPage":{"@id":"https:\/\/fvgc.ca\/en\/2019\/02\/21\/les-producteurs-maraichers-et-les-fruiticulteurs-de-lontario-ont-un-nouveau-president-et-vice-president\/#primaryimage"},"image":{"@id":"https:\/\/fvgc.ca\/en\/2019\/02\/21\/les-producteurs-maraichers-et-les-fruiticulteurs-de-lontario-ont-un-nouveau-president-et-vice-president\/#primaryimage"},"thumbnailUrl":"","datePublished":"2019-02-21T15:43:05+00:00","author":{"@id":"https:\/\/fvgc.ca\/#\/schema\/person\/5d5ec6451ef7dc9293fb481d46af0c11"},"breadcrumb":{"@id":"https:\/\/fvgc.ca\/en\/2019\/02\/21\/les-producteurs-maraichers-et-les-fruiticulteurs-de-lontario-ont-un-nouveau-president-et-vice-president\/#breadcrumb"},"inLanguage":"fr-CA","potentialAction":[{"@type":"ReadAction","target":["https:\/\/fvgc.ca\/en\/2019\/02\/21\/les-producteurs-maraichers-et-les-fruiticulteurs-de-lontario-ont-un-nouveau-president-et-vice-president\/"]}]},{"@type":"ImageObject","inLanguage":"fr-CA","@id":"https:\/\/fvgc.ca\/en\/2019\/02\/21\/les-producteurs-maraichers-et-les-fruiticulteurs-de-lontario-ont-un-nouveau-president-et-vice-president\/#primaryimage","url":"","contentUrl":""},{"@type":"BreadcrumbList","@id":"https:\/\/fvgc.ca\/en\/2019\/02\/21\/les-producteurs-maraichers-et-les-fruiticulteurs-de-lontario-ont-un-nouveau-president-et-vice-president\/#breadcrumb","itemListElement":[{"@type":"ListItem","position":1,"name":"Home","item":"https:\/\/fvgc.ca\/"},{"@type":"ListItem","position":2,"name":"Les producteurs de fruits et l\u00e9gumes de l\u2019Ontario ont un nouveau pr\u00e9sident et vice-pr\u00e9sident"}]},{"@type":"WebSite","@id":"https:\/\/fvgc.ca\/#website","url":"https:\/\/fvgc.ca\/","name":"FVGC","description":"Representing Growers Across the Country","potentialAction":[{"@type":"SearchAction","target":{"@type":"EntryPoint","urlTemplate":"https:\/\/fvgc.ca\/?s={search_term_string}"},"query-input":{"@type":"PropertyValueSpecification","valueRequired":true,"valueName":"search_term_string"}}],"inLanguage":"fr-CA"},{"@type":"Person","@id":"https:\/\/fvgc.ca\/#\/schema\/person\/5d5ec6451ef7dc9293fb481d46af0c11","name":"Ashley Peyrard","url":"https:\/\/fvgc.ca\/fr\/author\/fruit-and-vegetable-growers-of-canada\/"}]}},"jetpack_featured_media_url":"","_links":{"self":[{"href":"https:\/\/fvgc.ca\/fr\/wp-json\/wp\/v2\/posts\/27591","targetHints":{"allow":["GET"]}}],"collection":[{"href":"https:\/\/fvgc.ca\/fr\/wp-json\/wp\/v2\/posts"}],"about":[{"href":"https:\/\/fvgc.ca\/fr\/wp-json\/wp\/v2\/types\/post"}],"author":[{"embeddable":true,"href":"https:\/\/fvgc.ca\/fr\/wp-json\/wp\/v2\/users\/5"}],"replies":[{"embeddable":true,"href":"https:\/\/fvgc.ca\/fr\/wp-json\/wp\/v2\/comments?post=27591"}],"version-history":[{"count":0,"href":"https:\/\/fvgc.ca\/fr\/wp-json\/wp\/v2\/posts\/27591\/revisions"}],"wp:featuredmedia":[{"embeddable":true,"href":"https:\/\/fvgc.ca\/fr\/wp-json\/"}],"wp:attachment":[{"href":"https:\/\/fvgc.ca\/fr\/wp-json\/wp\/v2\/media?parent=27591"}],"wp:term":[{"taxonomy":"category","embeddable":true,"href":"https:\/\/fvgc.ca\/fr\/wp-json\/wp\/v2\/categories?post=27591"},{"taxonomy":"post_tag","embeddable":true,"href":"https:\/\/fvgc.ca\/fr\/wp-json\/wp\/v2\/tags?post=27591"}],"curies":[{"name":"wp","href":"https:\/\/api.w.org\/{rel}","templated":true}]}}