{"id":27257,"date":"2019-01-25T09:22:21","date_gmt":"2019-01-25T14:22:21","guid":{"rendered":"https:\/\/www.hortcouncil.ca\/?p=27257"},"modified":"2019-01-25T09:22:21","modified_gmt":"2019-01-25T14:22:21","slug":"le-cch-felicite-le-gouvernement-pour-sa-reconnaissance-de-limportance-des-fruits-et-des-legumes-dans-le-nouveau-guide-alimentaire-canadien","status":"publish","type":"post","link":"https:\/\/fvgc.ca\/fr\/2019\/01\/25\/le-cch-felicite-le-gouvernement-pour-sa-reconnaissance-de-limportance-des-fruits-et-des-legumes-dans-le-nouveau-guide-alimentaire-canadien\/","title":{"rendered":"Le CCH f\u00e9licite le gouvernement pour sa reconnaissance de l\u2019importance des fruits et des l\u00e9gumes dans le nouveau Guide alimentaire canadien"},"content":{"rendered":"<p>En tant que porte-parole des producteurs canadiens de fruits et de l\u00e9gumes, nous sommes extr\u00eamement ravis que le nouveau Guide alimentaire canadien adresse d\u00e9sormais un message aussi clair aux Canadiens\u00a0: les l\u00e9gumes et les fruits devraient occuper la moiti\u00e9 de votre assiette.<\/p>\n<p>Un r\u00e9gime alimentaire \u00e9quilibr\u00e9 riche en fruits et en l\u00e9gumes est \u00e0 la fois la pierre angulaire d\u2019une bonne sant\u00e9, mais \u00e9galement un m\u00e9canisme de d\u00e9fense important contre les maladies chroniques. Plus de\u00a080\u00a0% des Canadiens ne consomment pas la quantit\u00e9 quotidienne recommand\u00e9e de fruits et de l\u00e9gumes, ce qui engendre un fardeau \u00e9conomique s\u2019\u00e9levant \u00e0\u00a04,4\u00a0milliards de\u00a0$ en co\u00fbts directs et indirects (H. Kruger &amp; Associates, 2016). Le CCH accueille favorablement les recommandations du nouveau Guide alimentaire canadien, lesquelles permettent de r\u00e9pondre \u00e0 certaines de ces pr\u00e9occupations.<\/p>\n<p>\u00ab\u00a0J\u2019aimerais remercier la ministre Petitpas Taylor et tous les gens qui ont travaill\u00e9 \u00e0 ce dossier au fil des ans\u00a0\u00bb, dit Rebecca Lee, directrice g\u00e9n\u00e9rale du Conseil canadien de l\u2019horticulture. \u00ab\u00a0C\u2019est une tr\u00e8s grande r\u00e9alisation. N\u2019oublions pas de souligner le travail acharn\u00e9 des producteurs canadiens de fruits et de l\u00e9gumes alors que nous f\u00eatons cette nouvelle. Nous continuerons de nous adresser au gouvernement f\u00e9d\u00e9ral pour augmenter l\u2019accessibilit\u00e9 aux fruits et aux l\u00e9gumes de qualit\u00e9 dans toutes les collectivit\u00e9s; pour encourager la consommation de produits canadiens; et pour soutenir la croissance de notre secteur, afin que les agriculteurs puissent continuer \u00e0 offrir des produits s\u00e9curitaires et hautement nutritifs aux prochaines g\u00e9n\u00e9rations.\u00a0\u00bb<\/p>","protected":false},"excerpt":{"rendered":"<p>En tant que porte-parole des producteurs canadiens de fruits et de l\u00e9gumes, nous sommes extr\u00eamement ravis que le nouveau Guide alimentaire canadien adresse d\u00e9sormais un message aussi clair aux Canadiens\u00a0: les l\u00e9gumes et les fruits devraient occuper la moiti\u00e9 de votre assiette. Un r\u00e9gime alimentaire \u00e9quilibr\u00e9 riche en fruits et en l\u00e9gumes est \u00e0 la [&hellip;]<\/p>\n","protected":false},"author":5,"featured_media":27255,"comment_status":"closed","ping_status":"open","sticky":false,"template":"","format":"standard","meta":{"_et_pb_use_builder":"","_et_pb_old_content":"","_et_gb_content_width":"","footnotes":""},"categories":[23],"tags":[],"class_list":["post-27257","post","type-post","status-publish","format-standard","has-post-thumbnail","hentry","category-actualites"],"yoast_head":"<!-- This site is optimized with the Yoast SEO plugin v27.4 - https:\/\/yoast.com\/product\/yoast-seo-wordpress\/ -->\n<title>Le CCH f\u00e9licite le gouvernement pour sa reconnaissance de l\u2019importance des fruits et des l\u00e9gumes dans le nouveau Guide alimentaire canadien - FVGC<\/title>\n<meta name=\"robots\" content=\"index, follow, max-snippet:-1, max-image-preview:large, max-video-preview:-1\" \/>\n<link rel=\"canonical\" href=\"https:\/\/fvgc.ca\/fr\/2019\/01\/25\/le-cch-felicite-le-gouvernement-pour-sa-reconnaissance-de-limportance-des-fruits-et-des-legumes-dans-le-nouveau-guide-alimentaire-canadien\/\" \/>\n<meta property=\"og:locale\" content=\"fr_CA\" \/>\n<meta property=\"og:type\" content=\"article\" \/>\n<meta property=\"og:title\" content=\"Le CCH f\u00e9licite le gouvernement pour sa reconnaissance de l\u2019importance des fruits et des l\u00e9gumes dans le nouveau Guide alimentaire canadien - FVGC\" \/>\n<meta property=\"og:description\" content=\"En tant que porte-parole des producteurs canadiens de fruits et de l\u00e9gumes, nous sommes extr\u00eamement ravis que le nouveau Guide alimentaire canadien adresse d\u00e9sormais un message aussi clair aux Canadiens\u00a0: les l\u00e9gumes et les fruits devraient occuper la moiti\u00e9 de votre assiette. Un r\u00e9gime alimentaire \u00e9quilibr\u00e9 riche en fruits et en l\u00e9gumes est \u00e0 la [&hellip;]\" \/>\n<meta property=\"og:url\" content=\"https:\/\/fvgc.ca\/fr\/2019\/01\/25\/le-cch-felicite-le-gouvernement-pour-sa-reconnaissance-de-limportance-des-fruits-et-des-legumes-dans-le-nouveau-guide-alimentaire-canadien\/\" \/>\n<meta property=\"og:site_name\" content=\"FVGC\" \/>\n<meta property=\"article:published_time\" content=\"2019-01-25T14:22:21+00:00\" \/>\n<meta name=\"author\" content=\"Ashley Peyrard\" \/>\n<meta name=\"twitter:card\" content=\"summary_large_image\" \/>\n<meta name=\"twitter:label1\" content=\"\u00c9crit par\" \/>\n\t<meta name=\"twitter:data1\" content=\"Ashley Peyrard\" \/>\n\t<meta name=\"twitter:label2\" content=\"Estimation du temps de lecture\" \/>\n\t<meta name=\"twitter:data2\" content=\"1 minute\" \/>\n<script type=\"application\/ld+json\" class=\"yoast-schema-graph\">{\"@context\":\"https:\\\/\\\/schema.org\",\"@graph\":[{\"@type\":\"Article\",\"@id\":\"https:\\\/\\\/fvgc.ca\\\/en\\\/2019\\\/01\\\/25\\\/le-cch-felicite-le-gouvernement-pour-sa-reconnaissance-de-limportance-des-fruits-et-des-legumes-dans-le-nouveau-guide-alimentaire-canadien\\\/#article\",\"isPartOf\":{\"@id\":\"https:\\\/\\\/fvgc.ca\\\/en\\\/2019\\\/01\\\/25\\\/le-cch-felicite-le-gouvernement-pour-sa-reconnaissance-de-limportance-des-fruits-et-des-legumes-dans-le-nouveau-guide-alimentaire-canadien\\\/\"},\"author\":{\"name\":\"Ashley Peyrard\",\"@id\":\"https:\\\/\\\/fvgc.ca\\\/#\\\/schema\\\/person\\\/5d5ec6451ef7dc9293fb481d46af0c11\"},\"headline\":\"Le CCH f\u00e9licite le gouvernement pour sa reconnaissance de l\u2019importance des fruits et des l\u00e9gumes dans le nouveau Guide alimentaire canadien\",\"datePublished\":\"2019-01-25T14:22:21+00:00\",\"mainEntityOfPage\":{\"@id\":\"https:\\\/\\\/fvgc.ca\\\/en\\\/2019\\\/01\\\/25\\\/le-cch-felicite-le-gouvernement-pour-sa-reconnaissance-de-limportance-des-fruits-et-des-legumes-dans-le-nouveau-guide-alimentaire-canadien\\\/\"},\"wordCount\":290,\"image\":{\"@id\":\"https:\\\/\\\/fvgc.ca\\\/en\\\/2019\\\/01\\\/25\\\/le-cch-felicite-le-gouvernement-pour-sa-reconnaissance-de-limportance-des-fruits-et-des-legumes-dans-le-nouveau-guide-alimentaire-canadien\\\/#primaryimage\"},\"thumbnailUrl\":\"\",\"articleSection\":[\"Actualit\u00e9s\"],\"inLanguage\":\"fr-CA\"},{\"@type\":\"WebPage\",\"@id\":\"https:\\\/\\\/fvgc.ca\\\/en\\\/2019\\\/01\\\/25\\\/le-cch-felicite-le-gouvernement-pour-sa-reconnaissance-de-limportance-des-fruits-et-des-legumes-dans-le-nouveau-guide-alimentaire-canadien\\\/\",\"url\":\"https:\\\/\\\/fvgc.ca\\\/en\\\/2019\\\/01\\\/25\\\/le-cch-felicite-le-gouvernement-pour-sa-reconnaissance-de-limportance-des-fruits-et-des-legumes-dans-le-nouveau-guide-alimentaire-canadien\\\/\",\"name\":\"Le CCH f\u00e9licite le gouvernement pour sa reconnaissance de l\u2019importance des fruits et des l\u00e9gumes dans le nouveau Guide alimentaire canadien - FVGC\",\"isPartOf\":{\"@id\":\"https:\\\/\\\/fvgc.ca\\\/#website\"},\"primaryImageOfPage\":{\"@id\":\"https:\\\/\\\/fvgc.ca\\\/en\\\/2019\\\/01\\\/25\\\/le-cch-felicite-le-gouvernement-pour-sa-reconnaissance-de-limportance-des-fruits-et-des-legumes-dans-le-nouveau-guide-alimentaire-canadien\\\/#primaryimage\"},\"image\":{\"@id\":\"https:\\\/\\\/fvgc.ca\\\/en\\\/2019\\\/01\\\/25\\\/le-cch-felicite-le-gouvernement-pour-sa-reconnaissance-de-limportance-des-fruits-et-des-legumes-dans-le-nouveau-guide-alimentaire-canadien\\\/#primaryimage\"},\"thumbnailUrl\":\"\",\"datePublished\":\"2019-01-25T14:22:21+00:00\",\"author\":{\"@id\":\"https:\\\/\\\/fvgc.ca\\\/#\\\/schema\\\/person\\\/5d5ec6451ef7dc9293fb481d46af0c11\"},\"breadcrumb\":{\"@id\":\"https:\\\/\\\/fvgc.ca\\\/en\\\/2019\\\/01\\\/25\\\/le-cch-felicite-le-gouvernement-pour-sa-reconnaissance-de-limportance-des-fruits-et-des-legumes-dans-le-nouveau-guide-alimentaire-canadien\\\/#breadcrumb\"},\"inLanguage\":\"fr-CA\",\"potentialAction\":[{\"@type\":\"ReadAction\",\"target\":[\"https:\\\/\\\/fvgc.ca\\\/en\\\/2019\\\/01\\\/25\\\/le-cch-felicite-le-gouvernement-pour-sa-reconnaissance-de-limportance-des-fruits-et-des-legumes-dans-le-nouveau-guide-alimentaire-canadien\\\/\"]}]},{\"@type\":\"ImageObject\",\"inLanguage\":\"fr-CA\",\"@id\":\"https:\\\/\\\/fvgc.ca\\\/en\\\/2019\\\/01\\\/25\\\/le-cch-felicite-le-gouvernement-pour-sa-reconnaissance-de-limportance-des-fruits-et-des-legumes-dans-le-nouveau-guide-alimentaire-canadien\\\/#primaryimage\",\"url\":\"\",\"contentUrl\":\"\"},{\"@type\":\"BreadcrumbList\",\"@id\":\"https:\\\/\\\/fvgc.ca\\\/en\\\/2019\\\/01\\\/25\\\/le-cch-felicite-le-gouvernement-pour-sa-reconnaissance-de-limportance-des-fruits-et-des-legumes-dans-le-nouveau-guide-alimentaire-canadien\\\/#breadcrumb\",\"itemListElement\":[{\"@type\":\"ListItem\",\"position\":1,\"name\":\"Home\",\"item\":\"https:\\\/\\\/fvgc.ca\\\/\"},{\"@type\":\"ListItem\",\"position\":2,\"name\":\"Le CCH f\u00e9licite le gouvernement pour sa reconnaissance de l\u2019importance des fruits et des l\u00e9gumes dans le nouveau Guide alimentaire canadien\"}]},{\"@type\":\"WebSite\",\"@id\":\"https:\\\/\\\/fvgc.ca\\\/#website\",\"url\":\"https:\\\/\\\/fvgc.ca\\\/\",\"name\":\"FVGC\",\"description\":\"Representing Growers Across the Country\",\"potentialAction\":[{\"@type\":\"SearchAction\",\"target\":{\"@type\":\"EntryPoint\",\"urlTemplate\":\"https:\\\/\\\/fvgc.ca\\\/?s={search_term_string}\"},\"query-input\":{\"@type\":\"PropertyValueSpecification\",\"valueRequired\":true,\"valueName\":\"search_term_string\"}}],\"inLanguage\":\"fr-CA\"},{\"@type\":\"Person\",\"@id\":\"https:\\\/\\\/fvgc.ca\\\/#\\\/schema\\\/person\\\/5d5ec6451ef7dc9293fb481d46af0c11\",\"name\":\"Ashley Peyrard\",\"url\":\"https:\\\/\\\/fvgc.ca\\\/fr\\\/author\\\/fruit-and-vegetable-growers-of-canada\\\/\"}]}<\/script>\n<!-- \/ Yoast SEO plugin. -->","yoast_head_json":{"title":"Le CCH f\u00e9licite le gouvernement pour sa reconnaissance de l\u2019importance des fruits et des l\u00e9gumes dans le nouveau Guide alimentaire canadien - FVGC","robots":{"index":"index","follow":"follow","max-snippet":"max-snippet:-1","max-image-preview":"max-image-preview:large","max-video-preview":"max-video-preview:-1"},"canonical":"https:\/\/fvgc.ca\/fr\/2019\/01\/25\/le-cch-felicite-le-gouvernement-pour-sa-reconnaissance-de-limportance-des-fruits-et-des-legumes-dans-le-nouveau-guide-alimentaire-canadien\/","og_locale":"fr_CA","og_type":"article","og_title":"Le CCH f\u00e9licite le gouvernement pour sa reconnaissance de l\u2019importance des fruits et des l\u00e9gumes dans le nouveau Guide alimentaire canadien - FVGC","og_description":"En tant que porte-parole des producteurs canadiens de fruits et de l\u00e9gumes, nous sommes extr\u00eamement ravis que le nouveau Guide alimentaire canadien adresse d\u00e9sormais un message aussi clair aux Canadiens\u00a0: les l\u00e9gumes et les fruits devraient occuper la moiti\u00e9 de votre assiette. Un r\u00e9gime alimentaire \u00e9quilibr\u00e9 riche en fruits et en l\u00e9gumes est \u00e0 la [&hellip;]","og_url":"https:\/\/fvgc.ca\/fr\/2019\/01\/25\/le-cch-felicite-le-gouvernement-pour-sa-reconnaissance-de-limportance-des-fruits-et-des-legumes-dans-le-nouveau-guide-alimentaire-canadien\/","og_site_name":"FVGC","article_published_time":"2019-01-25T14:22:21+00:00","author":"Ashley Peyrard","twitter_card":"summary_large_image","twitter_misc":{"\u00c9crit par":"Ashley Peyrard","Estimation du temps de lecture":"1 minute"},"schema":{"@context":"https:\/\/schema.org","@graph":[{"@type":"Article","@id":"https:\/\/fvgc.ca\/en\/2019\/01\/25\/le-cch-felicite-le-gouvernement-pour-sa-reconnaissance-de-limportance-des-fruits-et-des-legumes-dans-le-nouveau-guide-alimentaire-canadien\/#article","isPartOf":{"@id":"https:\/\/fvgc.ca\/en\/2019\/01\/25\/le-cch-felicite-le-gouvernement-pour-sa-reconnaissance-de-limportance-des-fruits-et-des-legumes-dans-le-nouveau-guide-alimentaire-canadien\/"},"author":{"name":"Ashley Peyrard","@id":"https:\/\/fvgc.ca\/#\/schema\/person\/5d5ec6451ef7dc9293fb481d46af0c11"},"headline":"Le CCH f\u00e9licite le gouvernement pour sa reconnaissance de l\u2019importance des fruits et des l\u00e9gumes dans le nouveau Guide alimentaire canadien","datePublished":"2019-01-25T14:22:21+00:00","mainEntityOfPage":{"@id":"https:\/\/fvgc.ca\/en\/2019\/01\/25\/le-cch-felicite-le-gouvernement-pour-sa-reconnaissance-de-limportance-des-fruits-et-des-legumes-dans-le-nouveau-guide-alimentaire-canadien\/"},"wordCount":290,"image":{"@id":"https:\/\/fvgc.ca\/en\/2019\/01\/25\/le-cch-felicite-le-gouvernement-pour-sa-reconnaissance-de-limportance-des-fruits-et-des-legumes-dans-le-nouveau-guide-alimentaire-canadien\/#primaryimage"},"thumbnailUrl":"","articleSection":["Actualit\u00e9s"],"inLanguage":"fr-CA"},{"@type":"WebPage","@id":"https:\/\/fvgc.ca\/en\/2019\/01\/25\/le-cch-felicite-le-gouvernement-pour-sa-reconnaissance-de-limportance-des-fruits-et-des-legumes-dans-le-nouveau-guide-alimentaire-canadien\/","url":"https:\/\/fvgc.ca\/en\/2019\/01\/25\/le-cch-felicite-le-gouvernement-pour-sa-reconnaissance-de-limportance-des-fruits-et-des-legumes-dans-le-nouveau-guide-alimentaire-canadien\/","name":"Le CCH f\u00e9licite le gouvernement pour sa reconnaissance de l\u2019importance des fruits et des l\u00e9gumes dans le nouveau Guide alimentaire canadien - FVGC","isPartOf":{"@id":"https:\/\/fvgc.ca\/#website"},"primaryImageOfPage":{"@id":"https:\/\/fvgc.ca\/en\/2019\/01\/25\/le-cch-felicite-le-gouvernement-pour-sa-reconnaissance-de-limportance-des-fruits-et-des-legumes-dans-le-nouveau-guide-alimentaire-canadien\/#primaryimage"},"image":{"@id":"https:\/\/fvgc.ca\/en\/2019\/01\/25\/le-cch-felicite-le-gouvernement-pour-sa-reconnaissance-de-limportance-des-fruits-et-des-legumes-dans-le-nouveau-guide-alimentaire-canadien\/#primaryimage"},"thumbnailUrl":"","datePublished":"2019-01-25T14:22:21+00:00","author":{"@id":"https:\/\/fvgc.ca\/#\/schema\/person\/5d5ec6451ef7dc9293fb481d46af0c11"},"breadcrumb":{"@id":"https:\/\/fvgc.ca\/en\/2019\/01\/25\/le-cch-felicite-le-gouvernement-pour-sa-reconnaissance-de-limportance-des-fruits-et-des-legumes-dans-le-nouveau-guide-alimentaire-canadien\/#breadcrumb"},"inLanguage":"fr-CA","potentialAction":[{"@type":"ReadAction","target":["https:\/\/fvgc.ca\/en\/2019\/01\/25\/le-cch-felicite-le-gouvernement-pour-sa-reconnaissance-de-limportance-des-fruits-et-des-legumes-dans-le-nouveau-guide-alimentaire-canadien\/"]}]},{"@type":"ImageObject","inLanguage":"fr-CA","@id":"https:\/\/fvgc.ca\/en\/2019\/01\/25\/le-cch-felicite-le-gouvernement-pour-sa-reconnaissance-de-limportance-des-fruits-et-des-legumes-dans-le-nouveau-guide-alimentaire-canadien\/#primaryimage","url":"","contentUrl":""},{"@type":"BreadcrumbList","@id":"https:\/\/fvgc.ca\/en\/2019\/01\/25\/le-cch-felicite-le-gouvernement-pour-sa-reconnaissance-de-limportance-des-fruits-et-des-legumes-dans-le-nouveau-guide-alimentaire-canadien\/#breadcrumb","itemListElement":[{"@type":"ListItem","position":1,"name":"Home","item":"https:\/\/fvgc.ca\/"},{"@type":"ListItem","position":2,"name":"Le CCH f\u00e9licite le gouvernement pour sa reconnaissance de l\u2019importance des fruits et des l\u00e9gumes dans le nouveau Guide alimentaire canadien"}]},{"@type":"WebSite","@id":"https:\/\/fvgc.ca\/#website","url":"https:\/\/fvgc.ca\/","name":"FVGC","description":"Representing Growers Across the Country","potentialAction":[{"@type":"SearchAction","target":{"@type":"EntryPoint","urlTemplate":"https:\/\/fvgc.ca\/?s={search_term_string}"},"query-input":{"@type":"PropertyValueSpecification","valueRequired":true,"valueName":"search_term_string"}}],"inLanguage":"fr-CA"},{"@type":"Person","@id":"https:\/\/fvgc.ca\/#\/schema\/person\/5d5ec6451ef7dc9293fb481d46af0c11","name":"Ashley Peyrard","url":"https:\/\/fvgc.ca\/fr\/author\/fruit-and-vegetable-growers-of-canada\/"}]}},"jetpack_featured_media_url":"","_links":{"self":[{"href":"https:\/\/fvgc.ca\/fr\/wp-json\/wp\/v2\/posts\/27257","targetHints":{"allow":["GET"]}}],"collection":[{"href":"https:\/\/fvgc.ca\/fr\/wp-json\/wp\/v2\/posts"}],"about":[{"href":"https:\/\/fvgc.ca\/fr\/wp-json\/wp\/v2\/types\/post"}],"author":[{"embeddable":true,"href":"https:\/\/fvgc.ca\/fr\/wp-json\/wp\/v2\/users\/5"}],"replies":[{"embeddable":true,"href":"https:\/\/fvgc.ca\/fr\/wp-json\/wp\/v2\/comments?post=27257"}],"version-history":[{"count":0,"href":"https:\/\/fvgc.ca\/fr\/wp-json\/wp\/v2\/posts\/27257\/revisions"}],"wp:featuredmedia":[{"embeddable":true,"href":"https:\/\/fvgc.ca\/fr\/wp-json\/"}],"wp:attachment":[{"href":"https:\/\/fvgc.ca\/fr\/wp-json\/wp\/v2\/media?parent=27257"}],"wp:term":[{"taxonomy":"category","embeddable":true,"href":"https:\/\/fvgc.ca\/fr\/wp-json\/wp\/v2\/categories?post=27257"},{"taxonomy":"post_tag","embeddable":true,"href":"https:\/\/fvgc.ca\/fr\/wp-json\/wp\/v2\/tags?post=27257"}],"curies":[{"name":"wp","href":"https:\/\/api.w.org\/{rel}","templated":true}]}}