{"id":26823,"date":"2018-12-11T14:42:18","date_gmt":"2018-12-11T19:42:18","guid":{"rendered":"https:\/\/www.hortcouncil.ca\/?p=26823"},"modified":"2018-12-11T14:42:18","modified_gmt":"2018-12-11T19:42:18","slug":"processus-de-selection-pour-le-president-directeur-general-de-financement-agricole-canada","status":"publish","type":"post","link":"https:\/\/fvgc.ca\/fr\/2018\/12\/11\/processus-de-selection-pour-le-president-directeur-general-de-financement-agricole-canada\/","title":{"rendered":"Processus de s\u00e9lection pour le pr\u00e9sident-directeur g\u00e9n\u00e9ral de Financement agricole Canada"},"content":{"rendered":"<p>Pour permettre \u00e0 Financement agricole Canada de continuer \u00e0 s\u2019acquitter efficacement de son mandat, le gouvernement du Canada cherche des candidats ayant une vaste exp\u00e9rience de la gestion au niveau de la haute direction dans une grande soci\u00e9t\u00e9 publique ou priv\u00e9e et de l\u2019exp\u00e9rience en gestion strat\u00e9gique et mise en \u0153uvre de principes et de pratiques exemplaires modernes en mati\u00e8re de gouvernance d\u2019entreprise. Avoir de l\u2019exp\u00e9rience dans un poste relevant d\u2019un conseil d\u2019administration ou comme membre d\u2019un conseil d\u2019administration d\u2019une organisation publique ou priv\u00e9e serait un atout.<\/p>\n<p><a href=\"https:\/\/clients.njoyn.com\/cl3\/xweb\/XWeb.asp?clid=52106&amp;page=jobdetails&amp;jobid=J1018-0051&amp;BRID=5283&amp;SBDID=&amp;LANG=2\">Les personnes int\u00e9ress\u00e9es sont invit\u00e9s \u00e0 pr\u00e9senter leur candidature<\/a>.<\/p>\n<p>R\u00e9f\u00e9rence \u00e0 rappeler : 246037<\/p>","protected":false},"excerpt":{"rendered":"<p>Pour permettre \u00e0 Financement agricole Canada de continuer \u00e0 s\u2019acquitter efficacement de son mandat, le gouvernement du Canada cherche des candidats ayant une vaste exp\u00e9rience de la gestion au niveau de la haute direction dans une grande soci\u00e9t\u00e9 publique ou priv\u00e9e et de l\u2019exp\u00e9rience en gestion strat\u00e9gique et mise en \u0153uvre de principes et de [&hellip;]<\/p>\n","protected":false},"author":5,"featured_media":26821,"comment_status":"closed","ping_status":"open","sticky":false,"template":"","format":"standard","meta":{"_et_pb_use_builder":"","_et_pb_old_content":"","_et_gb_content_width":"","footnotes":""},"categories":[23],"tags":[],"class_list":["post-26823","post","type-post","status-publish","format-standard","has-post-thumbnail","hentry","category-actualites"],"yoast_head":"<!-- This site is optimized with the Yoast SEO plugin v27.4 - https:\/\/yoast.com\/product\/yoast-seo-wordpress\/ -->\n<title>Processus de s\u00e9lection pour le pr\u00e9sident-directeur g\u00e9n\u00e9ral de Financement agricole Canada - FVGC<\/title>\n<meta name=\"robots\" content=\"index, follow, max-snippet:-1, max-image-preview:large, max-video-preview:-1\" \/>\n<link rel=\"canonical\" href=\"https:\/\/fvgc.ca\/fr\/2018\/12\/11\/processus-de-selection-pour-le-president-directeur-general-de-financement-agricole-canada\/\" \/>\n<meta property=\"og:locale\" content=\"fr_CA\" \/>\n<meta property=\"og:type\" content=\"article\" \/>\n<meta property=\"og:title\" content=\"Processus de s\u00e9lection pour le pr\u00e9sident-directeur g\u00e9n\u00e9ral de Financement agricole Canada - FVGC\" \/>\n<meta property=\"og:description\" content=\"Pour permettre \u00e0 Financement agricole Canada de continuer \u00e0 s\u2019acquitter efficacement de son mandat, le gouvernement du Canada cherche des candidats ayant une vaste exp\u00e9rience de la gestion au niveau de la haute direction dans une grande soci\u00e9t\u00e9 publique ou priv\u00e9e et de l\u2019exp\u00e9rience en gestion strat\u00e9gique et mise en \u0153uvre de principes et de [&hellip;]\" \/>\n<meta property=\"og:url\" content=\"https:\/\/fvgc.ca\/fr\/2018\/12\/11\/processus-de-selection-pour-le-president-directeur-general-de-financement-agricole-canada\/\" \/>\n<meta property=\"og:site_name\" content=\"FVGC\" \/>\n<meta property=\"article:published_time\" content=\"2018-12-11T19:42:18+00:00\" \/>\n<meta name=\"author\" content=\"Ashley Peyrard\" \/>\n<meta name=\"twitter:card\" content=\"summary_large_image\" \/>\n<meta name=\"twitter:label1\" content=\"\u00c9crit par\" \/>\n\t<meta name=\"twitter:data1\" content=\"Ashley Peyrard\" \/>\n\t<meta name=\"twitter:label2\" content=\"Estimation du temps de lecture\" \/>\n\t<meta name=\"twitter:data2\" content=\"1 minute\" \/>\n<script type=\"application\/ld+json\" class=\"yoast-schema-graph\">{\"@context\":\"https:\\\/\\\/schema.org\",\"@graph\":[{\"@type\":\"Article\",\"@id\":\"https:\\\/\\\/fvgc.ca\\\/en\\\/2018\\\/12\\\/11\\\/processus-de-selection-pour-le-president-directeur-general-de-financement-agricole-canada\\\/#article\",\"isPartOf\":{\"@id\":\"https:\\\/\\\/fvgc.ca\\\/en\\\/2018\\\/12\\\/11\\\/processus-de-selection-pour-le-president-directeur-general-de-financement-agricole-canada\\\/\"},\"author\":{\"name\":\"Ashley Peyrard\",\"@id\":\"https:\\\/\\\/fvgc.ca\\\/#\\\/schema\\\/person\\\/5d5ec6451ef7dc9293fb481d46af0c11\"},\"headline\":\"Processus de s\u00e9lection pour le pr\u00e9sident-directeur g\u00e9n\u00e9ral de Financement agricole Canada\",\"datePublished\":\"2018-12-11T19:42:18+00:00\",\"mainEntityOfPage\":{\"@id\":\"https:\\\/\\\/fvgc.ca\\\/en\\\/2018\\\/12\\\/11\\\/processus-de-selection-pour-le-president-directeur-general-de-financement-agricole-canada\\\/\"},\"wordCount\":133,\"image\":{\"@id\":\"https:\\\/\\\/fvgc.ca\\\/en\\\/2018\\\/12\\\/11\\\/processus-de-selection-pour-le-president-directeur-general-de-financement-agricole-canada\\\/#primaryimage\"},\"thumbnailUrl\":\"\",\"articleSection\":[\"Actualit\u00e9s\"],\"inLanguage\":\"fr-CA\"},{\"@type\":\"WebPage\",\"@id\":\"https:\\\/\\\/fvgc.ca\\\/en\\\/2018\\\/12\\\/11\\\/processus-de-selection-pour-le-president-directeur-general-de-financement-agricole-canada\\\/\",\"url\":\"https:\\\/\\\/fvgc.ca\\\/en\\\/2018\\\/12\\\/11\\\/processus-de-selection-pour-le-president-directeur-general-de-financement-agricole-canada\\\/\",\"name\":\"Processus de s\u00e9lection pour le pr\u00e9sident-directeur g\u00e9n\u00e9ral de Financement agricole Canada - FVGC\",\"isPartOf\":{\"@id\":\"https:\\\/\\\/fvgc.ca\\\/#website\"},\"primaryImageOfPage\":{\"@id\":\"https:\\\/\\\/fvgc.ca\\\/en\\\/2018\\\/12\\\/11\\\/processus-de-selection-pour-le-president-directeur-general-de-financement-agricole-canada\\\/#primaryimage\"},\"image\":{\"@id\":\"https:\\\/\\\/fvgc.ca\\\/en\\\/2018\\\/12\\\/11\\\/processus-de-selection-pour-le-president-directeur-general-de-financement-agricole-canada\\\/#primaryimage\"},\"thumbnailUrl\":\"\",\"datePublished\":\"2018-12-11T19:42:18+00:00\",\"author\":{\"@id\":\"https:\\\/\\\/fvgc.ca\\\/#\\\/schema\\\/person\\\/5d5ec6451ef7dc9293fb481d46af0c11\"},\"breadcrumb\":{\"@id\":\"https:\\\/\\\/fvgc.ca\\\/en\\\/2018\\\/12\\\/11\\\/processus-de-selection-pour-le-president-directeur-general-de-financement-agricole-canada\\\/#breadcrumb\"},\"inLanguage\":\"fr-CA\",\"potentialAction\":[{\"@type\":\"ReadAction\",\"target\":[\"https:\\\/\\\/fvgc.ca\\\/en\\\/2018\\\/12\\\/11\\\/processus-de-selection-pour-le-president-directeur-general-de-financement-agricole-canada\\\/\"]}]},{\"@type\":\"ImageObject\",\"inLanguage\":\"fr-CA\",\"@id\":\"https:\\\/\\\/fvgc.ca\\\/en\\\/2018\\\/12\\\/11\\\/processus-de-selection-pour-le-president-directeur-general-de-financement-agricole-canada\\\/#primaryimage\",\"url\":\"\",\"contentUrl\":\"\"},{\"@type\":\"BreadcrumbList\",\"@id\":\"https:\\\/\\\/fvgc.ca\\\/en\\\/2018\\\/12\\\/11\\\/processus-de-selection-pour-le-president-directeur-general-de-financement-agricole-canada\\\/#breadcrumb\",\"itemListElement\":[{\"@type\":\"ListItem\",\"position\":1,\"name\":\"Home\",\"item\":\"https:\\\/\\\/fvgc.ca\\\/\"},{\"@type\":\"ListItem\",\"position\":2,\"name\":\"Processus de s\u00e9lection pour le pr\u00e9sident-directeur g\u00e9n\u00e9ral de Financement agricole Canada\"}]},{\"@type\":\"WebSite\",\"@id\":\"https:\\\/\\\/fvgc.ca\\\/#website\",\"url\":\"https:\\\/\\\/fvgc.ca\\\/\",\"name\":\"FVGC\",\"description\":\"Representing Growers Across the Country\",\"potentialAction\":[{\"@type\":\"SearchAction\",\"target\":{\"@type\":\"EntryPoint\",\"urlTemplate\":\"https:\\\/\\\/fvgc.ca\\\/?s={search_term_string}\"},\"query-input\":{\"@type\":\"PropertyValueSpecification\",\"valueRequired\":true,\"valueName\":\"search_term_string\"}}],\"inLanguage\":\"fr-CA\"},{\"@type\":\"Person\",\"@id\":\"https:\\\/\\\/fvgc.ca\\\/#\\\/schema\\\/person\\\/5d5ec6451ef7dc9293fb481d46af0c11\",\"name\":\"Ashley Peyrard\",\"url\":\"https:\\\/\\\/fvgc.ca\\\/fr\\\/author\\\/fruit-and-vegetable-growers-of-canada\\\/\"}]}<\/script>\n<!-- \/ Yoast SEO plugin. -->","yoast_head_json":{"title":"Processus de s\u00e9lection pour le pr\u00e9sident-directeur g\u00e9n\u00e9ral de Financement agricole Canada - FVGC","robots":{"index":"index","follow":"follow","max-snippet":"max-snippet:-1","max-image-preview":"max-image-preview:large","max-video-preview":"max-video-preview:-1"},"canonical":"https:\/\/fvgc.ca\/fr\/2018\/12\/11\/processus-de-selection-pour-le-president-directeur-general-de-financement-agricole-canada\/","og_locale":"fr_CA","og_type":"article","og_title":"Processus de s\u00e9lection pour le pr\u00e9sident-directeur g\u00e9n\u00e9ral de Financement agricole Canada - FVGC","og_description":"Pour permettre \u00e0 Financement agricole Canada de continuer \u00e0 s\u2019acquitter efficacement de son mandat, le gouvernement du Canada cherche des candidats ayant une vaste exp\u00e9rience de la gestion au niveau de la haute direction dans une grande soci\u00e9t\u00e9 publique ou priv\u00e9e et de l\u2019exp\u00e9rience en gestion strat\u00e9gique et mise en \u0153uvre de principes et de [&hellip;]","og_url":"https:\/\/fvgc.ca\/fr\/2018\/12\/11\/processus-de-selection-pour-le-president-directeur-general-de-financement-agricole-canada\/","og_site_name":"FVGC","article_published_time":"2018-12-11T19:42:18+00:00","author":"Ashley Peyrard","twitter_card":"summary_large_image","twitter_misc":{"\u00c9crit par":"Ashley Peyrard","Estimation du temps de lecture":"1 minute"},"schema":{"@context":"https:\/\/schema.org","@graph":[{"@type":"Article","@id":"https:\/\/fvgc.ca\/en\/2018\/12\/11\/processus-de-selection-pour-le-president-directeur-general-de-financement-agricole-canada\/#article","isPartOf":{"@id":"https:\/\/fvgc.ca\/en\/2018\/12\/11\/processus-de-selection-pour-le-president-directeur-general-de-financement-agricole-canada\/"},"author":{"name":"Ashley Peyrard","@id":"https:\/\/fvgc.ca\/#\/schema\/person\/5d5ec6451ef7dc9293fb481d46af0c11"},"headline":"Processus de s\u00e9lection pour le pr\u00e9sident-directeur g\u00e9n\u00e9ral de Financement agricole Canada","datePublished":"2018-12-11T19:42:18+00:00","mainEntityOfPage":{"@id":"https:\/\/fvgc.ca\/en\/2018\/12\/11\/processus-de-selection-pour-le-president-directeur-general-de-financement-agricole-canada\/"},"wordCount":133,"image":{"@id":"https:\/\/fvgc.ca\/en\/2018\/12\/11\/processus-de-selection-pour-le-president-directeur-general-de-financement-agricole-canada\/#primaryimage"},"thumbnailUrl":"","articleSection":["Actualit\u00e9s"],"inLanguage":"fr-CA"},{"@type":"WebPage","@id":"https:\/\/fvgc.ca\/en\/2018\/12\/11\/processus-de-selection-pour-le-president-directeur-general-de-financement-agricole-canada\/","url":"https:\/\/fvgc.ca\/en\/2018\/12\/11\/processus-de-selection-pour-le-president-directeur-general-de-financement-agricole-canada\/","name":"Processus de s\u00e9lection pour le pr\u00e9sident-directeur g\u00e9n\u00e9ral de Financement agricole Canada - FVGC","isPartOf":{"@id":"https:\/\/fvgc.ca\/#website"},"primaryImageOfPage":{"@id":"https:\/\/fvgc.ca\/en\/2018\/12\/11\/processus-de-selection-pour-le-president-directeur-general-de-financement-agricole-canada\/#primaryimage"},"image":{"@id":"https:\/\/fvgc.ca\/en\/2018\/12\/11\/processus-de-selection-pour-le-president-directeur-general-de-financement-agricole-canada\/#primaryimage"},"thumbnailUrl":"","datePublished":"2018-12-11T19:42:18+00:00","author":{"@id":"https:\/\/fvgc.ca\/#\/schema\/person\/5d5ec6451ef7dc9293fb481d46af0c11"},"breadcrumb":{"@id":"https:\/\/fvgc.ca\/en\/2018\/12\/11\/processus-de-selection-pour-le-president-directeur-general-de-financement-agricole-canada\/#breadcrumb"},"inLanguage":"fr-CA","potentialAction":[{"@type":"ReadAction","target":["https:\/\/fvgc.ca\/en\/2018\/12\/11\/processus-de-selection-pour-le-president-directeur-general-de-financement-agricole-canada\/"]}]},{"@type":"ImageObject","inLanguage":"fr-CA","@id":"https:\/\/fvgc.ca\/en\/2018\/12\/11\/processus-de-selection-pour-le-president-directeur-general-de-financement-agricole-canada\/#primaryimage","url":"","contentUrl":""},{"@type":"BreadcrumbList","@id":"https:\/\/fvgc.ca\/en\/2018\/12\/11\/processus-de-selection-pour-le-president-directeur-general-de-financement-agricole-canada\/#breadcrumb","itemListElement":[{"@type":"ListItem","position":1,"name":"Home","item":"https:\/\/fvgc.ca\/"},{"@type":"ListItem","position":2,"name":"Processus de s\u00e9lection pour le pr\u00e9sident-directeur g\u00e9n\u00e9ral de Financement agricole Canada"}]},{"@type":"WebSite","@id":"https:\/\/fvgc.ca\/#website","url":"https:\/\/fvgc.ca\/","name":"FVGC","description":"Representing Growers Across the Country","potentialAction":[{"@type":"SearchAction","target":{"@type":"EntryPoint","urlTemplate":"https:\/\/fvgc.ca\/?s={search_term_string}"},"query-input":{"@type":"PropertyValueSpecification","valueRequired":true,"valueName":"search_term_string"}}],"inLanguage":"fr-CA"},{"@type":"Person","@id":"https:\/\/fvgc.ca\/#\/schema\/person\/5d5ec6451ef7dc9293fb481d46af0c11","name":"Ashley Peyrard","url":"https:\/\/fvgc.ca\/fr\/author\/fruit-and-vegetable-growers-of-canada\/"}]}},"jetpack_featured_media_url":"","_links":{"self":[{"href":"https:\/\/fvgc.ca\/fr\/wp-json\/wp\/v2\/posts\/26823","targetHints":{"allow":["GET"]}}],"collection":[{"href":"https:\/\/fvgc.ca\/fr\/wp-json\/wp\/v2\/posts"}],"about":[{"href":"https:\/\/fvgc.ca\/fr\/wp-json\/wp\/v2\/types\/post"}],"author":[{"embeddable":true,"href":"https:\/\/fvgc.ca\/fr\/wp-json\/wp\/v2\/users\/5"}],"replies":[{"embeddable":true,"href":"https:\/\/fvgc.ca\/fr\/wp-json\/wp\/v2\/comments?post=26823"}],"version-history":[{"count":0,"href":"https:\/\/fvgc.ca\/fr\/wp-json\/wp\/v2\/posts\/26823\/revisions"}],"wp:featuredmedia":[{"embeddable":true,"href":"https:\/\/fvgc.ca\/fr\/wp-json\/"}],"wp:attachment":[{"href":"https:\/\/fvgc.ca\/fr\/wp-json\/wp\/v2\/media?parent=26823"}],"wp:term":[{"taxonomy":"category","embeddable":true,"href":"https:\/\/fvgc.ca\/fr\/wp-json\/wp\/v2\/categories?post=26823"},{"taxonomy":"post_tag","embeddable":true,"href":"https:\/\/fvgc.ca\/fr\/wp-json\/wp\/v2\/tags?post=26823"}],"curies":[{"name":"wp","href":"https:\/\/api.w.org\/{rel}","templated":true}]}}