{"id":26309,"date":"2018-11-01T15:45:30","date_gmt":"2018-11-01T19:45:30","guid":{"rendered":"https:\/\/www.hortcouncil.ca\/?p=26309"},"modified":"2024-02-21T10:04:44","modified_gmt":"2024-02-21T15:04:44","slug":"la-page-facebook-du-cch-raconte-des-histoires-et-les-gens-laiment","status":"publish","type":"post","link":"https:\/\/fvgc.ca\/fr\/2018\/11\/01\/la-page-facebook-du-cch-raconte-des-histoires-et-les-gens-laiment\/","title":{"rendered":"La page Facebook du CCH raconte des histoires et les gens l\u2019aiment"},"content":{"rendered":"<p>Plus t\u00f4t cette ann\u00e9e, nous avons demand\u00e9 \u00e0 nos membres quelle plateforme sociale ils pr\u00e9f\u00e9raient utiliser. La plateforme Facebook est sortie en t\u00eate haut la main. Donc, nous avons d\u00e9cid\u00e9 en priorit\u00e9 de cr\u00e9er une page Facebook pour partager les bonnes nouvelles au sujet des agriculteurs, des travailleurs agricoles et de l\u2019agriculture.<\/p>\n<div style=\"font-size: 150%; text-decoration: underline;\"><strong><a href=\"https:\/\/www.facebook.com\/hortcouncil\/\">Visitez notre page Facebook<\/a><\/strong><\/div>\n<h2>Beaucoup d\u2019engagement<\/h2>\n<p>Chaque jour, les gens aiment, partagent et commentent nos histoires. Depuis son lancement en juillet, nous avons d\u00e9j\u00e0 re\u00e7u plus de 2 100 \u00ab\u00a0j\u2019aime\u00a0\u00bb. Notre communaut\u00e9 augmente et nous sommes ravis de son niveau d\u2019engagement. En g\u00e9n\u00e9ral, un niveau d\u00e9cent d\u2019interaction sur la page Facebook d\u2019une organisation se situe \u00e0 environ 3,5\u00a0% (clics sur la publication + r\u00e9actions + partages + commentaires, par rapport au nombre de personnes jointes). <strong>Le CCH atteint souvent plus de quatre fois ce nombre!<\/strong> Par exemple, \u00e0 l\u2019heure actuelle, notre <a href=\"https:\/\/www.facebook.com\/hortcouncil\/photos\/a.467025913711740\/596333914114272\">r\u00e9cente publication sur deux fr\u00e8res qui travaillent ensemble dans l\u2019Okanagan<\/a> a un taux d\u2019engagement de <strong>16\u00a0%<\/strong> (voir la fin du message pour la publication).<\/p>\n<h3>Indicateurs de la page Facebook depuis juillet 2018 :<\/h3>\n<ul>\n<li>Plus de <strong>2 100<\/strong> personnes \u00ab aiment\u00a0\u00bb notre page<\/li>\n<li>Nous avons atteint plus de <strong>62 000<\/strong> personnes<\/li>\n<li>Les utilisateurs ont laiss\u00e9 plus de <strong>205<\/strong> commentaires sur notre page<\/li>\n<li>Plus de<strong> 16 %<\/strong> des personnes que nous avons atteintes on interagis avec notre contenue.<\/li>\n<\/ul>\n<h2>Faites-en partie<\/h2>\n<p>Si vous n\u2019avez pas encore v\u00e9rifi\u00e9 <a href=\"https:\/\/www.facebook.com\/hortcouncil\/\">notre page Facebook<\/a>, c\u2019est le moment parfait pour y aller. Il y a des conservations en cours <em>maintenant<\/em> auxquelles vous voudrez peut-\u00eatre participer. Et n\u2019oubliez pas d\u2019inscrire \u00ab\u00a0j\u2019aime\u00a0\u00bb dans notre page pour les mises \u00e0 jour. Plus il y aura de gens qui s\u2019impliquent et partagent notre contenu,\u00a0 plus notre impact sera grand.<\/p>\n<h2>Campagne de sensibilisation \u00e0 la main-d\u2019\u0153uvre<\/h2>\n<p>Notre pr\u00e9sence Facebook est une plateforme importante sur laquelle nous d\u00e9ploierons notre campagne de sensibilisation \u00e0 la main-d\u2019\u0153uvre. Cette campagne qui sera lanc\u00e9e sous peu, est compos\u00e9e d\u2019environ 20 courtes vid\u00e9os et d\u2019un documentaire en long format qui illustrent la relation mutuellement b\u00e9n\u00e9fique que les travailleurs agricoles internationaux ont avec leurs employeurs. Une vigoureuse communaut\u00e9 Facebook nous aidera \u00e0 transmettre le message aux gens \u00e0 travers le pays. Veuillez nous aider \u00e0 accentuer notre message en cliquant \u00ab\u00a0j\u2019aime\u00a0\u00bb sur notre page, en partageant notre contenu et soyez au rendez-vous pour la campagne qui sera lanc\u00e9e sous peu!<\/p>\n<h2>Publication mod\u00e8le<\/h2>\n<p>La publication suivante est typique des histoires qui sont maintenant tr\u00e8s populaires parmi les utilisateurs Facebook.<\/p>","protected":false},"excerpt":{"rendered":"<p>Plus t\u00f4t cette ann\u00e9e, nous avons demand\u00e9 \u00e0 nos membres quelle plateforme sociale ils pr\u00e9f\u00e9raient utiliser. La plateforme Facebook est sortie en t\u00eate haut la main. Donc, nous avons d\u00e9cid\u00e9 en priorit\u00e9 de cr\u00e9er une page Facebook pour partager les bonnes nouvelles au sujet des agriculteurs, des travailleurs agricoles et de l\u2019agriculture. Visitez notre page [&hellip;]<\/p>\n","protected":false},"author":5,"featured_media":26307,"comment_status":"closed","ping_status":"open","sticky":false,"template":"","format":"standard","meta":{"_et_pb_use_builder":"","_et_pb_old_content":"","_et_gb_content_width":"","footnotes":""},"categories":[23],"tags":[],"class_list":["post-26309","post","type-post","status-publish","format-standard","has-post-thumbnail","hentry","category-actualites"],"yoast_head":"<!-- This site is optimized with the Yoast SEO plugin v27.4 - https:\/\/yoast.com\/product\/yoast-seo-wordpress\/ -->\n<title>La page Facebook du CCH raconte des histoires et les gens l\u2019aiment - FVGC<\/title>\n<meta name=\"robots\" content=\"index, follow, max-snippet:-1, max-image-preview:large, max-video-preview:-1\" \/>\n<link rel=\"canonical\" href=\"https:\/\/fvgc.ca\/fr\/2018\/11\/01\/la-page-facebook-du-cch-raconte-des-histoires-et-les-gens-laiment\/\" \/>\n<meta property=\"og:locale\" content=\"fr_CA\" \/>\n<meta property=\"og:type\" content=\"article\" \/>\n<meta property=\"og:title\" content=\"La page Facebook du CCH raconte des histoires et les gens l\u2019aiment - FVGC\" \/>\n<meta property=\"og:description\" content=\"Plus t\u00f4t cette ann\u00e9e, nous avons demand\u00e9 \u00e0 nos membres quelle plateforme sociale ils pr\u00e9f\u00e9raient utiliser. La plateforme Facebook est sortie en t\u00eate haut la main. Donc, nous avons d\u00e9cid\u00e9 en priorit\u00e9 de cr\u00e9er une page Facebook pour partager les bonnes nouvelles au sujet des agriculteurs, des travailleurs agricoles et de l\u2019agriculture. Visitez notre page [&hellip;]\" \/>\n<meta property=\"og:url\" content=\"https:\/\/fvgc.ca\/fr\/2018\/11\/01\/la-page-facebook-du-cch-raconte-des-histoires-et-les-gens-laiment\/\" \/>\n<meta property=\"og:site_name\" content=\"FVGC\" \/>\n<meta property=\"article:published_time\" content=\"2018-11-01T19:45:30+00:00\" \/>\n<meta property=\"article:modified_time\" content=\"2024-02-21T15:04:44+00:00\" \/>\n<meta name=\"author\" content=\"Ashley Peyrard\" \/>\n<meta name=\"twitter:card\" content=\"summary_large_image\" \/>\n<meta name=\"twitter:label1\" content=\"\u00c9crit par\" \/>\n\t<meta name=\"twitter:data1\" content=\"Ashley Peyrard\" \/>\n\t<meta name=\"twitter:label2\" content=\"Estimation du temps de lecture\" \/>\n\t<meta name=\"twitter:data2\" content=\"2 minutes\" \/>\n<script type=\"application\/ld+json\" class=\"yoast-schema-graph\">{\"@context\":\"https:\\\/\\\/schema.org\",\"@graph\":[{\"@type\":\"Article\",\"@id\":\"https:\\\/\\\/fvgc.ca\\\/2018\\\/11\\\/01\\\/la-page-facebook-du-cch-raconte-des-histoires-et-les-gens-laiment\\\/#article\",\"isPartOf\":{\"@id\":\"https:\\\/\\\/fvgc.ca\\\/2018\\\/11\\\/01\\\/la-page-facebook-du-cch-raconte-des-histoires-et-les-gens-laiment\\\/\"},\"author\":{\"name\":\"Ashley Peyrard\",\"@id\":\"https:\\\/\\\/fvgc.ca\\\/#\\\/schema\\\/person\\\/5d5ec6451ef7dc9293fb481d46af0c11\"},\"headline\":\"La page Facebook du CCH raconte des histoires et les gens l\u2019aiment\",\"datePublished\":\"2018-11-01T19:45:30+00:00\",\"dateModified\":\"2024-02-21T15:04:44+00:00\",\"mainEntityOfPage\":{\"@id\":\"https:\\\/\\\/fvgc.ca\\\/2018\\\/11\\\/01\\\/la-page-facebook-du-cch-raconte-des-histoires-et-les-gens-laiment\\\/\"},\"wordCount\":434,\"image\":{\"@id\":\"https:\\\/\\\/fvgc.ca\\\/2018\\\/11\\\/01\\\/la-page-facebook-du-cch-raconte-des-histoires-et-les-gens-laiment\\\/#primaryimage\"},\"thumbnailUrl\":\"\",\"articleSection\":[\"Actualit\u00e9s\"],\"inLanguage\":\"fr-CA\"},{\"@type\":\"WebPage\",\"@id\":\"https:\\\/\\\/fvgc.ca\\\/2018\\\/11\\\/01\\\/la-page-facebook-du-cch-raconte-des-histoires-et-les-gens-laiment\\\/\",\"url\":\"https:\\\/\\\/fvgc.ca\\\/2018\\\/11\\\/01\\\/la-page-facebook-du-cch-raconte-des-histoires-et-les-gens-laiment\\\/\",\"name\":\"La page Facebook du CCH raconte des histoires et les gens l\u2019aiment - FVGC\",\"isPartOf\":{\"@id\":\"https:\\\/\\\/fvgc.ca\\\/#website\"},\"primaryImageOfPage\":{\"@id\":\"https:\\\/\\\/fvgc.ca\\\/2018\\\/11\\\/01\\\/la-page-facebook-du-cch-raconte-des-histoires-et-les-gens-laiment\\\/#primaryimage\"},\"image\":{\"@id\":\"https:\\\/\\\/fvgc.ca\\\/2018\\\/11\\\/01\\\/la-page-facebook-du-cch-raconte-des-histoires-et-les-gens-laiment\\\/#primaryimage\"},\"thumbnailUrl\":\"\",\"datePublished\":\"2018-11-01T19:45:30+00:00\",\"dateModified\":\"2024-02-21T15:04:44+00:00\",\"author\":{\"@id\":\"https:\\\/\\\/fvgc.ca\\\/#\\\/schema\\\/person\\\/5d5ec6451ef7dc9293fb481d46af0c11\"},\"breadcrumb\":{\"@id\":\"https:\\\/\\\/fvgc.ca\\\/2018\\\/11\\\/01\\\/la-page-facebook-du-cch-raconte-des-histoires-et-les-gens-laiment\\\/#breadcrumb\"},\"inLanguage\":\"fr-CA\",\"potentialAction\":[{\"@type\":\"ReadAction\",\"target\":[\"https:\\\/\\\/fvgc.ca\\\/2018\\\/11\\\/01\\\/la-page-facebook-du-cch-raconte-des-histoires-et-les-gens-laiment\\\/\"]}]},{\"@type\":\"ImageObject\",\"inLanguage\":\"fr-CA\",\"@id\":\"https:\\\/\\\/fvgc.ca\\\/2018\\\/11\\\/01\\\/la-page-facebook-du-cch-raconte-des-histoires-et-les-gens-laiment\\\/#primaryimage\",\"url\":\"\",\"contentUrl\":\"\"},{\"@type\":\"BreadcrumbList\",\"@id\":\"https:\\\/\\\/fvgc.ca\\\/2018\\\/11\\\/01\\\/la-page-facebook-du-cch-raconte-des-histoires-et-les-gens-laiment\\\/#breadcrumb\",\"itemListElement\":[{\"@type\":\"ListItem\",\"position\":1,\"name\":\"Home\",\"item\":\"https:\\\/\\\/fvgc.ca\\\/\"},{\"@type\":\"ListItem\",\"position\":2,\"name\":\"La page Facebook du CCH raconte des histoires et les gens l\u2019aiment\"}]},{\"@type\":\"WebSite\",\"@id\":\"https:\\\/\\\/fvgc.ca\\\/#website\",\"url\":\"https:\\\/\\\/fvgc.ca\\\/\",\"name\":\"FVGC\",\"description\":\"Representing Growers Across the Country\",\"potentialAction\":[{\"@type\":\"SearchAction\",\"target\":{\"@type\":\"EntryPoint\",\"urlTemplate\":\"https:\\\/\\\/fvgc.ca\\\/?s={search_term_string}\"},\"query-input\":{\"@type\":\"PropertyValueSpecification\",\"valueRequired\":true,\"valueName\":\"search_term_string\"}}],\"inLanguage\":\"fr-CA\"},{\"@type\":\"Person\",\"@id\":\"https:\\\/\\\/fvgc.ca\\\/#\\\/schema\\\/person\\\/5d5ec6451ef7dc9293fb481d46af0c11\",\"name\":\"Ashley Peyrard\",\"url\":\"https:\\\/\\\/fvgc.ca\\\/fr\\\/author\\\/fruit-and-vegetable-growers-of-canada\\\/\"}]}<\/script>\n<!-- \/ Yoast SEO plugin. -->","yoast_head_json":{"title":"La page Facebook du CCH raconte des histoires et les gens l\u2019aiment - FVGC","robots":{"index":"index","follow":"follow","max-snippet":"max-snippet:-1","max-image-preview":"max-image-preview:large","max-video-preview":"max-video-preview:-1"},"canonical":"https:\/\/fvgc.ca\/fr\/2018\/11\/01\/la-page-facebook-du-cch-raconte-des-histoires-et-les-gens-laiment\/","og_locale":"fr_CA","og_type":"article","og_title":"La page Facebook du CCH raconte des histoires et les gens l\u2019aiment - FVGC","og_description":"Plus t\u00f4t cette ann\u00e9e, nous avons demand\u00e9 \u00e0 nos membres quelle plateforme sociale ils pr\u00e9f\u00e9raient utiliser. La plateforme Facebook est sortie en t\u00eate haut la main. Donc, nous avons d\u00e9cid\u00e9 en priorit\u00e9 de cr\u00e9er une page Facebook pour partager les bonnes nouvelles au sujet des agriculteurs, des travailleurs agricoles et de l\u2019agriculture. Visitez notre page [&hellip;]","og_url":"https:\/\/fvgc.ca\/fr\/2018\/11\/01\/la-page-facebook-du-cch-raconte-des-histoires-et-les-gens-laiment\/","og_site_name":"FVGC","article_published_time":"2018-11-01T19:45:30+00:00","article_modified_time":"2024-02-21T15:04:44+00:00","author":"Ashley Peyrard","twitter_card":"summary_large_image","twitter_misc":{"\u00c9crit par":"Ashley Peyrard","Estimation du temps de lecture":"2 minutes"},"schema":{"@context":"https:\/\/schema.org","@graph":[{"@type":"Article","@id":"https:\/\/fvgc.ca\/2018\/11\/01\/la-page-facebook-du-cch-raconte-des-histoires-et-les-gens-laiment\/#article","isPartOf":{"@id":"https:\/\/fvgc.ca\/2018\/11\/01\/la-page-facebook-du-cch-raconte-des-histoires-et-les-gens-laiment\/"},"author":{"name":"Ashley Peyrard","@id":"https:\/\/fvgc.ca\/#\/schema\/person\/5d5ec6451ef7dc9293fb481d46af0c11"},"headline":"La page Facebook du CCH raconte des histoires et les gens l\u2019aiment","datePublished":"2018-11-01T19:45:30+00:00","dateModified":"2024-02-21T15:04:44+00:00","mainEntityOfPage":{"@id":"https:\/\/fvgc.ca\/2018\/11\/01\/la-page-facebook-du-cch-raconte-des-histoires-et-les-gens-laiment\/"},"wordCount":434,"image":{"@id":"https:\/\/fvgc.ca\/2018\/11\/01\/la-page-facebook-du-cch-raconte-des-histoires-et-les-gens-laiment\/#primaryimage"},"thumbnailUrl":"","articleSection":["Actualit\u00e9s"],"inLanguage":"fr-CA"},{"@type":"WebPage","@id":"https:\/\/fvgc.ca\/2018\/11\/01\/la-page-facebook-du-cch-raconte-des-histoires-et-les-gens-laiment\/","url":"https:\/\/fvgc.ca\/2018\/11\/01\/la-page-facebook-du-cch-raconte-des-histoires-et-les-gens-laiment\/","name":"La page Facebook du CCH raconte des histoires et les gens l\u2019aiment - FVGC","isPartOf":{"@id":"https:\/\/fvgc.ca\/#website"},"primaryImageOfPage":{"@id":"https:\/\/fvgc.ca\/2018\/11\/01\/la-page-facebook-du-cch-raconte-des-histoires-et-les-gens-laiment\/#primaryimage"},"image":{"@id":"https:\/\/fvgc.ca\/2018\/11\/01\/la-page-facebook-du-cch-raconte-des-histoires-et-les-gens-laiment\/#primaryimage"},"thumbnailUrl":"","datePublished":"2018-11-01T19:45:30+00:00","dateModified":"2024-02-21T15:04:44+00:00","author":{"@id":"https:\/\/fvgc.ca\/#\/schema\/person\/5d5ec6451ef7dc9293fb481d46af0c11"},"breadcrumb":{"@id":"https:\/\/fvgc.ca\/2018\/11\/01\/la-page-facebook-du-cch-raconte-des-histoires-et-les-gens-laiment\/#breadcrumb"},"inLanguage":"fr-CA","potentialAction":[{"@type":"ReadAction","target":["https:\/\/fvgc.ca\/2018\/11\/01\/la-page-facebook-du-cch-raconte-des-histoires-et-les-gens-laiment\/"]}]},{"@type":"ImageObject","inLanguage":"fr-CA","@id":"https:\/\/fvgc.ca\/2018\/11\/01\/la-page-facebook-du-cch-raconte-des-histoires-et-les-gens-laiment\/#primaryimage","url":"","contentUrl":""},{"@type":"BreadcrumbList","@id":"https:\/\/fvgc.ca\/2018\/11\/01\/la-page-facebook-du-cch-raconte-des-histoires-et-les-gens-laiment\/#breadcrumb","itemListElement":[{"@type":"ListItem","position":1,"name":"Home","item":"https:\/\/fvgc.ca\/"},{"@type":"ListItem","position":2,"name":"La page Facebook du CCH raconte des histoires et les gens l\u2019aiment"}]},{"@type":"WebSite","@id":"https:\/\/fvgc.ca\/#website","url":"https:\/\/fvgc.ca\/","name":"FVGC","description":"Representing Growers Across the Country","potentialAction":[{"@type":"SearchAction","target":{"@type":"EntryPoint","urlTemplate":"https:\/\/fvgc.ca\/?s={search_term_string}"},"query-input":{"@type":"PropertyValueSpecification","valueRequired":true,"valueName":"search_term_string"}}],"inLanguage":"fr-CA"},{"@type":"Person","@id":"https:\/\/fvgc.ca\/#\/schema\/person\/5d5ec6451ef7dc9293fb481d46af0c11","name":"Ashley Peyrard","url":"https:\/\/fvgc.ca\/fr\/author\/fruit-and-vegetable-growers-of-canada\/"}]}},"jetpack_featured_media_url":"","_links":{"self":[{"href":"https:\/\/fvgc.ca\/fr\/wp-json\/wp\/v2\/posts\/26309","targetHints":{"allow":["GET"]}}],"collection":[{"href":"https:\/\/fvgc.ca\/fr\/wp-json\/wp\/v2\/posts"}],"about":[{"href":"https:\/\/fvgc.ca\/fr\/wp-json\/wp\/v2\/types\/post"}],"author":[{"embeddable":true,"href":"https:\/\/fvgc.ca\/fr\/wp-json\/wp\/v2\/users\/5"}],"replies":[{"embeddable":true,"href":"https:\/\/fvgc.ca\/fr\/wp-json\/wp\/v2\/comments?post=26309"}],"version-history":[{"count":0,"href":"https:\/\/fvgc.ca\/fr\/wp-json\/wp\/v2\/posts\/26309\/revisions"}],"wp:featuredmedia":[{"embeddable":true,"href":"https:\/\/fvgc.ca\/fr\/wp-json\/"}],"wp:attachment":[{"href":"https:\/\/fvgc.ca\/fr\/wp-json\/wp\/v2\/media?parent=26309"}],"wp:term":[{"taxonomy":"category","embeddable":true,"href":"https:\/\/fvgc.ca\/fr\/wp-json\/wp\/v2\/categories?post=26309"},{"taxonomy":"post_tag","embeddable":true,"href":"https:\/\/fvgc.ca\/fr\/wp-json\/wp\/v2\/tags?post=26309"}],"curies":[{"name":"wp","href":"https:\/\/api.w.org\/{rel}","templated":true}]}}