{"id":26109,"date":"2018-10-12T14:21:47","date_gmt":"2018-10-12T18:21:47","guid":{"rendered":"https:\/\/www.hortcouncil.ca\/?p=26109"},"modified":"2024-09-18T16:03:46","modified_gmt":"2024-09-18T20:03:46","slug":"mis-sur-pied-du-conseil-canadien-de-la-sante-des-vegetaux","status":"publish","type":"post","link":"https:\/\/fvgc.ca\/fr\/2018\/10\/12\/mis-sur-pied-du-conseil-canadien-de-la-sante-des-vegetaux\/","title":{"rendered":"Mis sur pied du Conseil canadien de la sant\u00e9 des v\u00e9g\u00e9taux"},"content":{"rendered":"<p>La collaboration entre les gouvernements, l&#8217;industrie, le milieu universitaire et d&#8217;autres intervenants en sant\u00e9 des v\u00e9g\u00e9taux du Canada est essentielle pour prot\u00e9ger nos ressources contre les risques nouveaux et \u00e9mergents, favoriser l&#8217;innovation et veiller \u00e0 ce que l&#8217;industrie canadienne demeure concurrentielle et durable.<\/p>\n<p>Les partenaires en mati\u00e8re de la sant\u00e9 des v\u00e9g\u00e9taux au Canada ont le plaisir d&#8217;annoncer la mise sur pied du Conseil canadien de la sant\u00e9 des v\u00e9g\u00e9taux, r\u00e9alisant un engagement de divers partenaires \u00e0 collaborer pour mettre en \u0153uvre la\u00a0Strat\u00e9gie sur la sant\u00e9 des v\u00e9g\u00e9taux et des animaux pour le Canada.<\/p>\n<p>\u00ab\u00a0Les fruits et l\u00e9gumes sont tr\u00e8s sensibles aux nouveaux ravageurs et aux nouvelles maladies. La capacit\u00e9 du Conseil canadien de la sant\u00e9 des v\u00e9g\u00e9taux de coordonner une intervention nationale efficace pour contrer de telles menaces est extr\u00eamement pertinente pour notre industrie, car les consommateurs exigent des produits de grande qualit\u00e9,\u00a0\u00bb\u00a0Brian Gilroy, pr\u00e9sident, Conseil canadien de l&#8217;horticulture<\/p>\n<p>Le conseil canadien de la sant\u00e9 des v\u00e9g\u00e9taux donnera suite aux priorit\u00e9s du secteur de la sant\u00e9 des v\u00e9g\u00e9taux, avec lequel il travaillera de concert pour mettre en \u0153uvre des approches et des activit\u00e9s pr\u00e9ventives en vue de prot\u00e9ger les for\u00eats, l&#8217;agriculture et d&#8217;autres v\u00e9g\u00e9taux contre les ravageurs, les maladies et d&#8217;autres risques.<\/p>\n<p><a href=\"https:\/\/www.canada.ca\/fr\/agence-inspection-aliments\/nouvelles\/2018\/10\/mise-sur-pied-du-conseil-canadien-de-la-sante-des-vegetaux.html\">En savoir plus.<\/a><\/p>","protected":false},"excerpt":{"rendered":"<p>La collaboration entre les gouvernements, l&#8217;industrie, le milieu universitaire et d&#8217;autres intervenants en sant\u00e9 des v\u00e9g\u00e9taux du Canada est essentielle pour prot\u00e9ger nos ressources contre les risques nouveaux et \u00e9mergents, favoriser l&#8217;innovation et veiller \u00e0 ce que l&#8217;industrie canadienne demeure concurrentielle et durable. Les partenaires en mati\u00e8re de la sant\u00e9 des v\u00e9g\u00e9taux au Canada ont [&hellip;]<\/p>\n","protected":false},"author":5,"featured_media":26111,"comment_status":"closed","ping_status":"open","sticky":false,"template":"","format":"standard","meta":{"_et_pb_use_builder":"","_et_pb_old_content":"","_et_gb_content_width":"","footnotes":""},"categories":[23],"tags":[],"class_list":["post-26109","post","type-post","status-publish","format-standard","has-post-thumbnail","hentry","category-actualites"],"yoast_head":"<!-- This site is optimized with the Yoast SEO plugin v27.4 - https:\/\/yoast.com\/product\/yoast-seo-wordpress\/ -->\n<title>Mis sur pied du Conseil canadien de la sant\u00e9 des v\u00e9g\u00e9taux - FVGC<\/title>\n<meta name=\"robots\" content=\"index, follow, max-snippet:-1, max-image-preview:large, max-video-preview:-1\" \/>\n<link rel=\"canonical\" href=\"https:\/\/fvgc.ca\/fr\/2018\/10\/12\/mis-sur-pied-du-conseil-canadien-de-la-sante-des-vegetaux\/\" \/>\n<meta property=\"og:locale\" content=\"fr_CA\" \/>\n<meta property=\"og:type\" content=\"article\" \/>\n<meta property=\"og:title\" content=\"Mis sur pied du Conseil canadien de la sant\u00e9 des v\u00e9g\u00e9taux - FVGC\" \/>\n<meta property=\"og:description\" content=\"La collaboration entre les gouvernements, l&#8217;industrie, le milieu universitaire et d&#8217;autres intervenants en sant\u00e9 des v\u00e9g\u00e9taux du Canada est essentielle pour prot\u00e9ger nos ressources contre les risques nouveaux et \u00e9mergents, favoriser l&#8217;innovation et veiller \u00e0 ce que l&#8217;industrie canadienne demeure concurrentielle et durable. Les partenaires en mati\u00e8re de la sant\u00e9 des v\u00e9g\u00e9taux au Canada ont [&hellip;]\" \/>\n<meta property=\"og:url\" content=\"https:\/\/fvgc.ca\/fr\/2018\/10\/12\/mis-sur-pied-du-conseil-canadien-de-la-sante-des-vegetaux\/\" \/>\n<meta property=\"og:site_name\" content=\"FVGC\" \/>\n<meta property=\"article:published_time\" content=\"2018-10-12T18:21:47+00:00\" \/>\n<meta property=\"article:modified_time\" content=\"2024-09-18T20:03:46+00:00\" \/>\n<meta name=\"author\" content=\"Ashley Peyrard\" \/>\n<meta name=\"twitter:card\" content=\"summary_large_image\" \/>\n<meta name=\"twitter:label1\" content=\"\u00c9crit par\" \/>\n\t<meta name=\"twitter:data1\" content=\"Ashley Peyrard\" \/>\n\t<meta name=\"twitter:label2\" content=\"Estimation du temps de lecture\" \/>\n\t<meta name=\"twitter:data2\" content=\"1 minute\" \/>\n<script type=\"application\/ld+json\" class=\"yoast-schema-graph\">{\"@context\":\"https:\\\/\\\/schema.org\",\"@graph\":[{\"@type\":\"Article\",\"@id\":\"https:\\\/\\\/fvgc.ca\\\/2018\\\/10\\\/12\\\/mis-sur-pied-du-conseil-canadien-de-la-sante-des-vegetaux\\\/#article\",\"isPartOf\":{\"@id\":\"https:\\\/\\\/fvgc.ca\\\/2018\\\/10\\\/12\\\/mis-sur-pied-du-conseil-canadien-de-la-sante-des-vegetaux\\\/\"},\"author\":{\"name\":\"Ashley Peyrard\",\"@id\":\"https:\\\/\\\/fvgc.ca\\\/#\\\/schema\\\/person\\\/5d5ec6451ef7dc9293fb481d46af0c11\"},\"headline\":\"Mis sur pied du Conseil canadien de la sant\u00e9 des v\u00e9g\u00e9taux\",\"datePublished\":\"2018-10-12T18:21:47+00:00\",\"dateModified\":\"2024-09-18T20:03:46+00:00\",\"mainEntityOfPage\":{\"@id\":\"https:\\\/\\\/fvgc.ca\\\/2018\\\/10\\\/12\\\/mis-sur-pied-du-conseil-canadien-de-la-sante-des-vegetaux\\\/\"},\"wordCount\":257,\"image\":{\"@id\":\"https:\\\/\\\/fvgc.ca\\\/2018\\\/10\\\/12\\\/mis-sur-pied-du-conseil-canadien-de-la-sante-des-vegetaux\\\/#primaryimage\"},\"thumbnailUrl\":\"\",\"articleSection\":[\"Actualit\u00e9s\"],\"inLanguage\":\"fr-CA\"},{\"@type\":\"WebPage\",\"@id\":\"https:\\\/\\\/fvgc.ca\\\/2018\\\/10\\\/12\\\/mis-sur-pied-du-conseil-canadien-de-la-sante-des-vegetaux\\\/\",\"url\":\"https:\\\/\\\/fvgc.ca\\\/2018\\\/10\\\/12\\\/mis-sur-pied-du-conseil-canadien-de-la-sante-des-vegetaux\\\/\",\"name\":\"Mis sur pied du Conseil canadien de la sant\u00e9 des v\u00e9g\u00e9taux - FVGC\",\"isPartOf\":{\"@id\":\"https:\\\/\\\/fvgc.ca\\\/#website\"},\"primaryImageOfPage\":{\"@id\":\"https:\\\/\\\/fvgc.ca\\\/2018\\\/10\\\/12\\\/mis-sur-pied-du-conseil-canadien-de-la-sante-des-vegetaux\\\/#primaryimage\"},\"image\":{\"@id\":\"https:\\\/\\\/fvgc.ca\\\/2018\\\/10\\\/12\\\/mis-sur-pied-du-conseil-canadien-de-la-sante-des-vegetaux\\\/#primaryimage\"},\"thumbnailUrl\":\"\",\"datePublished\":\"2018-10-12T18:21:47+00:00\",\"dateModified\":\"2024-09-18T20:03:46+00:00\",\"author\":{\"@id\":\"https:\\\/\\\/fvgc.ca\\\/#\\\/schema\\\/person\\\/5d5ec6451ef7dc9293fb481d46af0c11\"},\"breadcrumb\":{\"@id\":\"https:\\\/\\\/fvgc.ca\\\/2018\\\/10\\\/12\\\/mis-sur-pied-du-conseil-canadien-de-la-sante-des-vegetaux\\\/#breadcrumb\"},\"inLanguage\":\"fr-CA\",\"potentialAction\":[{\"@type\":\"ReadAction\",\"target\":[\"https:\\\/\\\/fvgc.ca\\\/2018\\\/10\\\/12\\\/mis-sur-pied-du-conseil-canadien-de-la-sante-des-vegetaux\\\/\"]}]},{\"@type\":\"ImageObject\",\"inLanguage\":\"fr-CA\",\"@id\":\"https:\\\/\\\/fvgc.ca\\\/2018\\\/10\\\/12\\\/mis-sur-pied-du-conseil-canadien-de-la-sante-des-vegetaux\\\/#primaryimage\",\"url\":\"\",\"contentUrl\":\"\"},{\"@type\":\"BreadcrumbList\",\"@id\":\"https:\\\/\\\/fvgc.ca\\\/2018\\\/10\\\/12\\\/mis-sur-pied-du-conseil-canadien-de-la-sante-des-vegetaux\\\/#breadcrumb\",\"itemListElement\":[{\"@type\":\"ListItem\",\"position\":1,\"name\":\"Home\",\"item\":\"https:\\\/\\\/fvgc.ca\\\/\"},{\"@type\":\"ListItem\",\"position\":2,\"name\":\"Mis sur pied du Conseil canadien de la sant\u00e9 des v\u00e9g\u00e9taux\"}]},{\"@type\":\"WebSite\",\"@id\":\"https:\\\/\\\/fvgc.ca\\\/#website\",\"url\":\"https:\\\/\\\/fvgc.ca\\\/\",\"name\":\"FVGC\",\"description\":\"Representing Growers Across the Country\",\"potentialAction\":[{\"@type\":\"SearchAction\",\"target\":{\"@type\":\"EntryPoint\",\"urlTemplate\":\"https:\\\/\\\/fvgc.ca\\\/?s={search_term_string}\"},\"query-input\":{\"@type\":\"PropertyValueSpecification\",\"valueRequired\":true,\"valueName\":\"search_term_string\"}}],\"inLanguage\":\"fr-CA\"},{\"@type\":\"Person\",\"@id\":\"https:\\\/\\\/fvgc.ca\\\/#\\\/schema\\\/person\\\/5d5ec6451ef7dc9293fb481d46af0c11\",\"name\":\"Ashley Peyrard\",\"url\":\"https:\\\/\\\/fvgc.ca\\\/fr\\\/author\\\/fruit-and-vegetable-growers-of-canada\\\/\"}]}<\/script>\n<!-- \/ Yoast SEO plugin. -->","yoast_head_json":{"title":"Mis sur pied du Conseil canadien de la sant\u00e9 des v\u00e9g\u00e9taux - FVGC","robots":{"index":"index","follow":"follow","max-snippet":"max-snippet:-1","max-image-preview":"max-image-preview:large","max-video-preview":"max-video-preview:-1"},"canonical":"https:\/\/fvgc.ca\/fr\/2018\/10\/12\/mis-sur-pied-du-conseil-canadien-de-la-sante-des-vegetaux\/","og_locale":"fr_CA","og_type":"article","og_title":"Mis sur pied du Conseil canadien de la sant\u00e9 des v\u00e9g\u00e9taux - FVGC","og_description":"La collaboration entre les gouvernements, l&#8217;industrie, le milieu universitaire et d&#8217;autres intervenants en sant\u00e9 des v\u00e9g\u00e9taux du Canada est essentielle pour prot\u00e9ger nos ressources contre les risques nouveaux et \u00e9mergents, favoriser l&#8217;innovation et veiller \u00e0 ce que l&#8217;industrie canadienne demeure concurrentielle et durable. Les partenaires en mati\u00e8re de la sant\u00e9 des v\u00e9g\u00e9taux au Canada ont [&hellip;]","og_url":"https:\/\/fvgc.ca\/fr\/2018\/10\/12\/mis-sur-pied-du-conseil-canadien-de-la-sante-des-vegetaux\/","og_site_name":"FVGC","article_published_time":"2018-10-12T18:21:47+00:00","article_modified_time":"2024-09-18T20:03:46+00:00","author":"Ashley Peyrard","twitter_card":"summary_large_image","twitter_misc":{"\u00c9crit par":"Ashley Peyrard","Estimation du temps de lecture":"1 minute"},"schema":{"@context":"https:\/\/schema.org","@graph":[{"@type":"Article","@id":"https:\/\/fvgc.ca\/2018\/10\/12\/mis-sur-pied-du-conseil-canadien-de-la-sante-des-vegetaux\/#article","isPartOf":{"@id":"https:\/\/fvgc.ca\/2018\/10\/12\/mis-sur-pied-du-conseil-canadien-de-la-sante-des-vegetaux\/"},"author":{"name":"Ashley Peyrard","@id":"https:\/\/fvgc.ca\/#\/schema\/person\/5d5ec6451ef7dc9293fb481d46af0c11"},"headline":"Mis sur pied du Conseil canadien de la sant\u00e9 des v\u00e9g\u00e9taux","datePublished":"2018-10-12T18:21:47+00:00","dateModified":"2024-09-18T20:03:46+00:00","mainEntityOfPage":{"@id":"https:\/\/fvgc.ca\/2018\/10\/12\/mis-sur-pied-du-conseil-canadien-de-la-sante-des-vegetaux\/"},"wordCount":257,"image":{"@id":"https:\/\/fvgc.ca\/2018\/10\/12\/mis-sur-pied-du-conseil-canadien-de-la-sante-des-vegetaux\/#primaryimage"},"thumbnailUrl":"","articleSection":["Actualit\u00e9s"],"inLanguage":"fr-CA"},{"@type":"WebPage","@id":"https:\/\/fvgc.ca\/2018\/10\/12\/mis-sur-pied-du-conseil-canadien-de-la-sante-des-vegetaux\/","url":"https:\/\/fvgc.ca\/2018\/10\/12\/mis-sur-pied-du-conseil-canadien-de-la-sante-des-vegetaux\/","name":"Mis sur pied du Conseil canadien de la sant\u00e9 des v\u00e9g\u00e9taux - FVGC","isPartOf":{"@id":"https:\/\/fvgc.ca\/#website"},"primaryImageOfPage":{"@id":"https:\/\/fvgc.ca\/2018\/10\/12\/mis-sur-pied-du-conseil-canadien-de-la-sante-des-vegetaux\/#primaryimage"},"image":{"@id":"https:\/\/fvgc.ca\/2018\/10\/12\/mis-sur-pied-du-conseil-canadien-de-la-sante-des-vegetaux\/#primaryimage"},"thumbnailUrl":"","datePublished":"2018-10-12T18:21:47+00:00","dateModified":"2024-09-18T20:03:46+00:00","author":{"@id":"https:\/\/fvgc.ca\/#\/schema\/person\/5d5ec6451ef7dc9293fb481d46af0c11"},"breadcrumb":{"@id":"https:\/\/fvgc.ca\/2018\/10\/12\/mis-sur-pied-du-conseil-canadien-de-la-sante-des-vegetaux\/#breadcrumb"},"inLanguage":"fr-CA","potentialAction":[{"@type":"ReadAction","target":["https:\/\/fvgc.ca\/2018\/10\/12\/mis-sur-pied-du-conseil-canadien-de-la-sante-des-vegetaux\/"]}]},{"@type":"ImageObject","inLanguage":"fr-CA","@id":"https:\/\/fvgc.ca\/2018\/10\/12\/mis-sur-pied-du-conseil-canadien-de-la-sante-des-vegetaux\/#primaryimage","url":"","contentUrl":""},{"@type":"BreadcrumbList","@id":"https:\/\/fvgc.ca\/2018\/10\/12\/mis-sur-pied-du-conseil-canadien-de-la-sante-des-vegetaux\/#breadcrumb","itemListElement":[{"@type":"ListItem","position":1,"name":"Home","item":"https:\/\/fvgc.ca\/"},{"@type":"ListItem","position":2,"name":"Mis sur pied du Conseil canadien de la sant\u00e9 des v\u00e9g\u00e9taux"}]},{"@type":"WebSite","@id":"https:\/\/fvgc.ca\/#website","url":"https:\/\/fvgc.ca\/","name":"FVGC","description":"Representing Growers Across the Country","potentialAction":[{"@type":"SearchAction","target":{"@type":"EntryPoint","urlTemplate":"https:\/\/fvgc.ca\/?s={search_term_string}"},"query-input":{"@type":"PropertyValueSpecification","valueRequired":true,"valueName":"search_term_string"}}],"inLanguage":"fr-CA"},{"@type":"Person","@id":"https:\/\/fvgc.ca\/#\/schema\/person\/5d5ec6451ef7dc9293fb481d46af0c11","name":"Ashley Peyrard","url":"https:\/\/fvgc.ca\/fr\/author\/fruit-and-vegetable-growers-of-canada\/"}]}},"jetpack_featured_media_url":"","_links":{"self":[{"href":"https:\/\/fvgc.ca\/fr\/wp-json\/wp\/v2\/posts\/26109","targetHints":{"allow":["GET"]}}],"collection":[{"href":"https:\/\/fvgc.ca\/fr\/wp-json\/wp\/v2\/posts"}],"about":[{"href":"https:\/\/fvgc.ca\/fr\/wp-json\/wp\/v2\/types\/post"}],"author":[{"embeddable":true,"href":"https:\/\/fvgc.ca\/fr\/wp-json\/wp\/v2\/users\/5"}],"replies":[{"embeddable":true,"href":"https:\/\/fvgc.ca\/fr\/wp-json\/wp\/v2\/comments?post=26109"}],"version-history":[{"count":0,"href":"https:\/\/fvgc.ca\/fr\/wp-json\/wp\/v2\/posts\/26109\/revisions"}],"wp:featuredmedia":[{"embeddable":true,"href":"https:\/\/fvgc.ca\/fr\/wp-json\/"}],"wp:attachment":[{"href":"https:\/\/fvgc.ca\/fr\/wp-json\/wp\/v2\/media?parent=26109"}],"wp:term":[{"taxonomy":"category","embeddable":true,"href":"https:\/\/fvgc.ca\/fr\/wp-json\/wp\/v2\/categories?post=26109"},{"taxonomy":"post_tag","embeddable":true,"href":"https:\/\/fvgc.ca\/fr\/wp-json\/wp\/v2\/tags?post=26109"}],"curies":[{"name":"wp","href":"https:\/\/api.w.org\/{rel}","templated":true}]}}