{"id":25633,"date":"2018-07-24T14:55:52","date_gmt":"2018-07-24T18:55:52","guid":{"rendered":"https:\/\/www.hortcouncil.ca\/?p=25633"},"modified":"2018-07-24T14:55:52","modified_gmt":"2018-07-24T18:55:52","slug":"les-ministres-de-lagriculture-f-p-t-engages-a-ameliorer-les-programmes-nationaux-de-gestion-des-risques-de-lentreprise","status":"publish","type":"post","link":"https:\/\/fvgc.ca\/fr\/2018\/07\/24\/les-ministres-de-lagriculture-f-p-t-engages-a-ameliorer-les-programmes-nationaux-de-gestion-des-risques-de-lentreprise\/","title":{"rendered":"Les ministres de l\u2019Agriculture F-P-T engag\u00e9s \u00e0 am\u00e9liorer les programmes nationaux de gestion des risques de l\u2019entreprise"},"content":{"rendered":"<p>Les ministres f\u00e9d\u00e9ral, provinciaux et territoriaux (F-P-T) de l\u2019Agriculture se sont r\u00e9cemment rencontr\u00e9s \u00e0 Vancouver en Colombie-Britannique du 18 au 20 juillet pour discuter d\u2019un certain nombre d\u2019enjeux agricoles, notamment des r\u00e9sultats de l\u2019examen de la gestion des risques de l\u2019entreprise (GRE) qui a \u00e9t\u00e9 r\u00e9alis\u00e9 l\u2019ann\u00e9e derni\u00e8re. Les ministres ont \u00e9cout\u00e9 un groupe de sp\u00e9cialistes qui a pr\u00e9sent\u00e9 des recommandations et ont sugg\u00e9r\u00e9 aux repr\u00e9sentants des gouvernements d\u2019implanter un plan d\u2019action. Rebecca Lee, directrice g\u00e9n\u00e9rale du Conseil canadien de l\u2019horticulture est membre du groupe consultatif ext\u00e9rieur qui s\u2019est rendu \u00e0 Vancouver pour faire la pr\u00e9sentation.<\/p>\n<p>En se basant sur le rapport du groupe, les ministres ont renouvel\u00e9 leur engagement \u00e0 am\u00e9liorer les programmes nationaux de GRE en partenariat avec le secteur de l\u2019agriculture.<\/p>\n<p>\u00ab\u00a0Les outils de gestion des risques doivent aider les agriculteurs \u00e0 travers le pays,\u00a0\u00bb explique Mme Lee. \u00ab\u00a0Nous sommes donc enchant\u00e9s que le gouvernement continuera de travailler en collaboration avec les producteurs pour trouver des solutions afin de maximiser le rendement des programmes.\u00a0\u00bb<\/p>\n<p>\u00ab\u00a0Le secteur agroalimentaire canadien a un \u00e9norme potentiel \u2013 c\u2019est un actif national strat\u00e9gique,\u00a0\u00bb dit Mark Brock, pr\u00e9sident de l\u2019AgGrowth Coalition. \u00ab\u00a0Les programmes de GRE sont des outils essentiels pour les agriculteurs qui travaillent dans un environnement mondialement concurrentiel. L\u2019engagement continu des ministres F-P-T \u00e0 am\u00e9liorer ces outils est majeur. Pour cela, nous vous en sommes reconnaissants.\u00a0\u00bb<\/p>\n<p>\u00ab\u00a0Le travail r\u00e9alis\u00e9 dans le cadre de l\u2019examen de la GRE a \u00e9t\u00e9 fructueux \u00e0 cause du partenariat entre l\u2019industrie et le gouvernement,\u00a0\u00bb dit Jeff Nielsen, vice-pr\u00e9sident de l\u2019AgGrowth Coalition. \u00ab\u00a0Nous encourageons les repr\u00e9sentants \u00e0 s\u2019attaquer \u00e0 la t\u00e2che sans d\u00e9lai et sommes impatients de travailler avec les repr\u00e9sentants F-P-T sur le plan d\u2019action pour aller de l\u2019avant.\u00a0\u00bb<\/p>\n<p>L\u2019AgGrowth Coalition pr\u00e9conise une r\u00e9forme approfondie des programmes de gestion des risques. Elle est compos\u00e9e de la F\u00e9d\u00e9ration canadienne de l\u2019agriculture, de la Canadian Canola Growers Association, des Producteurs de grains du Canada, des Grain Farmers of Ontario, du National Sheep Network, et du Conseil canadien de l\u2019horticulture.<\/p>\n<p>La Coalition vise une r\u00e9forme approfondie des programmes de gestion des risques de l\u2019entreprise pour les agriculteurs canadiens.<\/p>","protected":false},"excerpt":{"rendered":"<p>Les ministres f\u00e9d\u00e9ral, provinciaux et territoriaux (F-P-T) de l\u2019Agriculture se sont r\u00e9cemment rencontr\u00e9s \u00e0 Vancouver en Colombie-Britannique du 18 au 20 juillet pour discuter d\u2019un certain nombre d\u2019enjeux agricoles, notamment des r\u00e9sultats de l\u2019examen de la gestion des risques de l\u2019entreprise (GRE) qui a \u00e9t\u00e9 r\u00e9alis\u00e9 l\u2019ann\u00e9e derni\u00e8re. Les ministres ont \u00e9cout\u00e9 un groupe de [&hellip;]<\/p>\n","protected":false},"author":5,"featured_media":1149,"comment_status":"closed","ping_status":"open","sticky":false,"template":"","format":"standard","meta":{"_et_pb_use_builder":"","_et_pb_old_content":"","_et_gb_content_width":"","footnotes":""},"categories":[23],"tags":[61],"class_list":["post-25633","post","type-post","status-publish","format-standard","has-post-thumbnail","hentry","category-actualites","tag-gestion-de-risque-de-lentreprise"],"yoast_head":"<!-- This site is optimized with the Yoast SEO plugin v27.4 - https:\/\/yoast.com\/product\/yoast-seo-wordpress\/ -->\n<title>Les ministres de l\u2019Agriculture F-P-T engag\u00e9s \u00e0 am\u00e9liorer les programmes nationaux de gestion des risques de l\u2019entreprise - FVGC<\/title>\n<meta name=\"robots\" content=\"index, follow, max-snippet:-1, max-image-preview:large, max-video-preview:-1\" \/>\n<link rel=\"canonical\" href=\"https:\/\/fvgc.ca\/fr\/2018\/07\/24\/les-ministres-de-lagriculture-f-p-t-engages-a-ameliorer-les-programmes-nationaux-de-gestion-des-risques-de-lentreprise\/\" \/>\n<meta property=\"og:locale\" content=\"fr_CA\" \/>\n<meta property=\"og:type\" content=\"article\" \/>\n<meta property=\"og:title\" content=\"Les ministres de l\u2019Agriculture F-P-T engag\u00e9s \u00e0 am\u00e9liorer les programmes nationaux de gestion des risques de l\u2019entreprise - FVGC\" \/>\n<meta property=\"og:description\" content=\"Les ministres f\u00e9d\u00e9ral, provinciaux et territoriaux (F-P-T) de l\u2019Agriculture se sont r\u00e9cemment rencontr\u00e9s \u00e0 Vancouver en Colombie-Britannique du 18 au 20 juillet pour discuter d\u2019un certain nombre d\u2019enjeux agricoles, notamment des r\u00e9sultats de l\u2019examen de la gestion des risques de l\u2019entreprise (GRE) qui a \u00e9t\u00e9 r\u00e9alis\u00e9 l\u2019ann\u00e9e derni\u00e8re. Les ministres ont \u00e9cout\u00e9 un groupe de [&hellip;]\" \/>\n<meta property=\"og:url\" content=\"https:\/\/fvgc.ca\/fr\/2018\/07\/24\/les-ministres-de-lagriculture-f-p-t-engages-a-ameliorer-les-programmes-nationaux-de-gestion-des-risques-de-lentreprise\/\" \/>\n<meta property=\"og:site_name\" content=\"FVGC\" \/>\n<meta property=\"article:published_time\" content=\"2018-07-24T18:55:52+00:00\" \/>\n<meta name=\"author\" content=\"Ashley Peyrard\" \/>\n<meta name=\"twitter:card\" content=\"summary_large_image\" \/>\n<meta name=\"twitter:label1\" content=\"\u00c9crit par\" \/>\n\t<meta name=\"twitter:data1\" content=\"Ashley Peyrard\" \/>\n\t<meta name=\"twitter:label2\" content=\"Estimation du temps de lecture\" \/>\n\t<meta name=\"twitter:data2\" content=\"2 minutes\" \/>\n<script type=\"application\/ld+json\" class=\"yoast-schema-graph\">{\"@context\":\"https:\\\/\\\/schema.org\",\"@graph\":[{\"@type\":\"Article\",\"@id\":\"https:\\\/\\\/fvgc.ca\\\/en\\\/2018\\\/07\\\/24\\\/les-ministres-de-lagriculture-f-p-t-engages-a-ameliorer-les-programmes-nationaux-de-gestion-des-risques-de-lentreprise\\\/#article\",\"isPartOf\":{\"@id\":\"https:\\\/\\\/fvgc.ca\\\/en\\\/2018\\\/07\\\/24\\\/les-ministres-de-lagriculture-f-p-t-engages-a-ameliorer-les-programmes-nationaux-de-gestion-des-risques-de-lentreprise\\\/\"},\"author\":{\"name\":\"Ashley Peyrard\",\"@id\":\"https:\\\/\\\/fvgc.ca\\\/#\\\/schema\\\/person\\\/5d5ec6451ef7dc9293fb481d46af0c11\"},\"headline\":\"Les ministres de l\u2019Agriculture F-P-T engag\u00e9s \u00e0 am\u00e9liorer les programmes nationaux de gestion des risques de l\u2019entreprise\",\"datePublished\":\"2018-07-24T18:55:52+00:00\",\"mainEntityOfPage\":{\"@id\":\"https:\\\/\\\/fvgc.ca\\\/en\\\/2018\\\/07\\\/24\\\/les-ministres-de-lagriculture-f-p-t-engages-a-ameliorer-les-programmes-nationaux-de-gestion-des-risques-de-lentreprise\\\/\"},\"wordCount\":414,\"image\":{\"@id\":\"https:\\\/\\\/fvgc.ca\\\/en\\\/2018\\\/07\\\/24\\\/les-ministres-de-lagriculture-f-p-t-engages-a-ameliorer-les-programmes-nationaux-de-gestion-des-risques-de-lentreprise\\\/#primaryimage\"},\"thumbnailUrl\":\"\",\"keywords\":[\"gestion de risque de l'entreprise\"],\"articleSection\":[\"Actualit\u00e9s\"],\"inLanguage\":\"fr-CA\"},{\"@type\":\"WebPage\",\"@id\":\"https:\\\/\\\/fvgc.ca\\\/en\\\/2018\\\/07\\\/24\\\/les-ministres-de-lagriculture-f-p-t-engages-a-ameliorer-les-programmes-nationaux-de-gestion-des-risques-de-lentreprise\\\/\",\"url\":\"https:\\\/\\\/fvgc.ca\\\/en\\\/2018\\\/07\\\/24\\\/les-ministres-de-lagriculture-f-p-t-engages-a-ameliorer-les-programmes-nationaux-de-gestion-des-risques-de-lentreprise\\\/\",\"name\":\"Les ministres de l\u2019Agriculture F-P-T engag\u00e9s \u00e0 am\u00e9liorer les programmes nationaux de gestion des risques de l\u2019entreprise - FVGC\",\"isPartOf\":{\"@id\":\"https:\\\/\\\/fvgc.ca\\\/#website\"},\"primaryImageOfPage\":{\"@id\":\"https:\\\/\\\/fvgc.ca\\\/en\\\/2018\\\/07\\\/24\\\/les-ministres-de-lagriculture-f-p-t-engages-a-ameliorer-les-programmes-nationaux-de-gestion-des-risques-de-lentreprise\\\/#primaryimage\"},\"image\":{\"@id\":\"https:\\\/\\\/fvgc.ca\\\/en\\\/2018\\\/07\\\/24\\\/les-ministres-de-lagriculture-f-p-t-engages-a-ameliorer-les-programmes-nationaux-de-gestion-des-risques-de-lentreprise\\\/#primaryimage\"},\"thumbnailUrl\":\"\",\"datePublished\":\"2018-07-24T18:55:52+00:00\",\"author\":{\"@id\":\"https:\\\/\\\/fvgc.ca\\\/#\\\/schema\\\/person\\\/5d5ec6451ef7dc9293fb481d46af0c11\"},\"breadcrumb\":{\"@id\":\"https:\\\/\\\/fvgc.ca\\\/en\\\/2018\\\/07\\\/24\\\/les-ministres-de-lagriculture-f-p-t-engages-a-ameliorer-les-programmes-nationaux-de-gestion-des-risques-de-lentreprise\\\/#breadcrumb\"},\"inLanguage\":\"fr-CA\",\"potentialAction\":[{\"@type\":\"ReadAction\",\"target\":[\"https:\\\/\\\/fvgc.ca\\\/en\\\/2018\\\/07\\\/24\\\/les-ministres-de-lagriculture-f-p-t-engages-a-ameliorer-les-programmes-nationaux-de-gestion-des-risques-de-lentreprise\\\/\"]}]},{\"@type\":\"ImageObject\",\"inLanguage\":\"fr-CA\",\"@id\":\"https:\\\/\\\/fvgc.ca\\\/en\\\/2018\\\/07\\\/24\\\/les-ministres-de-lagriculture-f-p-t-engages-a-ameliorer-les-programmes-nationaux-de-gestion-des-risques-de-lentreprise\\\/#primaryimage\",\"url\":\"\",\"contentUrl\":\"\"},{\"@type\":\"BreadcrumbList\",\"@id\":\"https:\\\/\\\/fvgc.ca\\\/en\\\/2018\\\/07\\\/24\\\/les-ministres-de-lagriculture-f-p-t-engages-a-ameliorer-les-programmes-nationaux-de-gestion-des-risques-de-lentreprise\\\/#breadcrumb\",\"itemListElement\":[{\"@type\":\"ListItem\",\"position\":1,\"name\":\"Home\",\"item\":\"https:\\\/\\\/fvgc.ca\\\/\"},{\"@type\":\"ListItem\",\"position\":2,\"name\":\"Les ministres de l\u2019Agriculture F-P-T engag\u00e9s \u00e0 am\u00e9liorer les programmes nationaux de gestion des risques de l\u2019entreprise\"}]},{\"@type\":\"WebSite\",\"@id\":\"https:\\\/\\\/fvgc.ca\\\/#website\",\"url\":\"https:\\\/\\\/fvgc.ca\\\/\",\"name\":\"FVGC\",\"description\":\"Representing Growers Across the Country\",\"potentialAction\":[{\"@type\":\"SearchAction\",\"target\":{\"@type\":\"EntryPoint\",\"urlTemplate\":\"https:\\\/\\\/fvgc.ca\\\/?s={search_term_string}\"},\"query-input\":{\"@type\":\"PropertyValueSpecification\",\"valueRequired\":true,\"valueName\":\"search_term_string\"}}],\"inLanguage\":\"fr-CA\"},{\"@type\":\"Person\",\"@id\":\"https:\\\/\\\/fvgc.ca\\\/#\\\/schema\\\/person\\\/5d5ec6451ef7dc9293fb481d46af0c11\",\"name\":\"Ashley Peyrard\",\"url\":\"https:\\\/\\\/fvgc.ca\\\/fr\\\/author\\\/fruit-and-vegetable-growers-of-canada\\\/\"}]}<\/script>\n<!-- \/ Yoast SEO plugin. -->","yoast_head_json":{"title":"Les ministres de l\u2019Agriculture F-P-T engag\u00e9s \u00e0 am\u00e9liorer les programmes nationaux de gestion des risques de l\u2019entreprise - FVGC","robots":{"index":"index","follow":"follow","max-snippet":"max-snippet:-1","max-image-preview":"max-image-preview:large","max-video-preview":"max-video-preview:-1"},"canonical":"https:\/\/fvgc.ca\/fr\/2018\/07\/24\/les-ministres-de-lagriculture-f-p-t-engages-a-ameliorer-les-programmes-nationaux-de-gestion-des-risques-de-lentreprise\/","og_locale":"fr_CA","og_type":"article","og_title":"Les ministres de l\u2019Agriculture F-P-T engag\u00e9s \u00e0 am\u00e9liorer les programmes nationaux de gestion des risques de l\u2019entreprise - FVGC","og_description":"Les ministres f\u00e9d\u00e9ral, provinciaux et territoriaux (F-P-T) de l\u2019Agriculture se sont r\u00e9cemment rencontr\u00e9s \u00e0 Vancouver en Colombie-Britannique du 18 au 20 juillet pour discuter d\u2019un certain nombre d\u2019enjeux agricoles, notamment des r\u00e9sultats de l\u2019examen de la gestion des risques de l\u2019entreprise (GRE) qui a \u00e9t\u00e9 r\u00e9alis\u00e9 l\u2019ann\u00e9e derni\u00e8re. Les ministres ont \u00e9cout\u00e9 un groupe de [&hellip;]","og_url":"https:\/\/fvgc.ca\/fr\/2018\/07\/24\/les-ministres-de-lagriculture-f-p-t-engages-a-ameliorer-les-programmes-nationaux-de-gestion-des-risques-de-lentreprise\/","og_site_name":"FVGC","article_published_time":"2018-07-24T18:55:52+00:00","author":"Ashley Peyrard","twitter_card":"summary_large_image","twitter_misc":{"\u00c9crit par":"Ashley Peyrard","Estimation du temps de lecture":"2 minutes"},"schema":{"@context":"https:\/\/schema.org","@graph":[{"@type":"Article","@id":"https:\/\/fvgc.ca\/en\/2018\/07\/24\/les-ministres-de-lagriculture-f-p-t-engages-a-ameliorer-les-programmes-nationaux-de-gestion-des-risques-de-lentreprise\/#article","isPartOf":{"@id":"https:\/\/fvgc.ca\/en\/2018\/07\/24\/les-ministres-de-lagriculture-f-p-t-engages-a-ameliorer-les-programmes-nationaux-de-gestion-des-risques-de-lentreprise\/"},"author":{"name":"Ashley Peyrard","@id":"https:\/\/fvgc.ca\/#\/schema\/person\/5d5ec6451ef7dc9293fb481d46af0c11"},"headline":"Les ministres de l\u2019Agriculture F-P-T engag\u00e9s \u00e0 am\u00e9liorer les programmes nationaux de gestion des risques de l\u2019entreprise","datePublished":"2018-07-24T18:55:52+00:00","mainEntityOfPage":{"@id":"https:\/\/fvgc.ca\/en\/2018\/07\/24\/les-ministres-de-lagriculture-f-p-t-engages-a-ameliorer-les-programmes-nationaux-de-gestion-des-risques-de-lentreprise\/"},"wordCount":414,"image":{"@id":"https:\/\/fvgc.ca\/en\/2018\/07\/24\/les-ministres-de-lagriculture-f-p-t-engages-a-ameliorer-les-programmes-nationaux-de-gestion-des-risques-de-lentreprise\/#primaryimage"},"thumbnailUrl":"","keywords":["gestion de risque de l'entreprise"],"articleSection":["Actualit\u00e9s"],"inLanguage":"fr-CA"},{"@type":"WebPage","@id":"https:\/\/fvgc.ca\/en\/2018\/07\/24\/les-ministres-de-lagriculture-f-p-t-engages-a-ameliorer-les-programmes-nationaux-de-gestion-des-risques-de-lentreprise\/","url":"https:\/\/fvgc.ca\/en\/2018\/07\/24\/les-ministres-de-lagriculture-f-p-t-engages-a-ameliorer-les-programmes-nationaux-de-gestion-des-risques-de-lentreprise\/","name":"Les ministres de l\u2019Agriculture F-P-T engag\u00e9s \u00e0 am\u00e9liorer les programmes nationaux de gestion des risques de l\u2019entreprise - FVGC","isPartOf":{"@id":"https:\/\/fvgc.ca\/#website"},"primaryImageOfPage":{"@id":"https:\/\/fvgc.ca\/en\/2018\/07\/24\/les-ministres-de-lagriculture-f-p-t-engages-a-ameliorer-les-programmes-nationaux-de-gestion-des-risques-de-lentreprise\/#primaryimage"},"image":{"@id":"https:\/\/fvgc.ca\/en\/2018\/07\/24\/les-ministres-de-lagriculture-f-p-t-engages-a-ameliorer-les-programmes-nationaux-de-gestion-des-risques-de-lentreprise\/#primaryimage"},"thumbnailUrl":"","datePublished":"2018-07-24T18:55:52+00:00","author":{"@id":"https:\/\/fvgc.ca\/#\/schema\/person\/5d5ec6451ef7dc9293fb481d46af0c11"},"breadcrumb":{"@id":"https:\/\/fvgc.ca\/en\/2018\/07\/24\/les-ministres-de-lagriculture-f-p-t-engages-a-ameliorer-les-programmes-nationaux-de-gestion-des-risques-de-lentreprise\/#breadcrumb"},"inLanguage":"fr-CA","potentialAction":[{"@type":"ReadAction","target":["https:\/\/fvgc.ca\/en\/2018\/07\/24\/les-ministres-de-lagriculture-f-p-t-engages-a-ameliorer-les-programmes-nationaux-de-gestion-des-risques-de-lentreprise\/"]}]},{"@type":"ImageObject","inLanguage":"fr-CA","@id":"https:\/\/fvgc.ca\/en\/2018\/07\/24\/les-ministres-de-lagriculture-f-p-t-engages-a-ameliorer-les-programmes-nationaux-de-gestion-des-risques-de-lentreprise\/#primaryimage","url":"","contentUrl":""},{"@type":"BreadcrumbList","@id":"https:\/\/fvgc.ca\/en\/2018\/07\/24\/les-ministres-de-lagriculture-f-p-t-engages-a-ameliorer-les-programmes-nationaux-de-gestion-des-risques-de-lentreprise\/#breadcrumb","itemListElement":[{"@type":"ListItem","position":1,"name":"Home","item":"https:\/\/fvgc.ca\/"},{"@type":"ListItem","position":2,"name":"Les ministres de l\u2019Agriculture F-P-T engag\u00e9s \u00e0 am\u00e9liorer les programmes nationaux de gestion des risques de l\u2019entreprise"}]},{"@type":"WebSite","@id":"https:\/\/fvgc.ca\/#website","url":"https:\/\/fvgc.ca\/","name":"FVGC","description":"Representing Growers Across the Country","potentialAction":[{"@type":"SearchAction","target":{"@type":"EntryPoint","urlTemplate":"https:\/\/fvgc.ca\/?s={search_term_string}"},"query-input":{"@type":"PropertyValueSpecification","valueRequired":true,"valueName":"search_term_string"}}],"inLanguage":"fr-CA"},{"@type":"Person","@id":"https:\/\/fvgc.ca\/#\/schema\/person\/5d5ec6451ef7dc9293fb481d46af0c11","name":"Ashley Peyrard","url":"https:\/\/fvgc.ca\/fr\/author\/fruit-and-vegetable-growers-of-canada\/"}]}},"jetpack_featured_media_url":"","_links":{"self":[{"href":"https:\/\/fvgc.ca\/fr\/wp-json\/wp\/v2\/posts\/25633","targetHints":{"allow":["GET"]}}],"collection":[{"href":"https:\/\/fvgc.ca\/fr\/wp-json\/wp\/v2\/posts"}],"about":[{"href":"https:\/\/fvgc.ca\/fr\/wp-json\/wp\/v2\/types\/post"}],"author":[{"embeddable":true,"href":"https:\/\/fvgc.ca\/fr\/wp-json\/wp\/v2\/users\/5"}],"replies":[{"embeddable":true,"href":"https:\/\/fvgc.ca\/fr\/wp-json\/wp\/v2\/comments?post=25633"}],"version-history":[{"count":0,"href":"https:\/\/fvgc.ca\/fr\/wp-json\/wp\/v2\/posts\/25633\/revisions"}],"wp:featuredmedia":[{"embeddable":true,"href":"https:\/\/fvgc.ca\/fr\/wp-json\/"}],"wp:attachment":[{"href":"https:\/\/fvgc.ca\/fr\/wp-json\/wp\/v2\/media?parent=25633"}],"wp:term":[{"taxonomy":"category","embeddable":true,"href":"https:\/\/fvgc.ca\/fr\/wp-json\/wp\/v2\/categories?post=25633"},{"taxonomy":"post_tag","embeddable":true,"href":"https:\/\/fvgc.ca\/fr\/wp-json\/wp\/v2\/tags?post=25633"}],"curies":[{"name":"wp","href":"https:\/\/api.w.org\/{rel}","templated":true}]}}